{"id":2674,"date":"2012-08-26T10:21:32","date_gmt":"2012-08-26T10:21:32","guid":{"rendered":"http:\/\/new.atmf.org\/?p=2674"},"modified":"2015-02-20T15:33:58","modified_gmt":"2015-02-20T14:33:58","slug":"declaration-de-l-odt-travailleurs-2","status":"publish","type":"post","link":"https:\/\/www.atmf.org\/?p=2674","title":{"rendered":"D\u00e9claration de l\u2019ODT-travailleurs immigr\u00e9s au Maroc relative \u00e0 la manifestation de protestation organis\u00e9e devant les ambassades"},"content":{"rendered":"<p>Le jeudi 23 aout 2012.<\/p>\n<p>Le jeudi 23 aout 2012, un groupe de personnes d\u2019origine de l\u2019Afrique subsaharienne a organis\u00e9 des manifestations de protestation devant les ambassades et des repr\u00e9sentations diplomatiques des pays subsahariens tels que : Le CAMEROUN, LA COTE D\u2019IVOIRE, LA MAURITANIE, LE MALI, LE S\u00c9N\u00c9GAL etc\u2026<\/p>\n<p>Selon l\u2019information parvenue \u00e0 la direction de l\u2019ODT- Travailleurs Immigr\u00e9s, ces personnes ont men\u00e9 ces actions en vue de protester contre les agressions physiques dont sont impun\u00e9ment victimes les personnes d\u2019origines subsahariennes et particuli\u00e8rement contre les arrestations survenues pendant et apr\u00e8s la f\u00eate du Ramadan.-<\/p>\n<p>&#8211; L\u2019ODT- Travailleurs Immigr\u00e9s dont les objectifs et la raison d\u2019\u00eatre ne sont autres que la lutte pour la d\u00e9fense et le respect des droits de tous les travailleurs et travailleuses immigr\u00e9s sans distinction ;<\/p>\n<p>&#8211; Reste sensible et demeure attentive et solidaire aux souffrances et frustrations ayant motiv\u00e9es ces manifestants \u00e0 entreprendre de telles actions.<\/p>\n<p>&#8211; Interpelle une fois de plus, les autorit\u00e9s juridiques et polici\u00e8res marocaine \u00e0 redoubler d\u2019attention, de vigilance et de moyen dans la lutte contre les violences des droits et atteintes \u00e0 l\u2019int\u00e9grit\u00e9 physique et morale dont sont particuli\u00e8rement victimes les personnes immigr\u00e9es , surtout celles d\u2019origine subsaharienne.<\/p>\n<p>&#8211; l\u2019ODT \u2013 Travailleurs Immigr\u00e9s exhorte toutes les associations de d\u00e9fense des droits de l\u2019homme engag\u00e9es dans la migration \u00e0 soutenir de pr\u00e8s ou de loin les actions de tous les immigr\u00e9s particuli\u00e8rement celles de l\u2019ODT-T.I.M dans le but de la r\u00e9gularisation des immigr\u00e9s sans papier.<\/p>\n<p>&#8211; Invite toutes les personnes sensibles aux souffrances et aux difficult\u00e9s de tous les immigr\u00e9s du monde en g\u00e9n\u00e9ral et ceux du Maroc en particulier , avec ou sans papiers, victimes ou non de la violation, \u00e0 la rejoindre dans toutes ses actions dans la lutte pour le respect des droits des personnes migrantes, car c\u2019est dans l\u2019unit\u00e9 et la solidarit\u00e9 dans l\u2019action syndicale que nous serons mieux arm\u00e9s et plus forts dans la lutte pour le respect de nos droits physiques, moraux, socio-culturels et professionnels.<\/p>\n<p>&#8211; Cependant, l\u2019ODT-Travailleurs Immigr\u00e9s tient \u00e0 interpeller ces fr\u00e8res et s\u0153urs sur la n\u00e9cessit\u00e9 de revendiquer dans un cadre ordonn\u00e9 et dans le respect de la loi en vigueur du pays d\u2019accueil ( en l\u2019occurrence le Maroc), ceci pour une meilleure prise en compte et une respectabilit\u00e9 accrue de nos pr\u00e9occupations et dol\u00e9ances par les autorit\u00e9 marocaines.<\/p>\n<p>Fait \u00e0 El Jadida, ce vendredi 24\/08\/2012<\/p>\n<p>Marcel AMIYETO<\/p>\n<p>Secr\u00e9taire G\u00e9n\u00e9ral<\/p>\n<p>Contact : mailto:odt.travailleursimmigr%C3%A9s@gmail.com,marcelamiyeto@yahoo.fr<\/p>\n<p>T\u00e9l : (00212) 0659 065 030, (00212) 0533 812 684, (00212) 0537 201 501.<\/p>\n","protected":false},"excerpt":{"rendered":"<p>Le jeudi 23 aout 2012. Le jeudi 23 aout 2012, un groupe de personnes d\u2019origine de l\u2019Afrique subsaharienne a organis\u00e9 des manifestations de protestation devant les ambassades et des repr\u00e9sentations diplomatiques des pays subsahariens tels que : Le CAMEROUN, LA &hellip; <a href=\"https:\/\/www.atmf.org\/?p=2674\">Continue reading <span class=\"meta-nav\">&rarr;<\/span><\/a><\/p>\n","protected":false},"author":1,"featured_media":0,"comment_status":"closed","ping_status":"closed","sticky":false,"template":"","format":"standard","meta":{"ngg_post_thumbnail":0,"_monsterinsights_skip_tracking":false,"_monsterinsights_sitenote_active":false,"_monsterinsights_sitenote_note":"","_monsterinsights_sitenote_category":0,"footnotes":""},"categories":[79],"tags":[],"class_list":["post-2674","post","type-post","status-publish","format-standard","hentry","category-maghreb"],"_links":{"self":[{"href":"https:\/\/www.atmf.org\/index.php?rest_route=\/wp\/v2\/posts\/2674","targetHints":{"allow":["GET"]}}],"collection":[{"href":"https:\/\/www.atmf.org\/index.php?rest_route=\/wp\/v2\/posts"}],"about":[{"href":"https:\/\/www.atmf.org\/index.php?rest_route=\/wp\/v2\/types\/post"}],"author":[{"embeddable":true,"href":"https:\/\/www.atmf.org\/index.php?rest_route=\/wp\/v2\/users\/1"}],"replies":[{"embeddable":true,"href":"https:\/\/www.atmf.org\/index.php?rest_route=%2Fwp%2Fv2%2Fcomments&post=2674"}],"version-history":[{"count":2,"href":"https:\/\/www.atmf.org\/index.php?rest_route=\/wp\/v2\/posts\/2674\/revisions"}],"predecessor-version":[{"id":3373,"href":"https:\/\/www.atmf.org\/index.php?rest_route=\/wp\/v2\/posts\/2674\/revisions\/3373"}],"wp:attachment":[{"href":"https:\/\/www.atmf.org\/index.php?rest_route=%2Fwp%2Fv2%2Fmedia&parent=2674"}],"wp:term":[{"taxonomy":"category","embeddable":true,"href":"https:\/\/www.atmf.org\/index.php?rest_route=%2Fwp%2Fv2%2Fcategories&post=2674"},{"taxonomy":"post_tag","embeddable":true,"href":"https:\/\/www.atmf.org\/index.php?rest_route=%2Fwp%2Fv2%2Ftags&post=2674"}],"curies":[{"name":"wp","href":"https:\/\/api.w.org\/{rel}","templated":true}]}}