{"id":2675,"date":"2012-08-31T10:42:35","date_gmt":"2012-08-31T10:42:35","guid":{"rendered":"http:\/\/new.atmf.org\/?p=2675"},"modified":"2015-02-20T15:40:05","modified_gmt":"2015-02-20T14:40:05","slug":"odt-travailleurs-immigres-au-maroc-2","status":"publish","type":"post","link":"https:\/\/www.atmf.org\/?p=2675","title":{"rendered":"ODT- Travailleurs  Immigr\u00e9s au Maroc"},"content":{"rendered":"<p><b>Suite \u00e0 la d\u00e9claration du ministre de l\u2019emploi et de la formation professionnelle marocain sur le ch\u00f4mage d\u00fb aux flux migratoires au Maroc.<\/b><\/p>\n<p>Le jeudi 07 juillet 2012, le ministre de l\u2019emploi et de la formation professionnelle, monsieur Abdelouahed SOUHAIL, intervenant lors d\u2019un forum du conseil \u00e9conomique et social des Nations Unis sur la crise de l\u2019emploi des jeunes, a d\u00e9clar\u00e9 : \u00ab les flux migratoires amplifient la crise de l\u2019emploi au Maroc et peuvent aussi influer n\u00e9gativement sur les r\u00e9alisations des politiques nationales, en les rendant inefficientes et insuffisantes pour absorber l\u2019important flux migratoire \u00bb. Il a, entre autre mis l\u2019accent sur \u00ab l\u2019afflux des subsahariens sur le Maroc et l\u2019int\u00e9r\u00eat grandissant affich\u00e9 par les ressortissants des pays du nord (&#8230;) \u00bb<\/p>\n<p>Face \u00e0 ces d\u00e9clarations graves de nature discriminatoire, stigmatisant et \u00e0 caract\u00e8re x\u00e9nophobe,<\/p>\n<p>L\u2019Organisation D\u00e9mocratique du Travail- Travailleurs Immigr\u00e9s au Maroc ( ODT-T.I.M ) dont les objectifs et la raison d\u2019\u00eatre ne sont autres que la lutte pour la protection et le respect des droits physiques, moraux , sociaux , culturels et professionnels de tous les travailleurs et travailleuses immigr\u00e9s du Maroc sans distinction ;<\/p>\n<p>Tient tout d\u2019abord afin d\u2019\u00e9clairer la lanterne de tous et lever tout \u00e9quivoque sur la question des travailleurs immigr\u00e9s au Maroc, \u00e0 r\u00e9tablir les faits dans leur v\u00e9rit\u00e9 et leur r\u00e9alit\u00e9 historiques en chiffres :<\/p>\n<p>1. selon le dernier recensement g\u00e9n\u00e9ral de la population et de l\u2019habitat (RGPH) r\u00e9alis\u00e9 par le Haut Commissariat au Plan (HCP) en 2004, le nombre d\u2019\u00e9trangers officiellement r\u00e9sidents n\u2019\u00e9tait que 51.435 personnes, soit 0,17% de la population totale recens\u00e9e \u00e0 cette date. En 1960, quatre ans apr\u00e8s l\u2019ind\u00e9pendance du pays, le Maroc comptait 396.000 \u00e9trangers. 44 ans apr\u00e8s, il n\u2019en restait plus que 50.000. Aujourd\u2019hui en 2012, 8 ans apr\u00e8s, l\u2019on ne sait exactement l\u2019\u00e9volution de cette population d\u2019\u00e9trangers. Mais une chose est certaine, quelque soit l\u2019ampleur des \u00e9v\u00e9nements en Europe (crise \u00e9conomique), et en Afrique subsaharienne ces derni\u00e8res ann\u00e9es (conflit de guerre, ch\u00f4mage, pauvret\u00e9 &#8230;) le nombre d\u2019\u00e9trangers au Maroc ne d\u00e9passera pas 1% de la population totale au prochain recensement pr\u00e9vu en 2014.<\/p>\n<p>2. selon les statistiques du d\u00e9partement de l\u2019emploi (ANAPEC), les salari\u00e9s \u00e9trangers \u00e0 la fin de l\u2019ann\u00e9e 2011 sont un peu moins de 9.000 personnes, ce qui repr\u00e9sente moins de 0,1% de la population activ\u00e9e qui est de 10,3 million ou moins de 1% de la population de ch\u00f4meurs marocains qui est au dernier chiffres de 1,3 million personnes soit 10% .<\/p>\n<p>3. en outre la population totale des subsahariens en situation l\u00e9gale ou ill\u00e9gale au Maroc, travailleurs et non- travailleurs compris, est estim\u00e9e \u00e0 ce jour, selon le minist\u00e8re de l\u2019int\u00e9rieur \u00e0 moins de 15.000 personnes, soit 0,03% de la population marocaine totale, tr\u00e8s insignifiant en comparaison des 4 millions de marocains vivant \u00e0 l\u2019\u00e9tranger.<\/p>\n<p>Eu \u00e9gard \u00e0 ces donn\u00e9es de source officielle, une question cruciale est \u00e0 poser : comment serait \u2013 il possible que le 10% de ch\u00f4meurs Marocains souffriraient tant de la pr\u00e9sence des travailleurs immigres qui n\u2019atteignent m\u00eame pas le seuil des 1% ?<\/p>\n<p>L\u2019Organisation D\u00e9mocratique des Travailleurs Immigr\u00e9s, membre de la centrale syndicale ODT :<\/p>\n<p>\u00d8 exprime ses inqui\u00e9tudes et d\u00e9nonce l\u2019acharnement dont sont l\u2019objet les travailleurs \u00e9trangers en g\u00e9n\u00e9ral et des subsahariens en particulier ;<\/p>\n<p>\u00d8 s\u2019indigne et condamne avec la derni\u00e8re \u00e9nergie ces propos de nature \u00e0 inciter la population (surtout de sans emploi marocains) \u00e0 la haine et au ressentiment envers les immigr\u00e9s au Maroc ;<\/p>\n<p>\u00d8 appelle Monsieur le ministre de l\u2019emploi et de la formation professionnelle ainsi que tous les d\u00e9cideurs et parlementaires \u00e0 faire preuve de retenue et de sens de la responsabilit\u00e9 en \u00e9vitant des d\u00e9clarations pouvant avoir des cons\u00e9quences d\u00e9plorables sur la situation et les conditions de vie des personnes migrantes en g\u00e9n\u00e9ral et des ressortissants subsahariens en particulier, \u00e0 l\u2019image des \u00e9v\u00e8nement qui se sont d\u00e9roul\u00e9s en Afrique du Sud en 2008 o\u00f9 des travailleurs Zimbabw\u00e9ens ont \u00e9t\u00e9 massacr\u00e9s par des ch\u00f4meurs sud africains, en Italie ou les immigr\u00e9s ont \u00e9t\u00e9 pris en partie par des italiens.<\/p>\n<p>\u00d8 Salut toutes les personnes et organisations de d\u00e9fense des droits des migrants qui ont vigoureusement d\u00e9nonc\u00e9 les propos du ministre de l\u2019emploi marocain et les assure de son soutien continu dans toutes les actions de ce genre.<\/p>\n<p>Fait \u00e0 El Jadida, ce jeudi 30\/08\/2012.<\/p>\n<p>Marcel AMIYETO<\/p>\n","protected":false},"excerpt":{"rendered":"<p>Suite \u00e0 la d\u00e9claration du ministre de l\u2019emploi et de la formation professionnelle marocain sur le ch\u00f4mage d\u00fb aux flux migratoires au Maroc. Le jeudi 07 juillet 2012, le ministre de l\u2019emploi et de la formation professionnelle, monsieur Abdelouahed SOUHAIL, &hellip; <a href=\"https:\/\/www.atmf.org\/?p=2675\">Continue reading <span class=\"meta-nav\">&rarr;<\/span><\/a><\/p>\n","protected":false},"author":1,"featured_media":0,"comment_status":"closed","ping_status":"closed","sticky":false,"template":"","format":"standard","meta":{"ngg_post_thumbnail":0,"_monsterinsights_skip_tracking":false,"_monsterinsights_sitenote_active":false,"_monsterinsights_sitenote_note":"","_monsterinsights_sitenote_category":0,"footnotes":""},"categories":[82,79,47],"tags":[],"class_list":["post-2675","post","type-post","status-publish","format-standard","hentry","category-communiques","category-maghreb","category-migrants-sans-frontieres"],"_links":{"self":[{"href":"https:\/\/www.atmf.org\/index.php?rest_route=\/wp\/v2\/posts\/2675","targetHints":{"allow":["GET"]}}],"collection":[{"href":"https:\/\/www.atmf.org\/index.php?rest_route=\/wp\/v2\/posts"}],"about":[{"href":"https:\/\/www.atmf.org\/index.php?rest_route=\/wp\/v2\/types\/post"}],"author":[{"embeddable":true,"href":"https:\/\/www.atmf.org\/index.php?rest_route=\/wp\/v2\/users\/1"}],"replies":[{"embeddable":true,"href":"https:\/\/www.atmf.org\/index.php?rest_route=%2Fwp%2Fv2%2Fcomments&post=2675"}],"version-history":[{"count":2,"href":"https:\/\/www.atmf.org\/index.php?rest_route=\/wp\/v2\/posts\/2675\/revisions"}],"predecessor-version":[{"id":3379,"href":"https:\/\/www.atmf.org\/index.php?rest_route=\/wp\/v2\/posts\/2675\/revisions\/3379"}],"wp:attachment":[{"href":"https:\/\/www.atmf.org\/index.php?rest_route=%2Fwp%2Fv2%2Fmedia&parent=2675"}],"wp:term":[{"taxonomy":"category","embeddable":true,"href":"https:\/\/www.atmf.org\/index.php?rest_route=%2Fwp%2Fv2%2Fcategories&post=2675"},{"taxonomy":"post_tag","embeddable":true,"href":"https:\/\/www.atmf.org\/index.php?rest_route=%2Fwp%2Fv2%2Ftags&post=2675"}],"curies":[{"name":"wp","href":"https:\/\/api.w.org\/{rel}","templated":true}]}}