{"id":2682,"date":"2012-09-11T10:30:19","date_gmt":"2012-09-11T10:30:19","guid":{"rendered":"http:\/\/new.atmf.org\/?p=2682"},"modified":"2015-02-20T12:35:25","modified_gmt":"2015-02-20T11:35:25","slug":"pour-un-maghreb-des-peuples-libre-2","status":"publish","type":"post","link":"https:\/\/www.atmf.org\/?p=2682","title":{"rendered":"POUR UN MAGHREB DES PEUPLES LIBRE, DEMOCRATIQUE ET SOLIDAIRE"},"content":{"rendered":"<p>Stand anim\u00e9 par : AMF ; ATMF ; FTCR ; UTIT ; ADTF ; ASDHOM ; CRLDHT ; CMODH ; Mouvement du 20 f\u00e9vrier ; AFAPREDESA ; APCV ; Sortir du colonialisme<\/p>\n<p><b>Programme :<\/b><\/p>\n<p>&#8211; Vendredi 14\/09 : Pot d&rsquo;accueil et quelques mots des invit\u00e9 e s de 18h \u00e0 19h, suivi de la soir\u00e9e musicale avec la fanfare VENT DE PANIQUE<\/p>\n<p>&#8211; Samedi 15\/09 \u00e0 14h : D\u00e9bat sur le Forum Social Mondial Tunis 2013<\/p>\n<p>Avec : Christophe AGUITTON , Hafidh HFAIEDH (UGTT-Tunisie) et Sa\u00efda GUARRACH (ATFD-Tunisie)<\/p>\n<p>&#8211; Samedi \u00e0 16h : D\u00e9bat sur les discriminations : Vieux migrants\/subsahariens<\/p>\n<p>Avec : Fabien Didier YENE, Boualam AZAHOUM, Saddik GUITTOUNE.<\/p>\n<p>&#8211; Samedi 18h : Pr\u00e9sentation artistique par des anciens prisonniers politiques marocains<\/p>\n<p>Suivie de soir\u00e9e musicale avec : Sa\u00eed Mesnaoui (cha\u00e2bi, gnawi\u2026) et la fanfare VENT DE PANIQUE<\/p>\n<p>&#8211; Dimanche 16\/09 \u00e0 11h : D\u00e9bat et t\u00e9moignages sur la participation des femmes dans les luttes au Maghreb, avec Sanhaja AKROUF (Alg\u00e9rie) et Sa\u00efda GARRACH (Tunisie), anim\u00e9 par Fatima HAR (ATMF)<\/p>\n<p>DDurant ces trois jours, cette programmation sera accompagn\u00e9e de rencontres et d\u2019\u00e9changes avec les militantes et les militants de l\u2019immigration, autour de diverses boissons et de sp\u00e9cialit\u00e9s maghr\u00e9bines :couscous, grillades\u2026<\/p>\n<p><b>F\u00caTE DE L\u2019HUMANIT\u00c9,<\/b><\/p>\n<p>STAND N.63 RUE S. ALLENDE<\/p>\n<p>VILLAGE DU MONDE<\/p>\n<p>&#8212;&#8212;&#8212;&#8212;&#8212;&#8212;&#8212;&#8212;&#8212;&#8212;<br \/>\nLa F\u00eate de l\u2019Humanit\u00e9 se d\u00e9roule dans le Parc d\u00e9partemental Georges Valbon \u00e0 La Courneuve (93)<br \/>\n<iframe loading=\"lazy\" src=\"https:\/\/maps.google.fr\/maps?f=q&amp;source=s_q&amp;hl=fr&amp;geocode=&amp;q=Parc+d%C3%A9partemental+Georges+Valbon+%C3%A0+La+Courneuve+(93)&amp;sll=46.22475,2.0517&amp;sspn=19.52493,46.538086&amp;ie=UTF8&amp;hq=Parc+d%C3%A9partemental+Georges+Valbon&amp;hnear=La+Courneuve,+Seine-Saint-Denis,+%C3%8Ele-de-France&amp;t=m&amp;ll=48.941688,2.397234&amp;spn=0.022585,0.006295&amp;output=embed\" width=\"425\" height=\"350\" frameborder=\"0\" marginwidth=\"0\" marginheight=\"0\" scrolling=\"no\"><\/iframe><br \/>\n<small><a style=\"color: #0000ff; text-align: left;\" href=\"https:\/\/maps.google.fr\/maps?f=q&amp;source=embed&amp;hl=fr&amp;geocode=&amp;q=Parc+d%C3%A9partemental+Georges+Valbon+%C3%A0+La+Courneuve+(93)&amp;sll=46.22475,2.0517&amp;sspn=19.52493,46.538086&amp;ie=UTF8&amp;hq=Parc+d%C3%A9partemental+Georges+Valbon&amp;hnear=La+Courneuve,+Seine-Saint-Denis,+%C3%8Ele-de-France&amp;t=m&amp;ll=48.941688,2.397234&amp;spn=0.022585,0.006295\">Agrandir le plan<\/a><\/small><\/p>\n<p>Pour plus de renseignement : http:\/\/fete.humanite.fr\/<\/p>\n","protected":false},"excerpt":{"rendered":"<p>Stand anim\u00e9 par : AMF ; ATMF ; FTCR ; UTIT ; ADTF ; ASDHOM ; CRLDHT ; CMODH ; Mouvement du 20 f\u00e9vrier ; AFAPREDESA ; APCV ; Sortir du colonialisme Programme : &#8211; Vendredi 14\/09 : Pot d&rsquo;accueil &hellip; <a href=\"https:\/\/www.atmf.org\/?p=2682\">Continue reading <span class=\"meta-nav\">&rarr;<\/span><\/a><\/p>\n","protected":false},"author":1,"featured_media":0,"comment_status":"closed","ping_status":"closed","sticky":false,"template":"","format":"standard","meta":{"ngg_post_thumbnail":0,"_monsterinsights_skip_tracking":false,"_monsterinsights_sitenote_active":false,"_monsterinsights_sitenote_note":"","_monsterinsights_sitenote_category":0,"footnotes":""},"categories":[79],"tags":[],"class_list":["post-2682","post","type-post","status-publish","format-standard","hentry","category-maghreb"],"_links":{"self":[{"href":"https:\/\/www.atmf.org\/index.php?rest_route=\/wp\/v2\/posts\/2682","targetHints":{"allow":["GET"]}}],"collection":[{"href":"https:\/\/www.atmf.org\/index.php?rest_route=\/wp\/v2\/posts"}],"about":[{"href":"https:\/\/www.atmf.org\/index.php?rest_route=\/wp\/v2\/types\/post"}],"author":[{"embeddable":true,"href":"https:\/\/www.atmf.org\/index.php?rest_route=\/wp\/v2\/users\/1"}],"replies":[{"embeddable":true,"href":"https:\/\/www.atmf.org\/index.php?rest_route=%2Fwp%2Fv2%2Fcomments&post=2682"}],"version-history":[{"count":1,"href":"https:\/\/www.atmf.org\/index.php?rest_route=\/wp\/v2\/posts\/2682\/revisions"}],"predecessor-version":[{"id":3330,"href":"https:\/\/www.atmf.org\/index.php?rest_route=\/wp\/v2\/posts\/2682\/revisions\/3330"}],"wp:attachment":[{"href":"https:\/\/www.atmf.org\/index.php?rest_route=%2Fwp%2Fv2%2Fmedia&parent=2682"}],"wp:term":[{"taxonomy":"category","embeddable":true,"href":"https:\/\/www.atmf.org\/index.php?rest_route=%2Fwp%2Fv2%2Fcategories&post=2682"},{"taxonomy":"post_tag","embeddable":true,"href":"https:\/\/www.atmf.org\/index.php?rest_route=%2Fwp%2Fv2%2Ftags&post=2682"}],"curies":[{"name":"wp","href":"https:\/\/api.w.org\/{rel}","templated":true}]}}