{"id":2689,"date":"2012-10-03T09:42:44","date_gmt":"2012-10-03T09:42:44","guid":{"rendered":"http:\/\/new.atmf.org\/?p=2689"},"modified":"2012-10-03T09:42:44","modified_gmt":"2012-10-03T09:42:44","slug":"dix-ans-apres-la-fermeture-du-camp-2","status":"publish","type":"post","link":"https:\/\/www.atmf.org\/?p=2689","title":{"rendered":"Dix ans apr\u00e8s la fermeture du camp de Sangatte, plus de r\u00e9pression que jamais \u00e0 Calais"},"content":{"rendered":"<p>A Calais, la police a mis \u00e0 sac le 25 septembre 2012 le lieu de distribution des repas qui avait jusqu&#8217;alors b\u00e9n\u00e9fici\u00e9 d&#8217;une relative immunit\u00e9. Des organisations humanitaires pouvaient ainsi y assurer une minimum d&#8217;assistance aux exil\u00e9s et demandeurs d&#8217;asile abandonn\u00e9s \u00e0 la rue. Pr\u00e8s d&#8217;une vingtaine de personnes ont \u00e9t\u00e9 interpell\u00e9es et plac\u00e9es en r\u00e9tention.<\/p>\n<p>En d\u00e9cembre, il y aura dix ans que Nicolas Sarkozy d\u00e9truisait le tristement c\u00e9l\u00e8bre camp de Sangatte, annon\u00e7ant urbi et orbi que cette fermeture entra\u00eenerait l&#8217;arr\u00eat de toute nouvelle arriv\u00e9e d&#8217;\u00e9trangers sur les rivages de la Manche et de la Mer du Nord. Comme la proph\u00e9tie ne s&#8217;est \u00e9videmment pas r\u00e9alis\u00e9e, il a ensuite charg\u00e9 MM. Hortefeux, Besson et Gu\u00e9ant de rendre invisibles celles et ceux qui mettaient \u00e0 mal ses pr\u00e9visions \u00e0 coup d&#8217;op\u00e9rations polici\u00e8res. Sous la pr\u00e9sidence de Fran\u00e7ois Hollande, rien ne change. Au lieu de tirer des conclusions r\u00e9alistes de l&#8217;\u00e9chec des pr\u00e9d\u00e9cesseurs, on poursuit leur strat\u00e9gie en la durcissant. On s&#8217;attaque m\u00eame au dernier espace humanitaire o\u00f9 les exil\u00e9s pouvaient esp\u00e9rer un peu de paix et de r\u00e9confort.<\/p>\n<p>Chasse aux Roms, poursuite des expulsions, pers\u00e9cution aggrav\u00e9e des exil\u00e9s du Calaisis&#8230; On pouvait pourtant s&#8217;attendre \u00e0 un peu plus d&#8217;intelligence et \u00e0 moins de r\u00e9pression et de violence de la part du nouveau gouvernement.<\/p>\n<p>Parmi les victimes de la derni\u00e8re op\u00e9ration polici\u00e8re en date &#8211; Afghans, Erythr\u00e9ens, Somaliens ou Soudanais -, se trouvaient aussi des Syriens. D&#8217;un c\u00f4t\u00e9, la France plaide \u00e0 juste raison pour le respect des droits fondamentaux \u00e0 l&#8217;ext\u00e9rieur de son territoire. De l&#8217;autre, elle s&#8217;en prend \u00e0 celles et \u00e0 ceux qui recherchent sa protection \u00e0 l&#8217;int\u00e9rieur de ses fronti\u00e8res. Quelle coh\u00e9rence ?<\/p>\n<p>Les organisations signataires expriment leur consternation et leur indignation \u00e0 l&#8217;\u00e9gard de cette lamentable politique. Ils appellent solennellement les autorit\u00e9s de l&#8217;Etat \u00e0 renoncer \u00e0 la violence.<\/p>\n<p>| 2 octobre 2012 |<\/p>\n<p>&#8212;&#8212;&#8212;&#8212;&#8212;&#8212;&#8211;<br \/>\nCONTACT PRESSE<\/p>\n<p>Philippe Wannesson (Calais) 06 83 19 98 94<\/p>\n<p>Jean-Pierre Alaux (Paris) 06 81 90 74 33<\/p>\n<p>PREMIERS SIGNATAIRES :<br \/>\n&#8211; Association des Marocains en France (AMF) &#8211; <b>Association des travailleurs maghr\u00e9bins de France (ATMF)<\/b> &#8211; Attac &#8211; Auberge des migrants (Calais) &#8211; Calais Migrant Solidarity &#8211; Collectif de soutien des exil\u00e9s (Paris) &#8211; Associations de solidarit\u00e9 avec les travailleur-euse-s immigr\u00e9-e-s (Fasti) &#8211; F\u00e9d\u00e9ration des Tunisiens pour une Citoyennet\u00e9 des deux Rives (FTCR) &#8211; Fraternit\u00e9 Migrants Bassin Minier 62 &#8211; Groupe d&#8217;information et de soutien des immigr\u00e9\u00b7es (Gisti) &#8211; Groupe non violent Louis Lecoin (Dunkerque) &#8211; Ligue des droits de l&#8217;homme &#8211;la Marmite aux Id\u00e9es (Calais) &#8211; Migreurop &#8211; Mouvement contre le racisme et pour l&#8217;amiti\u00e9 entre les peuples (MRAP) &#8211; No Border &#8211; Solidaires (Union syndicale) &#8211; Sortir du Colonialisme &#8211; SUD Education &#8211; Syndicat de la magistrature &#8211; Terre d&#8217;errance Flandre Littorale &#8211; Terre d&#8217;errance Norrent-Fontes (62) &#8211; Terre d&#8217;Errance Steenvoorde (59) &#8211; T&#8217;OP ! Th\u00e9\u00e2tre de l&#8217;Opprim\u00e9 (Lille) &#8211; Union D\u00e9mocratique Bretonne<\/p>\n<p>Avec le soutien de : Alternative libertaire, F\u00e9d\u00e9ration pour une Alternative sociale et \u00e9cologique (FASE), Gauche anticapitaliste, Les Alternatifs, Nouveau Parti anticapitaliste, Parti de Gauche<\/p>\n","protected":false},"excerpt":{"rendered":"<p>A Calais, la police a mis \u00e0 sac le 25 septembre 2012 le lieu de distribution des repas qui avait jusqu&#8217;alors b\u00e9n\u00e9fici\u00e9 d&#8217;une relative immunit\u00e9. Des organisations humanitaires pouvaient ainsi y assurer une minimum d&#8217;assistance aux exil\u00e9s et demandeurs d&#8217;asile &hellip; <a href=\"https:\/\/www.atmf.org\/?p=2689\">Continue reading <span class=\"meta-nav\">&rarr;<\/span><\/a><\/p>\n","protected":false},"author":1,"featured_media":0,"comment_status":"closed","ping_status":"open","sticky":false,"template":"","format":"standard","meta":{"ngg_post_thumbnail":0,"_monsterinsights_skip_tracking":false,"_monsterinsights_sitenote_active":false,"_monsterinsights_sitenote_note":"","_monsterinsights_sitenote_category":0,"footnotes":""},"categories":[1],"tags":[],"class_list":["post-2689","post","type-post","status-publish","format-standard","hentry","category-non-classe"],"_links":{"self":[{"href":"https:\/\/www.atmf.org\/index.php?rest_route=\/wp\/v2\/posts\/2689","targetHints":{"allow":["GET"]}}],"collection":[{"href":"https:\/\/www.atmf.org\/index.php?rest_route=\/wp\/v2\/posts"}],"about":[{"href":"https:\/\/www.atmf.org\/index.php?rest_route=\/wp\/v2\/types\/post"}],"author":[{"embeddable":true,"href":"https:\/\/www.atmf.org\/index.php?rest_route=\/wp\/v2\/users\/1"}],"replies":[{"embeddable":true,"href":"https:\/\/www.atmf.org\/index.php?rest_route=%2Fwp%2Fv2%2Fcomments&post=2689"}],"version-history":[{"count":0,"href":"https:\/\/www.atmf.org\/index.php?rest_route=\/wp\/v2\/posts\/2689\/revisions"}],"wp:attachment":[{"href":"https:\/\/www.atmf.org\/index.php?rest_route=%2Fwp%2Fv2%2Fmedia&parent=2689"}],"wp:term":[{"taxonomy":"category","embeddable":true,"href":"https:\/\/www.atmf.org\/index.php?rest_route=%2Fwp%2Fv2%2Fcategories&post=2689"},{"taxonomy":"post_tag","embeddable":true,"href":"https:\/\/www.atmf.org\/index.php?rest_route=%2Fwp%2Fv2%2Ftags&post=2689"}],"curies":[{"name":"wp","href":"https:\/\/api.w.org\/{rel}","templated":true}]}}