{"id":2690,"date":"2012-10-12T11:49:47","date_gmt":"2012-10-12T11:49:47","guid":{"rendered":"http:\/\/new.atmf.org\/?p=2690"},"modified":"2015-02-20T12:45:06","modified_gmt":"2015-02-20T11:45:06","slug":"un-autre-maghreb-et-une-autre-2","status":"publish","type":"post","link":"https:\/\/www.atmf.org\/?p=2690","title":{"rendered":"Un autre Maghreb et une autre politique migratoire sont possibles"},"content":{"rendered":"<p>&lt;img812|center&gt;<br \/>\nLes migrants, les associations de la soci\u00e9t\u00e9 civile maghr\u00e9bine, les syndicats et les organisations de solidarit\u00e9 internationale r\u00e9unis dans le cadre de la seconde \u00e9dition du Forum Social Maghr\u00e9bin \u00e0 Oujda, et \u00e9tendu \u00e0 Oran, les 6 et 7 octobre 2012 sous la th\u00e9matique migration et libre circulation au Maghreb, et en comm\u00e9moration des \u00e9v\u00e8nements de Ceuta de 2005 dont ont \u00e9t\u00e9 victimes une centaine de migrants subsahariens, rel\u00e8vent :<\/p>\n<p>Le co\u00fbt du non-Maghreb sur les plans \u00e9conomiques, sociaux, culturels et m\u00eame psychologiques constitue une perte \u00e9norme pour le pr\u00e9sent et l\u2019avenir des peuples de la r\u00e9gion. Par le pass\u00e9 ils ont men\u00e9 un combat commun contre le colonialisme aussi bien sur leurs territoires que dans l\u2019immigration en Europe. Ils ont r\u00e9ussi \u00e0 forger une identit\u00e9 commune et un imaginaire de soci\u00e9t\u00e9 \u00e9mancipateur.<\/p>\n<p>Actuellement, alors qu\u2019ils aspirent \u00e0 l\u2019av\u00e8nement d\u2019un espace g\u00e9o-politique d\u00e9mocratique, de justice sociale, de libert\u00e9 favorisant les \u00e9changes entre les peuples, ouvert et accueillant vis-\u00e0-vis des migrants vivant et travaillant dans les diff\u00e9rents pays maghr\u00e9bins, nous assistons, bien au contraire, et ce depuis des d\u00e9cennies, \u00e0 une acc\u00e9l\u00e9ration d\u2019une insertion d\u00e9pendante dans le march\u00e9 mondial au d\u00e9pend d\u2019une int\u00e9gration et d\u2019un d\u00e9veloppement r\u00e9gional maghr\u00e9bin.<\/p>\n<p>Ce choix est incapable d\u2019insuffler une dynamique maghr\u00e9bine unitaire \u00e0 la hauteur des enjeux globaux r\u00e9gionaux et internationaux et des aspirations des peuples de la r\u00e9gion..<\/p>\n<p>Sur le plan migratoire, nous assistons \u00e0 la mise en place de politiques s\u00e9curitaires stigmatisant les migrants vivants sur le sol maghr\u00e9bin, au m\u00e9pris de l\u2019histoire qui lie les peuples du Nord de l\u2019Afrique \u00e0 ceux de l\u2019Afrique subsaharienne, au m\u00e9pris des int\u00e9r\u00eats mutuels de d\u00e9veloppement et d\u2019enrichissement culturel et civilisationnel.<br \/>\nNos gouvernants rivalisent dans la mise en application des politiques et directives europ\u00e9ennes \u00e9rigeant un mur entre les 2 rives de la m\u00e9diterran\u00e9e, responsables de milliers de morts et de disparus, transformant la m\u00e9diterran\u00e9e en un vaste cimeti\u00e8re.<\/p>\n<p>Les vagues d\u2019arrestation, de refoulement, de traitements d\u00e9gradants des migrants(es) subsahariens et la criminalisation de leur pr\u00e9sence constituent l\u2019une des atteintes graves aux droits humains les plus \u00e9l\u00e9mentaires.<\/p>\n<p>Les migrants, les organisations de la soci\u00e9t\u00e9 civile maghr\u00e9bine et de solidarit\u00e9 internationale r\u00e9unies au sein du Forum des migrants d\u2019Oujda, d\u00e9noncent cette collusion entre les int\u00e9r\u00eats d\u2019une Europe frileuse, barricad\u00e9e derri\u00e8re ses fronti\u00e8res et ceux des gouvernements maghr\u00e9bins incapables de construire une politique alternative au service des int\u00e9r\u00eats des peuples de la r\u00e9gion.<\/p>\n<p>Le traitement s\u00e9curitaire de la question migratoire est une impasse.<\/p>\n<p>Les migrations ont \u00e9t\u00e9 de tout temps une chance pour les peuples de d\u00e9part et d\u2019arriv\u00e9e. Le Maghreb de tradition migratoire<br \/>\nancienne est devenu un territoire aussi bien d\u2019immigration que d\u2019\u00e9migration. La pr\u00e9sence des migrants subsahariens et d\u2019autres pays est une chance pour le d\u00e9veloppement des 2 espaces<br \/>\nafricains. L\u2019avenir de l\u2019Afrique du Nord et l\u2019Afrique subsaharienne passe par l\u2019ouverture sur l\u2019Autre et par les \u00e9changes humains source d\u2019enrichissement mutuel.<\/p>\n<p>La construction d\u2019un Maghreb des peuples riche de sa diversit\u00e9 culturelle, linguistique et sociale n\u00e9cessite une vision globale d\u2019avenir attach\u00e9e \u00e0 un espace sans fronti\u00e8res intra-pays du Maghreb,<br \/>\nd\u00e9mocratique et respectueux des droits humains, bas\u00e9 sur quelques principes fondateurs notamment :<\/p>\n<p>&#8211; L\u2019ouverture des fronti\u00e8res permettant la libre circulation et d\u2019installation aussi bien des nationaux que des migrants vivants sur le sol maghr\u00e9bin ;<\/p>\n<p>&#8211; La r\u00e9gularisation de la situation de tous les sans papiers souhaitant s\u2019installer et vivre dans les pays maghr\u00e9bins ;<\/p>\n<p>&#8211; Le rejet de la politique europ\u00e9enne s\u00e9curitaire \u00e9rigeant des murs au lieu de construire des ponts entre les 2 rives de la m\u00e9diterran\u00e9e ;<\/p>\n<p>&#8211; La fermeture de tous les lieux d\u2019enfermement des immigr\u00e9s et la d\u00e9p\u00e9nalisation de la situation des sans papiers ;<\/p>\n<p>&#8211; Arr\u00eat de toutes les formes de violence \u00e0 l\u2019\u00e9gard des femmes migrantes qui subissent de graves humiliations et la n\u00e9cessit\u00e9 de poursuites judiciaires sans concession vis-\u00e0-vis de toute forme d\u2019atteinte \u00e0 leurs droits ;<\/p>\n<p>&#8211; L\u2019\u00e9galit\u00e9 des droits \u00e9conomiques, sociaux et culturels reconnus universellement, et le respect par l\u2019application int\u00e9grale des conventions internationales de protection des immigr\u00e9s et des r\u00e9fugi\u00e9s notamment la convention de Gen\u00e8ve du 28 juillet 1951 relative au<br \/>\nstatut des r\u00e9fugi\u00e9s et la convention internationale sur la protection des droits de tous les travailleurs migrants et des membres de leur famille adopt\u00e9e par les Nations Unies le 18 d\u00e9cembre 1990 ; ainsi que les conventions de l\u2019OIT relatives \u00e0 la migration ;<\/p>\n<p>&#8211; Le rejet et la criminalisation des discriminations et du racisme, et la promulgation par les parlements nationaux de lois sanctionnant les actes racistes et x\u00e9nophobes.<\/p>\n<p>Oujda (Fronti\u00e8re alg\u00e9ro-marocaine) le 7 octobre 2012<\/p>\n<p>&#8212;&#8212;&#8212;&#8212;&#8212;&#8212;&#8212;&#8212;<\/p>\n<p>D\u00e9claration en PDF :<br \/>\n&#8212; en fran\u00e7ais &lt;doc811|center&gt;<\/p>\n<p>&#8212; en arabe &lt;doc810|center&gt;<\/p>\n","protected":false},"excerpt":{"rendered":"<p>&lt;img812|center&gt; Les migrants, les associations de la soci\u00e9t\u00e9 civile maghr\u00e9bine, les syndicats et les organisations de solidarit\u00e9 internationale r\u00e9unis dans le cadre de la seconde \u00e9dition du Forum Social Maghr\u00e9bin \u00e0 Oujda, et \u00e9tendu \u00e0 Oran, les 6 et 7 &hellip; <a href=\"https:\/\/www.atmf.org\/?p=2690\">Continue reading <span class=\"meta-nav\">&rarr;<\/span><\/a><\/p>\n","protected":false},"author":1,"featured_media":0,"comment_status":"closed","ping_status":"closed","sticky":false,"template":"","format":"standard","meta":{"ngg_post_thumbnail":0,"_monsterinsights_skip_tracking":false,"_monsterinsights_sitenote_active":false,"_monsterinsights_sitenote_note":"","_monsterinsights_sitenote_category":0,"footnotes":""},"categories":[79,47],"tags":[],"class_list":["post-2690","post","type-post","status-publish","format-standard","hentry","category-maghreb","category-migrants-sans-frontieres"],"_links":{"self":[{"href":"https:\/\/www.atmf.org\/index.php?rest_route=\/wp\/v2\/posts\/2690","targetHints":{"allow":["GET"]}}],"collection":[{"href":"https:\/\/www.atmf.org\/index.php?rest_route=\/wp\/v2\/posts"}],"about":[{"href":"https:\/\/www.atmf.org\/index.php?rest_route=\/wp\/v2\/types\/post"}],"author":[{"embeddable":true,"href":"https:\/\/www.atmf.org\/index.php?rest_route=\/wp\/v2\/users\/1"}],"replies":[{"embeddable":true,"href":"https:\/\/www.atmf.org\/index.php?rest_route=%2Fwp%2Fv2%2Fcomments&post=2690"}],"version-history":[{"count":1,"href":"https:\/\/www.atmf.org\/index.php?rest_route=\/wp\/v2\/posts\/2690\/revisions"}],"predecessor-version":[{"id":3334,"href":"https:\/\/www.atmf.org\/index.php?rest_route=\/wp\/v2\/posts\/2690\/revisions\/3334"}],"wp:attachment":[{"href":"https:\/\/www.atmf.org\/index.php?rest_route=%2Fwp%2Fv2%2Fmedia&parent=2690"}],"wp:term":[{"taxonomy":"category","embeddable":true,"href":"https:\/\/www.atmf.org\/index.php?rest_route=%2Fwp%2Fv2%2Fcategories&post=2690"},{"taxonomy":"post_tag","embeddable":true,"href":"https:\/\/www.atmf.org\/index.php?rest_route=%2Fwp%2Fv2%2Ftags&post=2690"}],"curies":[{"name":"wp","href":"https:\/\/api.w.org\/{rel}","templated":true}]}}