{"id":2693,"date":"2012-10-23T15:02:38","date_gmt":"2012-10-23T15:02:38","guid":{"rendered":"http:\/\/new.atmf.org\/?p=2693"},"modified":"2015-02-20T12:46:50","modified_gmt":"2015-02-20T11:46:50","slug":"pour-la-liberation-du-coordinateur-2","status":"publish","type":"post","link":"https:\/\/www.atmf.org\/?p=2693","title":{"rendered":"Pour la lib\u00e9ration du coordinateur du CMSM et la fin de la r\u00e9pression cibl\u00e9e contre des membres d\u2019associations de migrants au Maroc"},"content":{"rendered":"<p>&lt;img818|center&gt;<br \/>\nLes organisations soussign\u00e9es exigent la lib\u00e9ration du coordinateur du Conseil des migrants subsahariens au Maroc et l&rsquo;abandon des poursuites engag\u00e9es contre lui.<\/p>\n<p>Elles d\u00e9noncent la r\u00e9pression cibl\u00e9e qui s&rsquo;abat sur les responsables des organisations de migrants au Maroc depuis quelques jours.<\/p>\n<p>Camara Laye, ancien pr\u00e9sident et actuel coordinateur du Conseil des migrants subsahariens au Maroc (CMSM) a \u00e9t\u00e9 arr\u00eat\u00e9 \u00e0 son domicile dans la nuit du samedi 20 au dimanche 21 octobre \u00e0 minuit, et plac\u00e9 en garde-\u00e0-vue au commissariat du 3\u00e8me arrondissement de Rabat. Son avocat s&rsquo;est vu refuser l&rsquo;autorisation de le rencontrer, en violation du code de proc\u00e9dure p\u00e9nale et malgr\u00e9 les assurances qui lui avaient \u00e9t\u00e9 donn\u00e9es par le magistrat de permanence au parquet du Tribunal<br \/>\nde Premi\u00e8re instance de Rabat. Camara r\u00e9side r\u00e9guli\u00e8rement au Maroc sous couvert d&rsquo;une carte d&rsquo;immatriculation. Nous sommes inquiets et craignons que cette arrestation vise \u00e0 l&#8217;emp\u00eacher de poursuivre son engagement pour la d\u00e9fense des droits des migrants au Maroc, y compris \u00e0 travers des poursuites pour une affaire de droit commun fictive, comme cela c&rsquo;est d\u00e9j\u00e0 produit par le pass\u00e9 pour de nombreux militants des droits de l&rsquo;homme ou opposants.<\/p>\n<p>Cette arrestation fait suite \u00e0 plusieurs incidents graves nous alarmant :<br \/>\n&#8211; menaces directes prof\u00e9r\u00e9es contre le futur secr\u00e9taire g\u00e9n\u00e9ral de l&rsquo;ODT-Travailleurs Immigr\u00e9s le 10 juin dernier ;<br \/>\n&#8211; double \u00ab cambriolage \u00bb de l&rsquo;appartement d&rsquo;un militant du Collectif des communaut\u00e9s subsahariennes au Maroc (CCSM) en l&rsquo;espace de quinze jours, et vol de son ordinateur ;<br \/>\n&#8211; intervention violente de la police accompagn\u00e9e de \u00ab baltagia \u00bb (\u00ab voyous \u00bb) dans un foyer o\u00f9 se trouvaient notamment des membres de l&rsquo;ALECMA mercredi dernier 17 octobre apr\u00e8s-midi \u00e0 Hay El Farah \u00e0 Taqadoum. Bilan : 2 bless\u00e9s, 3 interpellations, vol d&rsquo;effets personnels<br \/>\n(passeports, argent, ordinateurs, cam\u00e9ras, et m\u00eame des v\u00eatements et des matelas) et menaces \u00e0 peine voil\u00e9es en partant (\u00ab \u00e0 demain \u00bb !) ;<br \/>\n&#8211; arrestation du secr\u00e9taire g\u00e9n\u00e9ral d&rsquo;ALECMA samedi dernier 20 octobre 2012 matin \u00e0 son domicile. Plac\u00e9 en garde \u00e0 vue au commissariat du 3\u00e8me arrondissement, il a \u00e9t\u00e9 lib\u00e9r\u00e9 dimanche 21 octobre 2012.<\/p>\n<p>Ces actions interviennent dans un contexte de r\u00e9pression croissante contre les migrants depuis un an (harc\u00e8lement, rafles et d\u00e9portations accompagn\u00e9es d&rsquo;exactions, violences, racket, tant<br \/>\ndans les grandes villes que dans les environs des pr\u00e9sides occup\u00e9s\u2026) l\u00e9gitim\u00e9e par les discours stigmatisant de responsables politiques (notamment le d\u00e9put\u00e9 USFP, Abdelhadi Khairate, et le ministre PPS de l\u2019emploi et de la formation professionnelle, Abdelouahed Souhail) et d&rsquo;une certaine presse (Assabah, Almassae, &#8230;)1.<\/p>\n<p>Mais un contexte \u00e9galement marqu\u00e9 par la mobilisation, l&rsquo;organisation et la visibilit\u00e9 croissantes des migrants : CMSM, CCSM, ODT-TI, ALECMA. Par ex :<br \/>\n&#8211; participation \u00e0 la manifestation du 1er mai puis cr\u00e9ation du premier syndicat de travailleurs migrants au sein d&rsquo;une conf\u00e9d\u00e9ration syndicale marocaine (ODT-TI) ;<br \/>\n&#8211; organisation d&rsquo;une manifestation \u00e0 Taqadoum devant le commissariat puis les ambassades pour d\u00e9noncer le d\u00e9veloppement des attaques racistes, l&rsquo;impunit\u00e9 des auteurs en l&rsquo;absence d&rsquo;enqu\u00eate et demander aux repr\u00e9sentations diplomatiques d&rsquo;assumer leur responsabilit\u00e9 de prot\u00e9ger leurs ressortissants puis cr\u00e9ation de l&rsquo;association ALECMA \u00e0 Taqadoum ;<br \/>\n&#8211; nombreuses actions du CMSM et du CCSM, notamment mission CMSM-GADEM, puis r\u00e9daction d\u2019une note conjointe ;<br \/>\n&#8211; participation nombreuse et active des migrants et de leurs organisations au forum des<br \/>\nmigrants organis\u00e9 \u00e0 Oujda par le Forum social Maghreb les 6 et 7 octobre 2012.<\/p>\n<p>Au vu de ces \u00e9l\u00e9ments, il appara\u00eet \u00e9vident que l\u2019arrestation de Camara Laye participe d\u2019une d\u00e9marche continue d\u2019intimidation et de r\u00e9pression \u00e0 l\u2019encontre des migrants \u00e0 l\u2019\u0153uvre au Maroc depuis plusieurs mois. Nous demandons l\u2019arr\u00eat de cette r\u00e9pression et la lib\u00e9ration imm\u00e9diate de Camara Laye.<\/p>\n<p><b>Signature des associations<\/b> :<br \/>\nMaroc : Groupe antiraciste d&rsquo;accompagnement et de d\u00e9fense des \u00e9trangers et migrants (GADEM), Conseil des migrants subsahariens au Maroc (CMSM), Collectif des communaut\u00e9s subsahariennes au Maroc (CCSM), Association de lutte contre l&rsquo;\u00e9migration clandestine au Maroc (ALECMA), Association marocaine des droits de l&rsquo;homme (AMDH), Association Beni Znassen pour la Culture, le D\u00e9veloppement et la Solidarit\u00e9 (ABCDS), Forum Asile Migration, Forum des Alternatives<br \/>\nMaroc (FMAS), Observatoire marocain des libert\u00e9s publiques, Action Jeunesse, Organisation d\u00e9mocratique du travail \u2013 Maroc (ODT), Organisation d\u00e9mocratique des travailleurs immigr\u00e9s\u2013 Maroc (ODT-I), Institut de formation des agents de d\u00e9veloppement (IFAD), Fonds d\u2019appui \u00e0 la dynamisation des organisations communautaires de base (FADOC), Association Rencontre M\u00e9diterran\u00e9enne Pour l&rsquo;Immigration et le D\u00e9veloppement (ARMID), Femmes pour l&rsquo;\u00e9galit\u00e9 et la d\u00e9mocratie Maroc, R\u00e9seau Amazighe pour la Citoyennet\u00e9 \u2013 Azetta, R\u00e9seau marocain pour la d\u00e9fense du droit \u00e0 la sant\u00e9 = droit \u00e0 la vie, Observatoire national des droits au travail, Pateras de la vida, ATTAC Maroc, R\u00e9seau des Associations du Nord du Maroc pour le D\u00e9veloppement et la Solidarit\u00e9 (Chabaka), Al Kha\u00efma<\/p>\n<p><b>R\u00e9seaux internationaux<\/b> :<br \/>\nR\u00e9seau euro-m\u00e9diterran\u00e9en des droits de l&rsquo;homme (REMDH), Migreurop, Afrique-Europe-Interact<\/p>\n<p><b>Autres pays<\/b> :<br \/>\nGroupe de recherche et d&rsquo;actions sur les migrations en Afrique Centrale (GRAMI AC) &#8211; Cameroun, Conseil des migrants de France, Ligue alg\u00e9rienne pour la d\u00e9fense des droits de l&rsquo;homme (LADDH), Association des R\u00e9fugi\u00e9s Sans Fronti\u00e8res \u2013 Cameroun (ARSF), Association des refoul\u00e9s d&rsquo;Afrique centrale au Mali (ARACEM), Fluechtlingsrat Hamburg (Conseil de R\u00e9fugi\u00e9s de Hambourg), Association \u00ab\u00a0Movimento dei Senza Voce\u00a0\u00bb (Suisse), Fondation Conseil Jeune, membre du GRAMI AC (Cameroun), Ligue des droits de l&rsquo;homme Belgique, F\u00e9d\u00e9ration des Tunisiens citoyens des deux rives &#8211; France (FTCR), Comit\u00e9 pour le respect des libert\u00e9s en Tunisie (CRLDHT), CNCD-11.11.11 \u2013 Belgique, SOS Migrants \u2013 Belgique, Na&rsquo;oura Groupe Solidarit\u00e9 Belgique Maroc \u2013 GSBM, La Cimade \u2013 France, F\u00e9d\u00e9ration des associations de solidarit\u00e9 avec les travailleurs immigr\u00e9s \u2013 France (FASTI), Stiftung :do, Hamburg (Allemagne), Association des travailleurs maghr\u00e9bins en France (ATMF), Initiative d\u00e9mocratie d\u00e9veloppement \u2013 France (IDD), Rete Primo Marzo &#8211; Italie, Associazione Gi\u00f9 le frontiere \u2013 Italie, Association mauritanienne des droits de l&rsquo;homme (AMDH), Association de d\u00e9fense des droits de l&rsquo;homme au Maroc (ASDHOM) \u2013 France, Associazione di promozione sociale ARCI \u2013 Italie, comit\u00e9 local du S\u00e9n\u00e9gal de la Charte Mondiale des Migrants, Syndicat national autonome des personnels de l&rsquo;administration publique (SNAPAP) \u2013 Alg\u00e9rie, Conf\u00e9d\u00e9ration G\u00e9n\u00e9rale des Travailleurs de Mauritanie (CGTM), Les Alternatifs solidarit\u00e9s \u00e9cologie f\u00e9minisme autogestion &#8211; France, Cooperazione Internazionale Sud Sud (CISS) \u2013 Italie, Centre d&rsquo;\u00e9tude et de recherche sur la migration de l&rsquo;Afrique subsaharienne (CERMAS) \u2013 Pays-Bas, Association des Marocains en France (AMF), Groupe d&rsquo;information et de soutien des immigr\u00e9s (GISTI) \u2013 France, borderline-europe e.V. (Allemagne), Yambi Africa asbl, Belgique, Asociacion pro derechos humanos de Andalucia (APDHA), Conf\u00e9d\u00e9ration g\u00e9n\u00e9ral du Travail \u2013 Andalousie (CGT-A),<\/p>\n<p>&#8212;&#8212;&#8212;&#8212;&#8212;&#8212;&#8212;&#8212;&#8212;&#8212;&#8212;&#8212;&#8212;&#8212;&#8212;<br \/>\n1 Cf. notamment les communiqu\u00e9s du GADEM de septembre 2011 : http:\/\/www.gadem-asso.org\/Les-forces-de-l-ordre-marocaines,125 et novembre 2011 : http:\/\/www.gadem-asso.org\/Les-forces-de-l-ordre-marocaines, les rapports et communiqu\u00e9s de l&rsquo;AMDH, de l&rsquo;ABCDS et de MSF et la note d&rsquo;analyse conjointe CMSM-GADEM de septembre<br \/>\n2012 : http:\/\/www.gadem-asso.org\/Recrudescence-de-la-repression,142.<\/p>\n<p>&#8212;&#8212;&#8212;&#8212;&#8212;&#8212;<br \/>\nContact : GADEM \u2013 contact@gadem-asso.org \u2013 +212 (0)537 72 78 78 ou +212 (0)6 52 45 22 07<\/p>\n<p>&#8212;&#8212;&#8212;&#8212;&#8212;<\/p>\n","protected":false},"excerpt":{"rendered":"<p>&lt;img818|center&gt; Les organisations soussign\u00e9es exigent la lib\u00e9ration du coordinateur du Conseil des migrants subsahariens au Maroc et l&rsquo;abandon des poursuites engag\u00e9es contre lui. Elles d\u00e9noncent la r\u00e9pression cibl\u00e9e qui s&rsquo;abat sur les responsables des organisations de migrants au Maroc depuis &hellip; <a href=\"https:\/\/www.atmf.org\/?p=2693\">Continue reading <span class=\"meta-nav\">&rarr;<\/span><\/a><\/p>\n","protected":false},"author":1,"featured_media":0,"comment_status":"closed","ping_status":"closed","sticky":false,"template":"","format":"standard","meta":{"ngg_post_thumbnail":0,"_monsterinsights_skip_tracking":false,"_monsterinsights_sitenote_active":false,"_monsterinsights_sitenote_note":"","_monsterinsights_sitenote_category":0,"footnotes":""},"categories":[82,79],"tags":[],"class_list":["post-2693","post","type-post","status-publish","format-standard","hentry","category-communiques","category-maghreb"],"_links":{"self":[{"href":"https:\/\/www.atmf.org\/index.php?rest_route=\/wp\/v2\/posts\/2693","targetHints":{"allow":["GET"]}}],"collection":[{"href":"https:\/\/www.atmf.org\/index.php?rest_route=\/wp\/v2\/posts"}],"about":[{"href":"https:\/\/www.atmf.org\/index.php?rest_route=\/wp\/v2\/types\/post"}],"author":[{"embeddable":true,"href":"https:\/\/www.atmf.org\/index.php?rest_route=\/wp\/v2\/users\/1"}],"replies":[{"embeddable":true,"href":"https:\/\/www.atmf.org\/index.php?rest_route=%2Fwp%2Fv2%2Fcomments&post=2693"}],"version-history":[{"count":1,"href":"https:\/\/www.atmf.org\/index.php?rest_route=\/wp\/v2\/posts\/2693\/revisions"}],"predecessor-version":[{"id":3337,"href":"https:\/\/www.atmf.org\/index.php?rest_route=\/wp\/v2\/posts\/2693\/revisions\/3337"}],"wp:attachment":[{"href":"https:\/\/www.atmf.org\/index.php?rest_route=%2Fwp%2Fv2%2Fmedia&parent=2693"}],"wp:term":[{"taxonomy":"category","embeddable":true,"href":"https:\/\/www.atmf.org\/index.php?rest_route=%2Fwp%2Fv2%2Fcategories&post=2693"},{"taxonomy":"post_tag","embeddable":true,"href":"https:\/\/www.atmf.org\/index.php?rest_route=%2Fwp%2Fv2%2Ftags&post=2693"}],"curies":[{"name":"wp","href":"https:\/\/api.w.org\/{rel}","templated":true}]}}