{"id":2697,"date":"2012-11-07T15:20:20","date_gmt":"2012-11-07T15:20:20","guid":{"rendered":"http:\/\/new.atmf.org\/?p=2697"},"modified":"2012-11-07T15:20:20","modified_gmt":"2012-11-07T15:20:20","slug":"quinzaine-culturelle-2012-al-2","status":"publish","type":"post","link":"https:\/\/www.atmf.org\/?p=2697","title":{"rendered":"Quinzaine culturelle 2012 &#8211; Al Andalus"},"content":{"rendered":"<p>Notre association organise La Quinzaine Culturelle en partenariat avec la M J C et l&rsquo;Institut du Monde Arabe du 09 au 24 Novembre 2012. Le th\u00e8me cette ann\u00e9e est \u00ab\u00a0Al Andalus\u00a0\u00bb.<\/p>\n<p>Le vernissage aura lieu le 09 novembre \u00e0 18h30 \u00e0 la M J C, salle Clair-Obscur. L&rsquo;institut du Monde Arabe d\u00e9l\u00e8guera un attach\u00e9 aux Affaires Culturelles comme intervenant pour nous pr\u00e9senter cette exposition.<\/p>\n<p>&#8211; EXPOSITION : <b>Al Andalus<\/b><\/p>\n<p>Cette exposition restera visible jusqu&#8217;au 24 novembre (entr\u00e9e libre). <\/p>\n<p>Vernissage le 9 Novembre \u00e0 18h30<\/p>\n<p>Salle clair-obscur<\/p>\n<p>Entr\u00e9e libre.<\/p>\n<p>&#8211; Projection du film \u00ab <b>Mon oncle de Kabylie<\/b> \u00bb de Chlo\u00e9 Hunzinger<br \/>\nsuivie d&#8217;un d\u00e9bat sur l&#8217;int\u00e9gration Salle La Fabrique de la MJC <\/p>\n<p>le 16 Novembre \u00e0 20h30<\/p>\n<p>Entr\u00e9e : 3 &#8364;<\/p>\n<p>Cl\u00f4ture festive  avec le groupe de femmes berb\u00e8res \u00abTighri Uzar\u00bb<br \/>\nSalle La Fabrique de la MJC<\/p>\n<p>le 24 novembre \u00e0 20h30<\/p>\n<p>Entr\u00e9e : 3 et 5 &#8364;<\/p>\n<p>&#8212;&#8212;&#8212;&#8212;&#8212;&#8212;&#8211;<\/p>\n<p>Maison des Jeunes et de la Culture M.J.C<\/p>\n<p>3 Place \u00c9tienne Dolet, 89100 Sens<\/p>\n<p>03 86 83 86 00 &#8206; \u00b7 http:\/\/www.mjc-sens.com\/<\/p>\n<p><iframe loading=\"lazy\" width=\"425\" height=\"350\" frameborder=\"0\" scrolling=\"no\" marginheight=\"0\" marginwidth=\"0\" src=\"https:\/\/maps.google.fr\/maps?f=q&#038;source=s_q&#038;hl=fr&#038;geocode=&#038;q=Maison+des+Jeunes+et+de+la+Culture+M.J.C,+Place+%C3%89tienne+Dolet,+Sens&#038;aq=0&#038;oq=mjc+sens&#038;sll=48.237078,3.344319&#038;sspn=1.218351,2.90863&#038;ie=UTF8&#038;hq=maison+des+jeunes+et+de+la+culture+mjc&#038;hnear=Place+%C3%89tienne+Dolet,+89100+Sens,+Yonne,+Bourgogne&#038;t=m&#038;ll=48.196912,3.297411&#038;spn=0.006295,0.006295&#038;output=embed\"><\/iframe><br \/><small><a href=\"https:\/\/maps.google.fr\/maps?f=q&#038;source=embed&#038;hl=fr&#038;geocode=&#038;q=Maison+des+Jeunes+et+de+la+Culture+M.J.C,+Place+%C3%89tienne+Dolet,+Sens&#038;aq=0&#038;oq=mjc+sens&#038;sll=48.237078,3.344319&#038;sspn=1.218351,2.90863&#038;ie=UTF8&#038;hq=maison+des+jeunes+et+de+la+culture+mjc&#038;hnear=Place+%C3%89tienne+Dolet,+89100+Sens,+Yonne,+Bourgogne&#038;t=m&#038;ll=48.196912,3.297411&#038;spn=0.006295,0.006295\" style=\"color:#0000FF;text-align:left\">Agrandir le plan<\/a><\/small><\/p>\n<p>&#8212;&#8212;&#8212;&#8212;&#8212;&#8212;&#8212;&#8211;<br \/>\n<img827|center><br \/>\n<img825|left><br \/>\n<img826|left><br \/>\n<img828|left><\/p>\n<p>&#8212;&#8212;&#8212;&#8212;&#8212;&#8212;&#8212;&#8212;<br \/>\nPresse locale<\/p>\n","protected":false},"excerpt":{"rendered":"<p>Notre association organise La Quinzaine Culturelle en partenariat avec la M J C et l&rsquo;Institut du Monde Arabe du 09 au 24 Novembre 2012. Le th\u00e8me cette ann\u00e9e est \u00ab\u00a0Al Andalus\u00a0\u00bb. Le vernissage aura lieu le 09 novembre \u00e0 18h30 &hellip; <a href=\"https:\/\/www.atmf.org\/?p=2697\">Continue reading <span class=\"meta-nav\">&rarr;<\/span><\/a><\/p>\n","protected":false},"author":1,"featured_media":0,"comment_status":"closed","ping_status":"open","sticky":false,"template":"","format":"standard","meta":{"ngg_post_thumbnail":0,"_monsterinsights_skip_tracking":false,"_monsterinsights_sitenote_active":false,"_monsterinsights_sitenote_note":"","_monsterinsights_sitenote_category":0,"footnotes":""},"categories":[1],"tags":[],"class_list":["post-2697","post","type-post","status-publish","format-standard","hentry","category-non-classe"],"_links":{"self":[{"href":"https:\/\/www.atmf.org\/index.php?rest_route=\/wp\/v2\/posts\/2697","targetHints":{"allow":["GET"]}}],"collection":[{"href":"https:\/\/www.atmf.org\/index.php?rest_route=\/wp\/v2\/posts"}],"about":[{"href":"https:\/\/www.atmf.org\/index.php?rest_route=\/wp\/v2\/types\/post"}],"author":[{"embeddable":true,"href":"https:\/\/www.atmf.org\/index.php?rest_route=\/wp\/v2\/users\/1"}],"replies":[{"embeddable":true,"href":"https:\/\/www.atmf.org\/index.php?rest_route=%2Fwp%2Fv2%2Fcomments&post=2697"}],"version-history":[{"count":0,"href":"https:\/\/www.atmf.org\/index.php?rest_route=\/wp\/v2\/posts\/2697\/revisions"}],"wp:attachment":[{"href":"https:\/\/www.atmf.org\/index.php?rest_route=%2Fwp%2Fv2%2Fmedia&parent=2697"}],"wp:term":[{"taxonomy":"category","embeddable":true,"href":"https:\/\/www.atmf.org\/index.php?rest_route=%2Fwp%2Fv2%2Fcategories&post=2697"},{"taxonomy":"post_tag","embeddable":true,"href":"https:\/\/www.atmf.org\/index.php?rest_route=%2Fwp%2Fv2%2Ftags&post=2697"}],"curies":[{"name":"wp","href":"https:\/\/api.w.org\/{rel}","templated":true}]}}