{"id":2705,"date":"2012-11-22T09:01:51","date_gmt":"2012-11-22T09:01:51","guid":{"rendered":"http:\/\/new.atmf.org\/?p=2705"},"modified":"2015-02-20T12:21:07","modified_gmt":"2015-02-20T11:21:07","slug":"luttes-des-femmes-maghrebines-2","status":"publish","type":"post","link":"https:\/\/www.atmf.org\/?p=2705","title":{"rendered":"Luttes des femmes maghr\u00e9bines contre les violences faites aux femmes au Maghreb et dans l&rsquo;immigration"},"content":{"rendered":"<p>A L&rsquo;OCCASION DE LA JOURN\u00c9E MONDIALE CONTRE LES VIOLENCES FAITES AUX FEMMES<\/p>\n<p>Le d\u00e9bat aura lieu \u00e0 la MAIRIE DU 10\u00e8me ARRONDISSEMENT &#8211; salle des f\u00eates 72, RUE DU FAUBOURG ST MARTIN 75010 Paris<br \/>\nMetro Gare de l&rsquo;est ou R\u00e9publique<\/p>\n<p><iframe loading=\"lazy\" src=\"https:\/\/maps.google.fr\/maps?f=q&amp;source=s_q&amp;hl=fr&amp;geocode=&amp;q=72,+RUE+DU+FAUBOURG+ST+MARTIN++75010+Paris&amp;aq=&amp;sll=48.864253,2.364561&amp;sspn=0.080065,0.181789&amp;ie=UTF8&amp;hq=&amp;hnear=72+Rue+du+Faubourg+Saint-Martin,+75010+Paris,+%C3%8Ele-de-France&amp;ll=48.871753,2.357219&amp;spn=0.005003,0.011362&amp;t=m&amp;z=14&amp;output=embed\" width=\"425\" height=\"350\" frameborder=\"0\" marginwidth=\"0\" marginheight=\"0\" scrolling=\"no\"><\/iframe><br \/>\n<small><a style=\"color: #0000ff; text-align: left;\" href=\"https:\/\/maps.google.fr\/maps?f=q&amp;source=embed&amp;hl=fr&amp;geocode=&amp;q=72,+RUE+DU+FAUBOURG+ST+MARTIN++75010+Paris&amp;aq=&amp;sll=48.864253,2.364561&amp;sspn=0.080065,0.181789&amp;ie=UTF8&amp;hq=&amp;hnear=72+Rue+du+Faubourg+Saint-Martin,+75010+Paris,+%C3%8Ele-de-France&amp;ll=48.871753,2.357219&amp;spn=0.005003,0.011362&amp;t=m&amp;z=14\">Agrandir le plan<\/a><\/small><\/p>\n<p><b>Intervenantes<\/b>:<\/p>\n<p>&#8211; Feriel LALAMI, politologue, sociologue et militante des droits des femmes .<\/p>\n<p>&#8211; Amina KHALID, pr\u00e9sidente de l&rsquo; AMFP- MAROC<\/p>\n<p>&#8211; Latifa Ben Rezig, juriste, sp\u00e9cialiste du code de la famille tunisien<\/p>\n<p>&#8211; Suzy Rotjman , CNDF<\/p>\n<p>d\u00e9bat mod\u00e9r\u00e9 par: F. HAR et S. AKROUF<\/p>\n<p>Contact: atmfparis75@yahoo.fr<\/p>\n","protected":false},"excerpt":{"rendered":"<p>A L&rsquo;OCCASION DE LA JOURN\u00c9E MONDIALE CONTRE LES VIOLENCES FAITES AUX FEMMES Le d\u00e9bat aura lieu \u00e0 la MAIRIE DU 10\u00e8me ARRONDISSEMENT &#8211; salle des f\u00eates 72, RUE DU FAUBOURG ST MARTIN 75010 Paris Metro Gare de l&rsquo;est ou R\u00e9publique &hellip; <a href=\"https:\/\/www.atmf.org\/?p=2705\">Continue reading <span class=\"meta-nav\">&rarr;<\/span><\/a><\/p>\n","protected":false},"author":1,"featured_media":0,"comment_status":"closed","ping_status":"closed","sticky":false,"template":"","format":"standard","meta":{"ngg_post_thumbnail":0,"_monsterinsights_skip_tracking":false,"_monsterinsights_sitenote_active":false,"_monsterinsights_sitenote_note":"","_monsterinsights_sitenote_category":0,"footnotes":""},"categories":[107],"tags":[],"class_list":["post-2705","post","type-post","status-publish","format-standard","hentry","category-droit-des-femmes"],"_links":{"self":[{"href":"https:\/\/www.atmf.org\/index.php?rest_route=\/wp\/v2\/posts\/2705","targetHints":{"allow":["GET"]}}],"collection":[{"href":"https:\/\/www.atmf.org\/index.php?rest_route=\/wp\/v2\/posts"}],"about":[{"href":"https:\/\/www.atmf.org\/index.php?rest_route=\/wp\/v2\/types\/post"}],"author":[{"embeddable":true,"href":"https:\/\/www.atmf.org\/index.php?rest_route=\/wp\/v2\/users\/1"}],"replies":[{"embeddable":true,"href":"https:\/\/www.atmf.org\/index.php?rest_route=%2Fwp%2Fv2%2Fcomments&post=2705"}],"version-history":[{"count":1,"href":"https:\/\/www.atmf.org\/index.php?rest_route=\/wp\/v2\/posts\/2705\/revisions"}],"predecessor-version":[{"id":3320,"href":"https:\/\/www.atmf.org\/index.php?rest_route=\/wp\/v2\/posts\/2705\/revisions\/3320"}],"wp:attachment":[{"href":"https:\/\/www.atmf.org\/index.php?rest_route=%2Fwp%2Fv2%2Fmedia&parent=2705"}],"wp:term":[{"taxonomy":"category","embeddable":true,"href":"https:\/\/www.atmf.org\/index.php?rest_route=%2Fwp%2Fv2%2Fcategories&post=2705"},{"taxonomy":"post_tag","embeddable":true,"href":"https:\/\/www.atmf.org\/index.php?rest_route=%2Fwp%2Fv2%2Ftags&post=2705"}],"curies":[{"name":"wp","href":"https:\/\/api.w.org\/{rel}","templated":true}]}}