{"id":2706,"date":"2012-11-22T14:23:51","date_gmt":"2012-11-22T14:23:51","guid":{"rendered":"http:\/\/new.atmf.org\/?p=2706"},"modified":"2015-02-20T12:21:57","modified_gmt":"2015-02-20T11:21:57","slug":"la-violence-l-univers-carceral-et-2","status":"publish","type":"post","link":"https:\/\/www.atmf.org\/?p=2706","title":{"rendered":"\u00ab La Violence, l\u2019Univers Carc\u00e9ral et les Prisonniers Politiques au Maroc \u00bb"},"content":{"rendered":"<p>Le combat du Mouvement marocain du 20 F\u00e9vrier pour la libert\u00e9, la dignit\u00e9, l\u2019\u00e9galit\u00e9 et la justice sociale ne saurait faiblir. La mobilisation n\u2019a pas cess\u00e9 malgr\u00e9 les intimidations, la r\u00e9pression et l\u2019emprisonnement des militantes et des militants qui manifestent pacifiquement pour leur libert\u00e9 et leur dignit\u00e9.<\/p>\n<p>Le pouvoir marocain, fid\u00e8le \u00e0 sa politique anti-populaire et anti-d\u00e9mocratique, continue \u00e0 museler les voix libres des militantes et des militants et \u00e0 \u00e9touffer toute aspiration \u00e0 la libert\u00e9 et au changement d\u00e9mocratique.<\/p>\n<p>Le Mouvement marocain du 20 F\u00e9vrier Paris\/IDF :<\/p>\n<p>&#8211; R\u00e9affirme son soutien et exprime sa totale solidarit\u00e9 avec les prisonni\u00e8r(e)s politiques au Maroc et condamne la r\u00e9pression syst\u00e9matique du r\u00e9gime marocain,<\/p>\n<p>&#8211; D\u00e9nonce les jugements pr\u00e9fabriqu\u00e9s par l\u2019appareil judiciaire marocain qui cherche \u00e0 briser la d\u00e9termination des militantes et militants libres qui luttent pour un Etat de droit.<\/p>\n<p>Dans le cadre de la campagne d&rsquo;information et de sensibilisation, pour la lib\u00e9ration des d\u00e9tenu(e)s politiques, nous appelons toutes les militantes et tous les militants, engag\u00e9(e)s \u00e0 exprimer pacifiquement leur indignation face \u00e0 l&rsquo;injustice que subissent plus de 170 d\u00e9tenu(e)s politiques, dont 70 emprisonn\u00e9s depuis le 20 F\u00e9vrier 2011, victimes de leurs engagements pour la d\u00e9mocratie au Maroc et contre la dictature opprimante du Makhzen.<\/p>\n<p><b>A cet effet, nous vous invitons \u00e0 une conf\u00e9rence\/d\u00e9bat sur les d\u00e9tenu(e)s politiques suivie d\u2019une projection et d\u2019une soir\u00e9e artistique le 01 D\u00e9cembre 2012 \u00e0 18H au 33 Rue des Vignoles 75020 Paris.<\/b><\/p>\n<p><iframe loading=\"lazy\" src=\"https:\/\/maps.google.fr\/maps?f=q&amp;source=s_q&amp;hl=fr&amp;geocode=&amp;q=au+33+Rue+des+Vignoles+75020+Paris&amp;sll=46.22475,2.0517&amp;sspn=20.255205,46.538086&amp;ie=UTF8&amp;hq=au+33+Rue+des+Vignoles&amp;hnear=75020+Paris,+%C3%8Ele-de-France&amp;ll=48.856902,2.403019&amp;spn=0.007394,0.008693&amp;t=m&amp;output=embed\" width=\"425\" height=\"350\" frameborder=\"0\" marginwidth=\"0\" marginheight=\"0\" scrolling=\"no\"><\/iframe><br \/>\n<small><a style=\"color: #0000ff; text-align: left;\" href=\"https:\/\/maps.google.fr\/maps?f=q&amp;source=embed&amp;hl=fr&amp;geocode=&amp;q=au+33+Rue+des+Vignoles+75020+Paris&amp;sll=46.22475,2.0517&amp;sspn=20.255205,46.538086&amp;ie=UTF8&amp;hq=au+33+Rue+des+Vignoles&amp;hnear=75020+Paris,+%C3%8Ele-de-France&amp;ll=48.856902,2.403019&amp;spn=0.007394,0.008693&amp;t=m\">Agrandir le plan<\/a><\/small><\/p>\n<p>Mobilisons-nous, pour soutenir la lutte du peuple marocain pour le droit de vivre dans un pays de dignit\u00e9, d\u2019\u00e9galit\u00e9, de libert\u00e9 et de justice sociale.<\/p>\n<p>Vive le mouvement du 20 F\u00e9vrier, vive la lutte du peuple Marocain.<\/p>\n<p>mvt20fevrierparisidf@gmail.com<\/p>\n<p>Premiers signataires :<\/p>\n<p><b>Association des travailleurs maghr\u00e9bins en France (ATMF)<\/b> \u2013 Conf\u00e9d\u00e9ration nationale du travail (CNT)- La Voie D\u00e9mocratique Paris &#8211; Association Marocaine des Droits Humains Paris\/IDF (AMDH-PARIS\/IDF) &#8211; L&rsquo;inter-collectif de soutien aux luttes des peuples du monde arabe (Inter-Co)- Sortir du Colonialisme, La coordination de soutien au mouvement de 20 f\u00e9vrier \u2013 Bruxelles, Pour une alternative r\u00e9volutionnaire (Badil Tawri), Le Comit\u00e9 de soutien au Mouvement du 20 F\u00e9vrier &#8211; Montpellier, FCSME, Association de D\u00e9fense des Droits de l&rsquo;Homme au Maroc (ASDHOM), Association des Marocains en France (AMF)&#8230;.<\/p>\n","protected":false},"excerpt":{"rendered":"<p>Le combat du Mouvement marocain du 20 F\u00e9vrier pour la libert\u00e9, la dignit\u00e9, l\u2019\u00e9galit\u00e9 et la justice sociale ne saurait faiblir. La mobilisation n\u2019a pas cess\u00e9 malgr\u00e9 les intimidations, la r\u00e9pression et l\u2019emprisonnement des militantes et des militants qui manifestent &hellip; <a href=\"https:\/\/www.atmf.org\/?p=2706\">Continue reading <span class=\"meta-nav\">&rarr;<\/span><\/a><\/p>\n","protected":false},"author":1,"featured_media":0,"comment_status":"closed","ping_status":"closed","sticky":false,"template":"","format":"standard","meta":{"ngg_post_thumbnail":0,"_monsterinsights_skip_tracking":false,"_monsterinsights_sitenote_active":false,"_monsterinsights_sitenote_note":"","_monsterinsights_sitenote_category":0,"footnotes":""},"categories":[79],"tags":[],"class_list":["post-2706","post","type-post","status-publish","format-standard","hentry","category-maghreb"],"_links":{"self":[{"href":"https:\/\/www.atmf.org\/index.php?rest_route=\/wp\/v2\/posts\/2706","targetHints":{"allow":["GET"]}}],"collection":[{"href":"https:\/\/www.atmf.org\/index.php?rest_route=\/wp\/v2\/posts"}],"about":[{"href":"https:\/\/www.atmf.org\/index.php?rest_route=\/wp\/v2\/types\/post"}],"author":[{"embeddable":true,"href":"https:\/\/www.atmf.org\/index.php?rest_route=\/wp\/v2\/users\/1"}],"replies":[{"embeddable":true,"href":"https:\/\/www.atmf.org\/index.php?rest_route=%2Fwp%2Fv2%2Fcomments&post=2706"}],"version-history":[{"count":1,"href":"https:\/\/www.atmf.org\/index.php?rest_route=\/wp\/v2\/posts\/2706\/revisions"}],"predecessor-version":[{"id":3321,"href":"https:\/\/www.atmf.org\/index.php?rest_route=\/wp\/v2\/posts\/2706\/revisions\/3321"}],"wp:attachment":[{"href":"https:\/\/www.atmf.org\/index.php?rest_route=%2Fwp%2Fv2%2Fmedia&parent=2706"}],"wp:term":[{"taxonomy":"category","embeddable":true,"href":"https:\/\/www.atmf.org\/index.php?rest_route=%2Fwp%2Fv2%2Fcategories&post=2706"},{"taxonomy":"post_tag","embeddable":true,"href":"https:\/\/www.atmf.org\/index.php?rest_route=%2Fwp%2Fv2%2Ftags&post=2706"}],"curies":[{"name":"wp","href":"https:\/\/api.w.org\/{rel}","templated":true}]}}