{"id":2716,"date":"2013-01-04T10:54:54","date_gmt":"2013-01-04T10:54:54","guid":{"rendered":"http:\/\/new.atmf.org\/?p=2716"},"modified":"2015-02-18T16:47:36","modified_gmt":"2015-02-18T15:47:36","slug":"colloque-farhat-hached-1952-2012-2","status":"publish","type":"post","link":"https:\/\/www.atmf.org\/?p=2716","title":{"rendered":"Colloque Farhat Hached 1952 \u2013 2012 &#8211; 60 Ans"},"content":{"rendered":"<p>Il y a 60 ans, le 5 d\u00e9cembre 1952, Fahrat Hached, fondateur en 1946 et depuis secr\u00e9taire g\u00e9n\u00e9ral de l\u2019Union g\u00e9n\u00e9rale des travailleurs tunisiens en m\u00eame temps que l\u2019un des principaux leaders alors du mouvement national tunisien, a \u00e9t\u00e9 assassin\u00e9 \u00e0 Tunis. Ce crime a \u00e9t\u00e9 commis, sous le couvert d\u2019une organisation terroriste baptis\u00e9e \u00abla Main rouge\u00bb, par une branche du service fran\u00e7ais du SDECE qui, depuis sa cr\u00e9ation en janvier 1946, d\u00e9pendait directement du pr\u00e9sident du Conseil, celui-ci<br \/>\n\u00e9tant alors Antoine Pinay. Il est temps que, 60 ans plus tard, la responsabilit\u00e9 de ce crime, qui a provoqu\u00e9 une immense \u00e9motion en Tunisie a pes\u00e9 lourdement sur l\u2019avenir de ce pays, soit enfin reconnue.<\/p>\n<p>Apr\u00e8s avoir rappel\u00e9 les faits, le colloque interpellera les autorit\u00e9s fran\u00e7aises sur le r\u00f4le du gouvernement de l\u2019\u00e9poque et demandera l\u2019ouverture de toutes les archives relatives \u00e0 ce crime. Il soul\u00e8vera aussi les questions pos\u00e9es par les d\u00e9clarations, en d\u00e9cembre 2009, \u00e0 la cha\u00eene de t\u00e9l\u00e9vision Al Jazira d\u2019un citoyen fran\u00e7ais qui a revendiqu\u00e9 avoir appartenu de cette organisation, d\u00e9clar\u00e9 \u00absi c\u2019\u00e9tait \u00e0 refaire, je<br \/>\nreferais\u00bb et estim\u00e9 l\u2019assassinat de Farhat Hached \u00abl\u00e9gitime\u00bb. Un point sera fait sur la plainte d\u00e9pos\u00e9e contre lui, pour apologie de crimes de guerre, en mars 2010 par les membres de la famille Hached, la LDH et la FIDH.<\/p>\n<p>Par la suite, le m\u00eame service du SDECE, avec l\u2019aval d\u2019autres chefs du<br \/>\ngouvernement, a continu\u00e9 \u00e0 assassiner des personnalit\u00e9s engag\u00e9es dans le combat anticolonial. Le 21 mai 1959, l\u2019un des avocats qui d\u00e9fendait les ind\u00e9pendantistes alg\u00e9riens, Me Amokrane Ould Aoudia, du barreau de Paris, a \u00e9t\u00e9 assassin\u00e9 dans le IIe arrondissement, rue Saint-Marc, en sortant de son cabinet, par des agents du Service action du SDECE, avec l\u2019aval du Premier ministre Michel Debr\u00e9.<\/p>\n<p>Le 29 octobre 1965, des policiers fran\u00e7ais d\u00e9pendant du SDECE ont pr\u00eat\u00e9 la main \u00e0 l\u2019enl\u00e8vement en plein Paris, boulevard Saint-Germain, de l\u2019homme politique marocain et leader tiers-mondiste Mehdi Ben Barka, qui a \u00e9t\u00e9 suivi de sa disparition; jusqu\u2019\u00e0 ce jour, les Etats fran\u00e7ais et marocains n\u2019ont pas reconnu leurs responsabilit\u00e9s<br \/>\ndans son assassinat.<\/p>\n<p>Le 4 mai 1978,Henri Curiel, qui avait anim\u00e9 un r\u00e9seau fran\u00e7ais de soutien \u00e0 la lutte d\u2019ind\u00e9pendance alg\u00e9rienne puis soutenu l\u2019action de Ben Barka, a \u00e9t\u00e9 assassin\u00e9 \u00e0 Paris, dans le Ve arrondissement, par des hommes du Service action du SDECE.<\/p>\n<p>Apr\u00e8s l&rsquo;affaire Ben Barka, De Gaulle avait rattach\u00e9 le SDECE au minist\u00e8re desArm\u00e9es et soumis les homicides de son Service action \u00e0 l\u2019aval du Pr\u00e9sident de la R\u00e9publique ; le pr\u00e9sident \u00e9tait alors Val\u00e9ry Giscard d\u2019Estaing. Il est temps que la v\u00e9rit\u00e9 soit dite sur ces meurtres.<\/p>\n<p><b>I N V I T A T I O N<\/b><\/p>\n<p>Association V\u00e9rit\u00e9 et Justice pour Farhat Hached<\/p>\n<p>Colloque Farhat Hached 1952 \u2013 2012 &#8211; 60 Ans<\/p>\n<p><b>A QUAND LA VERITE SUR LES CRIMES COLONIAUX ?<\/b><\/p>\n<p>F. HACHED \u2013 Me A. OULD AOUDIA &#8211; M. BEN BARKA \u2013 H. CURIEL\u2026.<\/p>\n<p><b>Samedi 12 Janvier 2013 de 9H \u00e0 17h<\/b><\/p>\n<p>L\u2019ASSEMBLEE NATIONALE &#8211; Salle COLBERT<\/p>\n<p>126, rue de l\u2019Universit\u00e9 \u2013 75007<\/p>\n<p>M\u00e9tro \u2013 Assembl\u00e9e Nationale \u2013 Ligne 12<\/p>\n<p>A l\u2019Invitation de :<\/p>\n<p>&#8211; Mme la D\u00e9put\u00e9e Marie Georges Buffet<br \/>\n&#8211; Mr le D\u00e9put\u00e9 Noel Mam\u00e8re<br \/>\n&#8211; Mr le D\u00e9put\u00e9 Pouria Amirshahi<br \/>\n&#8211; Pr\u00e9side par M. Houcine Abassi Secr\u00e9taire G\u00e9n\u00e9ral de l\u2019 UGTT<\/p>\n<p>En pr\u00e9sence de plusieurs personnalit\u00e9s :<\/p>\n<p>&#8211; Mr Adel Fkih &#8211; Ambassadeur de Tunisie \u00e0 Paris<br \/>\n&#8211; Mr Kh\u00e9maies Chammari \u2013 Ambassadeur de Tunisie \u00e0 l\u2019UNESCO<br \/>\n&#8211; Mme Souhayr Belhassen &#8211; Pr\u00e9sidente de la FIDH<br \/>\n&#8211; Mr Kamel Jendoubi &#8211; Pr\u00e9sident de l\u2019 ISIE<\/p>\n<p><b>En association avec : l\u2019Institut Mehdi Ben Barka &#8211; Sortir du Colonialisme<\/b><\/p>\n<p><b>Avec le Soutien des syndicats fran\u00e7ais<\/b> :<\/p>\n<p>CFDT \u2013 CGT \u2013 FSU \u2013 Union Syndicale Solidaires \u2013 UNSA &#8211; Force Ouvri\u00e8re<\/p>\n<p><b>Ainsi que les associations<\/b> :<\/p>\n<p>CTDL \u2013 FTCR \u2013 ATF \u2013 ADTF \u2013 UTIT \u2013 CRLDHT \u2013 AIDDA \u2013 Collectif 3 C \u2013 MCTF \u2013 REMCC \u2013 LDH \u2013 MRAP \u2013 ATTAC \u2013 <b>ATMF <\/b> \u2013 AMF \u2013 ASDHOM &#8211; le Manifeste des Libert\u00e9s \u2013 ACDA \u2013 C\u00e9d\u00e9tim \u2013 l\u2019ACORT \u2026.<\/p>\n<p><b>PROGRAMME DE LA JOURNEE<\/b><\/p>\n<p>MATINEE<\/p>\n<p>9h : Accueil des participants<\/p>\n<p>9h30 : Intervention de bienvenue d\u2019un \u00e9lu de l\u2019 Assembl\u00e9e nationale<\/p>\n<p>9h35 : Ouverture du colloque par Houcine Abassi &#8211; Secr\u00e9taire g\u00e9n\u00e9ral de l\u2019 UGTT<\/p>\n<p>9H45 : Recherche et travaux sur Farhat Hached, \u00e9tat des lieux, par Abdelwahad Mokni &#8211; historien, Tunisie<\/p>\n<p>10h05 : Hached dans la \u00ab m\u00e9moire tunisienne \u00bb par Hichem bdessamad &#8211; historien, AVJ-FH<\/p>\n<p>10h25 : T\u00e9moignage sur F. Hached par Nourreddine Hached<\/p>\n<p>10h35 : Les r\u00e9percussions de l\u2019assassinat de Hached sur le mouvement national marocain par Najib Taki &#8211; historien, Maroc<\/p>\n<p>10h55 : Pause caf\u00e9<\/p>\n<p>11h10 : Projection d\u2019un extrait du film d\u2019al Jazira de 2009<\/p>\n<p>11h20 : Le point sur la plainte d\u00e9pos\u00e9e contre Antoine Melero, par Me Houcine Bardi, AVJ-FH avocat au barreau de Paris et Conseil de la famille Hached<\/p>\n<p>11h40 : D\u00e9bat<\/p>\n<p><b>APRES-MIDI<\/b><\/p>\n<p>14h : Trois cas embl\u00e9matiques des responsabilit\u00e9s des services fran\u00e7ais dans les assassinats de militants anticoloniaux, introduction par Gilles Manceron, historien &#8211; LDH<\/p>\n<p>14h10 : l\u2019assassinat de Me Amokrane Ould-Aoudia, par Jean-Philippe Ould-Aoudia<\/p>\n<p>14h30 : L\u2019enl\u00e8vement de Mehdi Ben Barka, par B\u00e9chir Ben Barka<\/p>\n<p>14h50 : L\u2019assassinat de Henri Curiel \u00e0 Paris en 1978, par Sylvie Braibant &#8211; Journaliste<\/p>\n<p>15h20 : Conna\u00eetre et reconna\u00eetre les responsabilit\u00e9s politiques fran\u00e7aises dans les crimes coloniaux, par R\u00e9n\u00e9 Gallissot, professeur \u00e9m\u00e9rite \u00e0 Paris VIII<\/p>\n<p>15h40 : R\u00e9flexions sur les d\u00e9marches juridiques relatives aux crimes<br \/>\nColoniaux, par Michel Tubiana &#8211; pr\u00e9sident du R\u00e9seau euro-m\u00e9diterran\u00e9en des droits de l\u2019Homme<\/p>\n<p>16h : D\u00e9bat<\/p>\n<p>16h50 : Conclusion, H\u00e9di Jilani &#8211; pr\u00e9sident de AVJ-FH<\/p>\n<p>17h : Fin des travaux.<\/p>\n<p>Pour s\u2019inscrire : vj.fhached@gmail.com<\/p>\n<p>Attention : Pi\u00e8ce d\u2019identit\u00e9 obligatoire pour entrer \u00e0 l\u2019Assembl\u00e9e<\/p>\n<p><b>Contact <\/b> :<\/p>\n<p>&#8212; Nacer Jelloul : 06 43 00 67 15 &#8212; Abderrazek Bouazizi : 06 51 75 69 69 &#8212; Mrad Gadhoumi : 06 84 47 86 07<\/p>\n","protected":false},"excerpt":{"rendered":"<p>Il y a 60 ans, le 5 d\u00e9cembre 1952, Fahrat Hached, fondateur en 1946 et depuis secr\u00e9taire g\u00e9n\u00e9ral de l\u2019Union g\u00e9n\u00e9rale des travailleurs tunisiens en m\u00eame temps que l\u2019un des principaux leaders alors du mouvement national tunisien, a \u00e9t\u00e9 assassin\u00e9 &hellip; <a href=\"https:\/\/www.atmf.org\/?p=2716\">Continue reading <span class=\"meta-nav\">&rarr;<\/span><\/a><\/p>\n","protected":false},"author":1,"featured_media":0,"comment_status":"closed","ping_status":"closed","sticky":false,"template":"","format":"standard","meta":{"ngg_post_thumbnail":0,"_monsterinsights_skip_tracking":false,"_monsterinsights_sitenote_active":false,"_monsterinsights_sitenote_note":"","_monsterinsights_sitenote_category":0,"footnotes":""},"categories":[82,79],"tags":[],"class_list":["post-2716","post","type-post","status-publish","format-standard","hentry","category-communiques","category-maghreb"],"_links":{"self":[{"href":"https:\/\/www.atmf.org\/index.php?rest_route=\/wp\/v2\/posts\/2716","targetHints":{"allow":["GET"]}}],"collection":[{"href":"https:\/\/www.atmf.org\/index.php?rest_route=\/wp\/v2\/posts"}],"about":[{"href":"https:\/\/www.atmf.org\/index.php?rest_route=\/wp\/v2\/types\/post"}],"author":[{"embeddable":true,"href":"https:\/\/www.atmf.org\/index.php?rest_route=\/wp\/v2\/users\/1"}],"replies":[{"embeddable":true,"href":"https:\/\/www.atmf.org\/index.php?rest_route=%2Fwp%2Fv2%2Fcomments&post=2716"}],"version-history":[{"count":1,"href":"https:\/\/www.atmf.org\/index.php?rest_route=\/wp\/v2\/posts\/2716\/revisions"}],"predecessor-version":[{"id":3253,"href":"https:\/\/www.atmf.org\/index.php?rest_route=\/wp\/v2\/posts\/2716\/revisions\/3253"}],"wp:attachment":[{"href":"https:\/\/www.atmf.org\/index.php?rest_route=%2Fwp%2Fv2%2Fmedia&parent=2716"}],"wp:term":[{"taxonomy":"category","embeddable":true,"href":"https:\/\/www.atmf.org\/index.php?rest_route=%2Fwp%2Fv2%2Fcategories&post=2716"},{"taxonomy":"post_tag","embeddable":true,"href":"https:\/\/www.atmf.org\/index.php?rest_route=%2Fwp%2Fv2%2Ftags&post=2716"}],"curies":[{"name":"wp","href":"https:\/\/api.w.org\/{rel}","templated":true}]}}