{"id":2724,"date":"2013-02-07T23:37:27","date_gmt":"2013-02-07T23:37:27","guid":{"rendered":"http:\/\/new.atmf.org\/?p=2724"},"modified":"2015-02-18T17:00:55","modified_gmt":"2015-02-18T16:00:55","slug":"non-aux-assassinats-politiques-en-2","status":"publish","type":"post","link":"https:\/\/www.atmf.org\/?p=2724","title":{"rendered":"Non aux assassinats politiques en Tunisie"},"content":{"rendered":"<p>CHOKRY BELA\u00cfD, secr\u00e9taire g\u00e9n\u00e9ral du Parti Unifi\u00e9 des Patriotes D\u00e9mocrates et dirigeant du Front Populaire, assassin\u00e9 le 6 f\u00e9vrier 2013 est une perte pour toutes celles et ceux qui pr\u00f4nent la libert\u00e9, la dignit\u00e9, la justice et le respect des droits de l\u2019Homme.<\/p>\n<p>Les militantes et les militants de l\u2019ATMF pr\u00e9sentent leurs sinc\u00e8res condol\u00e9ances \u00e0 sa famille, \u00e0 ses proches et au peuple tunisien.<br \/>\nCet assassinat politique du combattant de la libert\u00e9 et pour la d\u00e9mocratie en Tunisie n&rsquo;est que la cons\u00e9quence directe des discours de haine et d&rsquo;appel au meurtre des obscurantistes et des opposants \u00e0 la r\u00e9volution tunisienne qui a chass\u00e9 du pouvoir le dictateur Ben Ali.<br \/>\nCHOKRY BELA\u00cfD se savait menac\u00e9, il signala ces menaces aux autorit\u00e9s tunisiennes. Il n\u2019a jamais c\u00e9d\u00e9 aux intimidations et aux actes de violences.<\/p>\n<p>CHOKRY BELA\u00cfD a \u00e9t\u00e9 la voix libre qui d\u00e9non\u00e7ait les injustices et les discours haineux contre les d\u00e9mocrates et toutes celles et ceux qui aspirent \u00e0 la libert\u00e9 et \u00e0 l&rsquo;Etat de droit en Tunisie.<br \/>\nL&rsquo;ATMF condamne avec fermet\u00e9 ce crime politique odieux, et exige des autorit\u00e9s tunisiennes que tout soit mis en \u0153uvre pour arr\u00eater les criminels et que justice soit rendue.<\/p>\n<p>L\u2019ATMF, fid\u00e8le \u00e0 ses engagements, continuera son soutien et son combat avec toutes les forces progressistes, aussi bien ici en France, que de l\u2019autre c\u00f4t\u00e9 de la m\u00e9diterran\u00e9e, pour une Tunisie libre et d\u00e9mocratique.<\/p>\n<p>Paris, le jeudi 7 f\u00e9vrier 2013, Le BN de l\u2019ATMF<\/p>\n","protected":false},"excerpt":{"rendered":"<p>CHOKRY BELA\u00cfD, secr\u00e9taire g\u00e9n\u00e9ral du Parti Unifi\u00e9 des Patriotes D\u00e9mocrates et dirigeant du Front Populaire, assassin\u00e9 le 6 f\u00e9vrier 2013 est une perte pour toutes celles et ceux qui pr\u00f4nent la libert\u00e9, la dignit\u00e9, la justice et le respect des &hellip; <a href=\"https:\/\/www.atmf.org\/?p=2724\">Continue reading <span class=\"meta-nav\">&rarr;<\/span><\/a><\/p>\n","protected":false},"author":1,"featured_media":0,"comment_status":"closed","ping_status":"closed","sticky":false,"template":"","format":"standard","meta":{"ngg_post_thumbnail":0,"_monsterinsights_skip_tracking":false,"_monsterinsights_sitenote_active":false,"_monsterinsights_sitenote_note":"","_monsterinsights_sitenote_category":0,"footnotes":""},"categories":[82,79],"tags":[],"class_list":["post-2724","post","type-post","status-publish","format-standard","hentry","category-communiques","category-maghreb"],"_links":{"self":[{"href":"https:\/\/www.atmf.org\/index.php?rest_route=\/wp\/v2\/posts\/2724","targetHints":{"allow":["GET"]}}],"collection":[{"href":"https:\/\/www.atmf.org\/index.php?rest_route=\/wp\/v2\/posts"}],"about":[{"href":"https:\/\/www.atmf.org\/index.php?rest_route=\/wp\/v2\/types\/post"}],"author":[{"embeddable":true,"href":"https:\/\/www.atmf.org\/index.php?rest_route=\/wp\/v2\/users\/1"}],"replies":[{"embeddable":true,"href":"https:\/\/www.atmf.org\/index.php?rest_route=%2Fwp%2Fv2%2Fcomments&post=2724"}],"version-history":[{"count":1,"href":"https:\/\/www.atmf.org\/index.php?rest_route=\/wp\/v2\/posts\/2724\/revisions"}],"predecessor-version":[{"id":3262,"href":"https:\/\/www.atmf.org\/index.php?rest_route=\/wp\/v2\/posts\/2724\/revisions\/3262"}],"wp:attachment":[{"href":"https:\/\/www.atmf.org\/index.php?rest_route=%2Fwp%2Fv2%2Fmedia&parent=2724"}],"wp:term":[{"taxonomy":"category","embeddable":true,"href":"https:\/\/www.atmf.org\/index.php?rest_route=%2Fwp%2Fv2%2Fcategories&post=2724"},{"taxonomy":"post_tag","embeddable":true,"href":"https:\/\/www.atmf.org\/index.php?rest_route=%2Fwp%2Fv2%2Ftags&post=2724"}],"curies":[{"name":"wp","href":"https:\/\/api.w.org\/{rel}","templated":true}]}}