{"id":2727,"date":"2013-02-22T16:03:04","date_gmt":"2013-02-22T16:03:04","guid":{"rendered":"http:\/\/new.atmf.org\/?p=2727"},"modified":"2015-02-18T16:59:13","modified_gmt":"2015-02-18T15:59:13","slug":"algerie-reunion-des-chomeurs-2","status":"publish","type":"post","link":"https:\/\/www.atmf.org\/?p=2727","title":{"rendered":"ALGERIE : R\u00e9union des ch\u00f4meurs maghr\u00e9bins r\u00e9prim\u00e9es (Communiqu\u00e9 commun)"},"content":{"rendered":"<p>Mercredi 20 f\u00e9vrier 2013 \u00e0 9h00 du matin, 11 ch\u00f4meurs, de nationalit\u00e9 tunisienne, Marocaine et mauritanienne, venus assister au premier forum des ch\u00f4meurs et des travailleurs pr\u00e9caires, initi\u00e9 par le SNAPAP (Syndicat National Autonome de l&rsquo;Administration Publique) dans le cadre de la dynamique de la pr\u00e9paration du FSM (Forum Social Mondial), ont \u00e9t\u00e9 arr\u00eat\u00e9 \u00e0 leur h\u00f4tel \u00e0 Alger et reconduits \u00e0 la fronti\u00e8re comme de vulgaires d\u00e9linquants apr\u00e8s avoir pass\u00e9 la journ\u00e9e au commissariat de Bab-Ezzouar. Le si\u00e8ge du SNAPAP \u00e0 Alger a \u00e9t\u00e9 \u00e9galement encercl\u00e9 pour emp\u00eacher toute participation \u00e0 la rencontre. Deux des organisateurs alg\u00e9riens ont \u00e9t\u00e9 \u00e9galement arr\u00eat\u00e9s et ont pass\u00e9 la journ\u00e9e au commissariat avant d&rsquo;\u00eatre rel\u00e2ch\u00e9s en fin d&rsquo;apr\u00e8s-midi.<\/p>\n<p>Le jour m\u00eame, dans la wilaya de Laghouat, des jeunes ch\u00f4meurs voulant se rassembler pacifiquement devant le bureau de main d&rsquo;\u0153uvre ont \u00e9galement \u00e9t\u00e9 interpell\u00e9s et r\u00e9prim\u00e9s par les forces de l&rsquo;ordre.<\/p>\n<p>Nous, associations regroup\u00e9es dans le cadre du FALDI, exprimons notre indignation face aux m\u00e9thodes des autorit\u00e9s alg\u00e9riennes et soutenons par la pr\u00e9sente nos amis des collectifs dipl\u00f4m\u00e9s ch\u00f4meurs tunisiens, marocains, mauritaniens et alg\u00e9riens pour les humiliations et pr\u00e9judices subis de la part des autorit\u00e9s alg\u00e9riennes.<\/p>\n<p>Exprimons notre solidarit\u00e9 avec le SNAPAP et les organisations de ch\u00f4meurs\/euses maghr\u00e9bines (ANDCM, UDC, AMDC) et notre soutien \u00e0 leur lutte contre le ch\u00f4mage et la pr\u00e9carit\u00e9.<\/p>\n<p>Demandons :<\/p>\n<p>&#8211; L&rsquo;arr\u00eat de toute forme de harc\u00e8lement et d&rsquo;intimidation envers tous les militants et d\u00e9fenseurs de droits Humains<\/p>\n<p>&#8211; Que soient prises toutes les mesures n\u00e9cessaires au bon respect des libert\u00e9s fondamentales et des libert\u00e9s syndicales, conform\u00e9ment \u00e0 la Constitution alg\u00e9rienne et les dispositions du Pacte international pour les droits civils et politiques (PIDCP) et des Conventions de l&rsquo;OIT, ratifi\u00e9s par l&rsquo;Alg\u00e9rie.<\/p>\n<p>&#8211; Le respect du droit de r\u00e9union et de manifestations pacifiques.<\/p>\n<p>&#8211; L&rsquo;ouverture d&rsquo;un dialogue avec les organisations de ch\u00f4meurs et syndicales.<\/p>\n<p>&#8211; Ne pas entraver la venue au FSM des d\u00e9l\u00e9gations alg\u00e9riennes et de la soci\u00e9t\u00e9 civile<\/p>\n<p>Contacts :<\/p>\n<p>\u00b7 cherbib@gmail.com Portable : 06 50 52 04 16<\/p>\n<p>\u00b7 delkherchi@yahoo.fr Portable : 06 22 50 48 00<\/p>\n<p>Paris, le 21 f\u00e9vrier 2012<\/p>\n<p><b>Premiers signataires<\/b> :<\/p>\n<p>AMF\/ ATF\/ ATMF\/ FTCR\/ ACORT\/ ASDHOM \/ ACDA\/ FCMA\/ CSP92\/ IDD\/ UTIT\/ CRLDHT\/ N\u2019AOURA Belgique \/ EMCEMO-Amsterdam\/ MIGRATION SANTE\/ FASTI\/ \u00ab\u00a0Coordination R\u00e9gionale Rh\u00f4ne-Alpes de Solidarit\u00e9 avec les Sans Papiers \/MANIFESTE DES LIBERTES\/ ELGHORBA\/ AFAPREDESA\/ CORELSO\/FEMMES PLURIELLES\/ COLLECTIF DES COMMUNAUTES SUBSAHARIENNES AU MAROC\/ ICI ET LA\/ REMCC\/ COLLECTIF 3C\/ AIDDA\/ MCTF\/ APCV\/ATTS Suisse\/ UNIT\/ FSQP\/ CSP75\/ ATTAC\/ ASTU &#8211; ACTIONS CITOYENNES INTERCULTURELLES- Strasbourg\/FCSME,\/ Conseil des Migrants (Maroc)\/ ODT (migrants Maroc)<\/p>\n","protected":false},"excerpt":{"rendered":"<p>Mercredi 20 f\u00e9vrier 2013 \u00e0 9h00 du matin, 11 ch\u00f4meurs, de nationalit\u00e9 tunisienne, Marocaine et mauritanienne, venus assister au premier forum des ch\u00f4meurs et des travailleurs pr\u00e9caires, initi\u00e9 par le SNAPAP (Syndicat National Autonome de l&rsquo;Administration Publique) dans le cadre &hellip; <a href=\"https:\/\/www.atmf.org\/?p=2727\">Continue reading <span class=\"meta-nav\">&rarr;<\/span><\/a><\/p>\n","protected":false},"author":1,"featured_media":0,"comment_status":"closed","ping_status":"closed","sticky":false,"template":"","format":"standard","meta":{"ngg_post_thumbnail":0,"_monsterinsights_skip_tracking":false,"_monsterinsights_sitenote_active":false,"_monsterinsights_sitenote_note":"","_monsterinsights_sitenote_category":0,"footnotes":""},"categories":[82,79],"tags":[],"class_list":["post-2727","post","type-post","status-publish","format-standard","hentry","category-communiques","category-maghreb"],"_links":{"self":[{"href":"https:\/\/www.atmf.org\/index.php?rest_route=\/wp\/v2\/posts\/2727","targetHints":{"allow":["GET"]}}],"collection":[{"href":"https:\/\/www.atmf.org\/index.php?rest_route=\/wp\/v2\/posts"}],"about":[{"href":"https:\/\/www.atmf.org\/index.php?rest_route=\/wp\/v2\/types\/post"}],"author":[{"embeddable":true,"href":"https:\/\/www.atmf.org\/index.php?rest_route=\/wp\/v2\/users\/1"}],"replies":[{"embeddable":true,"href":"https:\/\/www.atmf.org\/index.php?rest_route=%2Fwp%2Fv2%2Fcomments&post=2727"}],"version-history":[{"count":1,"href":"https:\/\/www.atmf.org\/index.php?rest_route=\/wp\/v2\/posts\/2727\/revisions"}],"predecessor-version":[{"id":3260,"href":"https:\/\/www.atmf.org\/index.php?rest_route=\/wp\/v2\/posts\/2727\/revisions\/3260"}],"wp:attachment":[{"href":"https:\/\/www.atmf.org\/index.php?rest_route=%2Fwp%2Fv2%2Fmedia&parent=2727"}],"wp:term":[{"taxonomy":"category","embeddable":true,"href":"https:\/\/www.atmf.org\/index.php?rest_route=%2Fwp%2Fv2%2Fcategories&post=2727"},{"taxonomy":"post_tag","embeddable":true,"href":"https:\/\/www.atmf.org\/index.php?rest_route=%2Fwp%2Fv2%2Ftags&post=2727"}],"curies":[{"name":"wp","href":"https:\/\/api.w.org\/{rel}","templated":true}]}}