{"id":2729,"date":"2013-02-27T16:28:35","date_gmt":"2013-02-27T16:28:35","guid":{"rendered":"http:\/\/new.atmf.org\/?p=2729"},"modified":"2015-02-18T16:54:08","modified_gmt":"2015-02-18T15:54:08","slug":"collectif-droit-de-vote-d-2","status":"publish","type":"post","link":"https:\/\/www.atmf.org\/?p=2729","title":{"rendered":"Collectif Droit de Vote d&rsquo;Argenteuil"},"content":{"rendered":"<p>En France, des \u00e9trangers votent d\u00e9j\u00e0 aux \u00e9lections municipales et europ\u00e9ennes. Le Trait\u00e9 de Maastricht (1992) a reconnu le droit de vote et d\u2019\u00e9ligibilit\u00e9 aux citoyens (non fran\u00e7ais) de l\u2019Union europ\u00e9enne r\u00e9sidant en France, pour les \u00e9lections europ\u00e9ennes d\u00e8s 1994 et en 2001 pour les \u00e9lections municipales.<\/p>\n<p>Malheureusement, \u00e0 cette occasion, le principe d\u2019\u00e9galit\u00e9 a \u00e9t\u00e9 bafou\u00e9 et les ressortissants extracommunautaires n\u2019ont pas b\u00e9n\u00e9fi ci\u00e9 de cet \u00e9largissement du suffrage universel.<\/p>\n<p>L\u2019Assembl\u00e9e nationale en 2000, puis le S\u00e9nat en d\u00e9cembre 2011 ont vot\u00e9 un projet de loi qui ouvre la possibilit\u00e9 pour tous les \u00e9trangers r\u00e9sidant l\u00e9galement sur le territoire depuis 5 ans au moins, de pouvoir<br \/>\nvoter aux \u00e9lections municipales.<\/p>\n<p>Dans son 50\u00e8me engagement devant les fran\u00e7ais lors de la campagne \u00e9lectorale des pr\u00e9sidentielles, Fran\u00e7ois Hollande s\u2019\u00e9tait engag\u00e9 pour que ce droit devienne effectif.<br \/>\nJean-Marc Ayrault l\u2019avait \u00e9galement rappel\u00e9 lors de sa d\u00e9claration de politique g\u00e9n\u00e9rale devant les assembl\u00e9es d\u00e9but juillet 2012. Les promesses \u00e9lectorales faites depuis plus de trente ans, approuv\u00e9es par les \u00e9lecteurs et \u00e9lectrices \u00e0 au moins quatre reprises, depuis 1981, doivent maintenant \u00eatre tenues.<\/p>\n<p>&lt;img866|center&gt;<\/p>\n<p>Pr\u00e8s de 2,5 millions d\u2019\u00e9tranger(e)s adultes extracommunautaires vivent en France dont 70 % depuis<br \/>\nplus de 10 ans.<br \/>\nIls et elles sont nos voisins, nos coll\u00e8gues de travail, des parents d\u2019\u00e9l\u00e8ves, des membres<br \/>\nd\u2019associations, de syndicats\u2026<br \/>\nIls et elles paient leurs imp\u00f4ts et participent \u00e0 la vie associative et \u00e9conomique de nos cit\u00e9s;<br \/>\nIls et elles doivent pouvoir participer aux choix que consacrent les \u00e9lections municipales.<br \/>\nEn Europe, de nombreux pays ont d\u00e9j\u00e0 adopt\u00e9 des lois pour le droit de vote de tous les r\u00e9sident(<br \/>\ne)s aux \u00e9lections municipales, favorisant ainsi un vivre ensemble qui s\u2019appuie sur la participation<br \/>\nde tous \u00e0 la d\u00e9mocratie locale.<\/p>\n<p>Plus de 100 organisations (associations, syndicats et partis politiques) se sont r\u00e9unies dans un collectif national pour demander au Pr\u00e9sident de la r\u00e9publique d\u2019engager sans d\u00e9lais le processus de modification de la constitution pour que ce droit soit effectif d\u00e8s les prochaines \u00e9lections municipales en 2014.<\/p>\n<p><b>Cet imp\u00e9ratif d\u2019\u00e9galit\u00e9 et de d\u00e9mocratie est urgent !<\/b><\/p>\n<p>Avec 104 organisations, nous appelons \u00e0 la mobilisation citoyenne<br \/>\nPour que cet \u00e9largissement du suffrage universel, essentiel pour une R\u00e9publique<br \/>\nOuverte et fraternelle, soit mis en oeuvre d\u00e8s les \u00e9lections municipales de 2014 !<\/p>\n<p>Signez la p\u00e9tition : www.droitdevote2014.org<\/p>\n<p>Collectif Droit de vote pour tous les r\u00e9sidents \u00e9trangers d\u00e8s 2014 :<br \/>\nPremiers signataires:<\/p>\n<p>&#8211; Associations: Association des Travailleurs Maghr\u00e9bins de France Argenteuil, Racines et Horizons, La Ruche, Femmes Plurielles, ASDHOM, Maison Amazigh Berb\u00e8re d\u2019Argenteuil, Le Souffl e, Koulal<\/p>\n<p>&#8211; Syndicats: ULCGT d\u2019Argenteuil, UDCGT La Poste,<\/p>\n<p>&#8211; Partis: PS Argenteuil, LO, PCF, Gauche anti-capitaliste, NPA, PCOF<\/p>\n<p>&lt;img867|center&gt;<\/p>\n","protected":false},"excerpt":{"rendered":"<p>En France, des \u00e9trangers votent d\u00e9j\u00e0 aux \u00e9lections municipales et europ\u00e9ennes. Le Trait\u00e9 de Maastricht (1992) a reconnu le droit de vote et d\u2019\u00e9ligibilit\u00e9 aux citoyens (non fran\u00e7ais) de l\u2019Union europ\u00e9enne r\u00e9sidant en France, pour les \u00e9lections europ\u00e9ennes d\u00e8s 1994 &hellip; <a href=\"https:\/\/www.atmf.org\/?p=2729\">Continue reading <span class=\"meta-nav\">&rarr;<\/span><\/a><\/p>\n","protected":false},"author":1,"featured_media":0,"comment_status":"closed","ping_status":"closed","sticky":false,"template":"","format":"standard","meta":{"ngg_post_thumbnail":0,"_monsterinsights_skip_tracking":false,"_monsterinsights_sitenote_active":false,"_monsterinsights_sitenote_note":"","_monsterinsights_sitenote_category":0,"footnotes":""},"categories":[42],"tags":[],"class_list":["post-2729","post","type-post","status-publish","format-standard","hentry","category-votation-citoyenne"],"_links":{"self":[{"href":"https:\/\/www.atmf.org\/index.php?rest_route=\/wp\/v2\/posts\/2729","targetHints":{"allow":["GET"]}}],"collection":[{"href":"https:\/\/www.atmf.org\/index.php?rest_route=\/wp\/v2\/posts"}],"about":[{"href":"https:\/\/www.atmf.org\/index.php?rest_route=\/wp\/v2\/types\/post"}],"author":[{"embeddable":true,"href":"https:\/\/www.atmf.org\/index.php?rest_route=\/wp\/v2\/users\/1"}],"replies":[{"embeddable":true,"href":"https:\/\/www.atmf.org\/index.php?rest_route=%2Fwp%2Fv2%2Fcomments&post=2729"}],"version-history":[{"count":1,"href":"https:\/\/www.atmf.org\/index.php?rest_route=\/wp\/v2\/posts\/2729\/revisions"}],"predecessor-version":[{"id":3257,"href":"https:\/\/www.atmf.org\/index.php?rest_route=\/wp\/v2\/posts\/2729\/revisions\/3257"}],"wp:attachment":[{"href":"https:\/\/www.atmf.org\/index.php?rest_route=%2Fwp%2Fv2%2Fmedia&parent=2729"}],"wp:term":[{"taxonomy":"category","embeddable":true,"href":"https:\/\/www.atmf.org\/index.php?rest_route=%2Fwp%2Fv2%2Fcategories&post=2729"},{"taxonomy":"post_tag","embeddable":true,"href":"https:\/\/www.atmf.org\/index.php?rest_route=%2Fwp%2Fv2%2Ftags&post=2729"}],"curies":[{"name":"wp","href":"https:\/\/api.w.org\/{rel}","templated":true}]}}