{"id":2730,"date":"2013-03-05T09:07:58","date_gmt":"2013-03-05T09:07:58","guid":{"rendered":"http:\/\/new.atmf.org\/?p=2730"},"modified":"2013-03-05T09:07:58","modified_gmt":"2013-03-05T09:07:58","slug":"l-atmf-aix-en-provence-celebre-la-2","status":"publish","type":"post","link":"https:\/\/www.atmf.org\/?p=2730","title":{"rendered":"L&rsquo;ATMF Aix en Provence c\u00e9l\u00e8bre la journ\u00e9e internationale de la femme"},"content":{"rendered":"<p>Dans la dynamique du Forum Social Mondial de Tunis et de Provence.<\/p>\n<p>L&#8217;Association des Travailleurs Maghr\u00e9bins de France Aix en Provence c\u00e9l\u00e8bre la journ\u00e9e internationale de la femme. Rendez-vous, le vendredi 08 mars 2013 \u00e0 partir de 14 h \u00e0 la  Salle du centre social ch\u00e2teau de l&#8217;Horloge 50 place ch\u00e2teau de l&#8217;Horloge au jas de Bouffan 13090 Aix en Provence.<\/p>\n<p><b>PROGRAMME<\/b><\/p>\n<p>&#8211; A partir de 14h : accueil<\/p>\n<p>&#61623; Affichage &#8211; Exposition<\/p>\n<p>&#61623; Stands: ATMF &#8211; ASTI &#8211; LDH &#8211; ATTAC &#8211; UP &#8211; Migrations Sant\u00e9.<\/p>\n<p>&#61623; Ateliers : Calligraphie &#8211; Ecriture &#8211; patchwork &#8211; peinture sur verre &#8211; peinture sur papier &#8211; perles &#8211; tricot-crochet- -henn\u00e9.<\/p>\n<p>&#8211; De 17h\u00e019h :<\/p>\n<p>&#61623; Cercle de parole autour de \u00ab Quelle \u00e9galit\u00e9 des sexes aujourd&#8217;hui ? \u00bb pr\u00e9c\u00e9d\u00e9 par une danse chor\u00e9graphique.<\/p>\n<p>&#61623; Intervention autour de \u00ab Sant\u00e9 et vieillissement des migrantes et des migrants \u00bb<\/p>\n<p>&#8211; 19h pause go\u00fbter<\/p>\n<p>&#8211; De 19h 30 \u00e0 19h 50 : danses avec un groupe de jeunes filles<\/p>\n<p>&#8211; De 20h \u00e0 20h 30 : D\u00e9fil\u00e9 de tenues traditionnelles<\/p>\n<p>&#8211; De 20h 30 \u00e0 21h 30h : Musiques &#8211; Danses &#8211; Chants<\/p>\n<p>&#8212;&#8212;&#8212;&#8212;&#8212;<br \/>\nContact : 09 52 70 09 82 \/ Mail : atmf13@hotmail.fr<br \/>\n&#8212;&#8212;&#8212;&#8212;&#8212;<br \/>\nParticipation des femmes du quartier et les partenaires : Migrations Sant\u00e9, ATTAC, Universit\u00e9 populaire du Pays d&rsquo;Aix, ASTI, Ligue des droits de l&rsquo;Homme, la CAF Du Bouches du Rh\u00f4ne, l&rsquo;ACS\u00e9, Ville d&rsquo;Aix en Provence, la Communaut\u00e9 du Pays d&rsquo;Aix, R\u00e9gion Provence-Alpes-C\u00f4te d&rsquo;Azur, Conseil G\u00e9n\u00e9ral d\u00e9partement des Bouches du Rh\u00f4ne<\/p>\n","protected":false},"excerpt":{"rendered":"<p>Dans la dynamique du Forum Social Mondial de Tunis et de Provence. L&#8217;Association des Travailleurs Maghr\u00e9bins de France Aix en Provence c\u00e9l\u00e8bre la journ\u00e9e internationale de la femme. Rendez-vous, le vendredi 08 mars 2013 \u00e0 partir de 14 h \u00e0 &hellip; <a href=\"https:\/\/www.atmf.org\/?p=2730\">Continue reading <span class=\"meta-nav\">&rarr;<\/span><\/a><\/p>\n","protected":false},"author":1,"featured_media":0,"comment_status":"closed","ping_status":"open","sticky":false,"template":"","format":"standard","meta":{"ngg_post_thumbnail":0,"_monsterinsights_skip_tracking":false,"_monsterinsights_sitenote_active":false,"_monsterinsights_sitenote_note":"","_monsterinsights_sitenote_category":0,"footnotes":""},"categories":[1],"tags":[],"class_list":["post-2730","post","type-post","status-publish","format-standard","hentry","category-non-classe"],"_links":{"self":[{"href":"https:\/\/www.atmf.org\/index.php?rest_route=\/wp\/v2\/posts\/2730","targetHints":{"allow":["GET"]}}],"collection":[{"href":"https:\/\/www.atmf.org\/index.php?rest_route=\/wp\/v2\/posts"}],"about":[{"href":"https:\/\/www.atmf.org\/index.php?rest_route=\/wp\/v2\/types\/post"}],"author":[{"embeddable":true,"href":"https:\/\/www.atmf.org\/index.php?rest_route=\/wp\/v2\/users\/1"}],"replies":[{"embeddable":true,"href":"https:\/\/www.atmf.org\/index.php?rest_route=%2Fwp%2Fv2%2Fcomments&post=2730"}],"version-history":[{"count":0,"href":"https:\/\/www.atmf.org\/index.php?rest_route=\/wp\/v2\/posts\/2730\/revisions"}],"wp:attachment":[{"href":"https:\/\/www.atmf.org\/index.php?rest_route=%2Fwp%2Fv2%2Fmedia&parent=2730"}],"wp:term":[{"taxonomy":"category","embeddable":true,"href":"https:\/\/www.atmf.org\/index.php?rest_route=%2Fwp%2Fv2%2Fcategories&post=2730"},{"taxonomy":"post_tag","embeddable":true,"href":"https:\/\/www.atmf.org\/index.php?rest_route=%2Fwp%2Fv2%2Ftags&post=2730"}],"curies":[{"name":"wp","href":"https:\/\/api.w.org\/{rel}","templated":true}]}}