{"id":2731,"date":"2013-03-07T14:43:48","date_gmt":"2013-03-07T14:43:48","guid":{"rendered":"http:\/\/new.atmf.org\/?p=2731"},"modified":"2015-02-18T17:23:45","modified_gmt":"2015-02-18T16:23:45","slug":"printemps-de-la-palestine-2","status":"publish","type":"post","link":"https:\/\/www.atmf.org\/?p=2731","title":{"rendered":"PRINTEMPS DE LA PALESTINE"},"content":{"rendered":"<p>&lt;img872|center&gt;<\/p>\n<p>&lt;img873|center&gt;<\/p>\n<p>Pour la troisi\u00e8me ann\u00e9e cons\u00e9cutive, neuf associations unissent leurs forces pour organiser du 9 au 24 mars 2013 le festival culturel du Printemps de la Palestine : Al\u00e9Hope, les Amis de la Culture et de la Langue Arabe (ACLA), l\u2019Association France Palestine Solidarit\u00e9 (AFPS), l\u2019<b>Association des Travailleurs Maghr\u00e9bins de France (ATMF)<\/b>, le Centre Lorrain d\u2019Information pour le D\u00e9veloppement (CLID), le Mouvement pour une Alternative Non violente (MAN), le Secours Catholique ,Une Autre Voix Juive (UAVJ) et l\u2019Union juive Fran\u00e7aise pour la Paix (UJFP).<\/p>\n<p>Notre objectif est de faire conna\u00eetre au public de l&rsquo;agglom\u00e9ration nanc\u00e9ienne la culture palestinienne et la r\u00e9alit\u00e9 d\u2019un peuple \u00e0 travers les formes d\u2019expression les plus diverses : cin\u00e9ma, th\u00e9\u00e2tre, musique, chanson, exposition, grafs, conf\u00e9rences et rencontres. Nous voulons montrer que malgr\u00e9 la violence de l\u2019occupation qu&rsquo;il subit en permanence, le peuple palestinien reste un peuple cultiv\u00e9 qui ne m\u00e9rite pas l&rsquo;image \u00ab\u00a0terroriste\u00a0\u00bb&lsquo; que certains donnent trop souvent de lui.<br \/>\nPour toucher un public le plus large possible, au-del\u00e0 de nos associations, nous essayons de travailler au maximum en partenariat avec des institutions culturelles locales, comme vous pourrez le constater dans les grandes lignes du programme.<\/p>\n<p>&#8212;&#8212;&#8212;&#8212;&#8212;&#8212;&#8212;&#8211;<\/p>\n<p>Dans l\u2019inconscient collectif, le printemps, c\u2019est la saison des fleurs et la promesse de beaux fruits juteux et sucr\u00e9s. C\u2019est la saison du miel, celle des amandiers en fleur, la saison des amours et la saison des projets\u2026<br \/>\nAnn\u00e9e apr\u00e8s ann\u00e9e, la Palestine voit passer les printemps et leurs belles esp\u00e9rances, mais l\u2019\u00e9t\u00e9 qui suit n\u2019appelle que l\u2019automne et l\u2019hiver de la d\u00e9solation. Pourtant, malgr\u00e9 les obstacles, malgr\u00e9 les espoirs sans cesse d\u00e9\u00e7us, les Palestiniens continuent \u00e0 croire que le prochain printemps, le prochain printemps\u2026<br \/>\nEn toute hypoth\u00e8se, la vie prend le dessus. Sur les difficult\u00e9s et les larmes, toujours et toujours la cr\u00e9ativit\u00e9 et l\u2019amour prennent le dessus. Les images et le son, la couleur et la beaut\u00e9 sont des outils pour cr\u00e9er, pour ouvrir une route pour le r\u00eave et la passion.<br \/>\nAccompagnons nos amis palestiniens, ces hommes et ces femmes nous apprennent qu\u2019au sortir de l\u2019hiver, toujours, toujours, il y a le printemps !&#8230;<br \/>\nIls nous montrent que, finalement, le Printemps, c\u2019est juste une forme de volont\u00e9.<br \/>\nNous vous invitons \u00e0 d\u00e9couvrir la troisi\u00e8me \u00e9dition du festival culturel du Printemps de la Palestine.<\/p>\n<p>&#8212;&#8212;&#8212;&#8212;&#8212;&#8212;&#8212;&#8212;&#8211;<br \/>\n&lt;img871|center&gt;<\/p>\n<p>&#8211; <b>Du 18 f\u00e9vrier au 9 mars<\/b> &#8211; Maison de l\u2019Etudiant, campus \u00ab Lettres \u00bb de l\u2019Universit\u00e9 de Lorraine, boulevard Albert 1er \u00e0 Nancy &#8211; Exposition-photos \u00ab Palestine, murmures \u00bb de Genevi\u00e8ve Care. Une restitution d\u2019un s\u00e9jour en Palestine compl\u00e8tera ce t\u00e9moignage le mardi 5 mars \u00e0 18h.<\/p>\n<p>&#8211; <b>Du 5 au 16 mars<\/b> &#8211; M\u00e9diath\u00e8que Jules Verne de Vand\u0153uvre, rue de Malines &#8211; Exposition-photos \u00ab Palestine, la saison des olives \u00bb de Genevi\u00e8ve Care. L\u2019artiste pr\u00e9sentera son exposition le mardi 12 mars \u00e0 18h.<\/p>\n<p>&#8211; <b>Samedi 9 mars de 14 \u00e0 17h30<\/b> &#8211; Place Maginot \u00e0 Nancy &#8211; la Palestine dans tous ses \u00e9tats&#8230; projet \u00ab Asseoir l\u2019espoir \u00bb de l\u2019association Al\u00e9 Hope !, performances de grapheurs sur un support mural, d\u00e9ambulations et musique, soupe et vin chaud.<\/p>\n<p>&#8211; <b>Vendredi 15 mars \u00e0 20h15<\/b> &#8211; Cin\u00e9ma Cam\u00e9o St-S\u00e9bastien, 6 rue L\u00e9opold Lallement \u00e0 Nancy &#8211; Film \u00ab H\u00e9ritage \u00bb de Hiam Abbass suivi d\u2019un d\u00e9bat.<\/p>\n<p>&#8211; <b>Vendredi 22 mars \u00e0 20h15<\/b> &#8211; Cin\u00e9ma Cam\u00e9o St-S\u00e9bastien, 6 rue L\u00e9opold Lallement \u00e0 Nancy &#8211; Film \u00abWould you have sex with an Arab?\u00bb de Yolande Zauberman suivi d\u2019un d\u00e9bat.<\/p>\n<p>&#8211; <b>Samedi 23 mars \u00e0 16h <\/b> &#8211; Salle Raugraff, 13bis rue des Ponts \u00e0 Nancy &#8211; Conf\u00e9rence-d\u00e9bat de Shlomo Sand \u00ab Comment la terre d&rsquo;Isra\u00ebl fut invent\u00e9e \u00bb<\/p>\n<p>&#8211; <b>Samedi 23 mars \u00e0 19h30 <\/b> &#8211; Centre Culturel Andr\u00e9 Malraux, rue de Parme \u00e0 Vand\u0153uvre &#8211; Spectacle du trio Bassma pr\u00e9c\u00e9d\u00e9 d\u2019une lecture de po\u00e8mes de Mahmoud Darwish<\/p>\n<p>&#8211; <b>Dimanche 24 mars \u00e0 12h<\/b> &#8211; Espace Coppens, all\u00e9e de Marken \u00e0 Vand\u0153uvre &#8211; Repas palestinien anim\u00e9 par le groupe de jazz \u00ab Gr\u00e8ve g\u00e9n\u00e9rale \u00bb. Tarif des repas 15 euros et 10 euros pour les \u00e9tudiants et ch\u00f4meurs, boissons non comprises. R\u00e9servation et information 06 88 58 31 82 ou afps54@laposte.net<\/p>\n<p>&lt;img874|center&gt;<\/p>\n<p>&#8212;&#8212;&#8212;&#8212;&#8212;&#8211;<br \/>\nPour plus d&rsquo;informations : <a href=\"http:\/\/printemps.palestine.overblog.com\/\">http:\/\/printemps.palestine.overblog.com\/<\/a><\/p>\n","protected":false},"excerpt":{"rendered":"<p>&lt;img872|center&gt; &lt;img873|center&gt; Pour la troisi\u00e8me ann\u00e9e cons\u00e9cutive, neuf associations unissent leurs forces pour organiser du 9 au 24 mars 2013 le festival culturel du Printemps de la Palestine : Al\u00e9Hope, les Amis de la Culture et de la Langue Arabe &hellip; <a href=\"https:\/\/www.atmf.org\/?p=2731\">Continue reading <span class=\"meta-nav\">&rarr;<\/span><\/a><\/p>\n","protected":false},"author":1,"featured_media":0,"comment_status":"closed","ping_status":"closed","sticky":false,"template":"","format":"standard","meta":{"ngg_post_thumbnail":0,"_monsterinsights_skip_tracking":false,"_monsterinsights_sitenote_active":false,"_monsterinsights_sitenote_note":"","_monsterinsights_sitenote_category":0,"footnotes":""},"categories":[82,50],"tags":[],"class_list":["post-2731","post","type-post","status-publish","format-standard","hentry","category-communiques","category-palestine"],"_links":{"self":[{"href":"https:\/\/www.atmf.org\/index.php?rest_route=\/wp\/v2\/posts\/2731","targetHints":{"allow":["GET"]}}],"collection":[{"href":"https:\/\/www.atmf.org\/index.php?rest_route=\/wp\/v2\/posts"}],"about":[{"href":"https:\/\/www.atmf.org\/index.php?rest_route=\/wp\/v2\/types\/post"}],"author":[{"embeddable":true,"href":"https:\/\/www.atmf.org\/index.php?rest_route=\/wp\/v2\/users\/1"}],"replies":[{"embeddable":true,"href":"https:\/\/www.atmf.org\/index.php?rest_route=%2Fwp%2Fv2%2Fcomments&post=2731"}],"version-history":[{"count":1,"href":"https:\/\/www.atmf.org\/index.php?rest_route=\/wp\/v2\/posts\/2731\/revisions"}],"predecessor-version":[{"id":3271,"href":"https:\/\/www.atmf.org\/index.php?rest_route=\/wp\/v2\/posts\/2731\/revisions\/3271"}],"wp:attachment":[{"href":"https:\/\/www.atmf.org\/index.php?rest_route=%2Fwp%2Fv2%2Fmedia&parent=2731"}],"wp:term":[{"taxonomy":"category","embeddable":true,"href":"https:\/\/www.atmf.org\/index.php?rest_route=%2Fwp%2Fv2%2Fcategories&post=2731"},{"taxonomy":"post_tag","embeddable":true,"href":"https:\/\/www.atmf.org\/index.php?rest_route=%2Fwp%2Fv2%2Ftags&post=2731"}],"curies":[{"name":"wp","href":"https:\/\/api.w.org\/{rel}","templated":true}]}}