{"id":2732,"date":"2013-03-07T16:02:40","date_gmt":"2013-03-07T16:02:40","guid":{"rendered":"http:\/\/new.atmf.org\/?p=2732"},"modified":"2015-02-18T17:23:54","modified_gmt":"2015-02-18T16:23:54","slug":"hommage-a-stephane-hessel-2","status":"publish","type":"post","link":"https:\/\/www.atmf.org\/?p=2732","title":{"rendered":"Hommage \u00e0 St\u00e9phane Hessel"},"content":{"rendered":"<p>Avec la mort de <b>St\u00e9phane Hessel<\/b>, la Palestine et tous ceux et celles qui sont engag\u00e9s pour la justice, la paix et les droits humains ont perdu un ami pr\u00e9cieux.<\/p>\n<p>Le CNPJDPI tient \u00e0 dire sa profonde tristesse devant cette disparition et toute sa solidarit\u00e9 \u00e0 Christiane, sa compagne, et \u00e0 tous ses proches.<\/p>\n<p>St\u00e9phane Hessel a \u00e9t\u00e9 toute sa vie solidaire des peuples opprim\u00e9s en qu\u00eate de justice.<\/p>\n<p>Il s\u2019est engag\u00e9 pour la Palestine et les droits des Palestiniens avec la certitude que ce combat \u00e9tait juste. Il a mis toute son indignation dans ce combat. Il s\u2019est rendu de nombreuses fois en Cisjordanie et \u00e0 Gaza : toujours \u00e0 l\u2019\u00e9coute de toute la soci\u00e9t\u00e9 palestinienne, des organisations politiques palestiniennes comme des groupes culturels ou des associations pour les droits des enfants ; il a souvent rencontr\u00e9 et \u00e9cout\u00e9 les opposants isra\u00e9liens \u00e0 la politique de d\u00e9ni des droits du peuple palestinien men\u00e9e par leur gouvernement. Il s\u2019est engag\u00e9 dans le soutien aux prisonniers, pour la lib\u00e9ration de Salah Hamouri ou dans l\u2019action contre le blocus de Gaza, et il s\u2019est beaucoup impliqu\u00e9 dans la mise sur pied du Tribunal Russell sur la Palestine.<\/p>\n<p>Dans ce combat, il a d\u00fb subir de nombreuses attaques, hier comme aujourd\u2019hui encore !<\/p>\n<p>En janvier 2011, la directrice de l\u2019ENS (Paris), suite aux pressions du CRIF, a interdit la tenue d\u2019une r\u00e9union sur la Palestine dans laquelle St\u00e9phane Hessel devait prendre la parole au c\u00f4t\u00e9 de Le\u00efla Shahid. Comme toujours, il n\u2019a pas renonc\u00e9 et le meeting s\u2019est tenu dehors, place du Panth\u00e9on, devant une foule tr\u00e8s nombreuse !<\/p>\n<p>A l\u2019annonce de sa mort, c\u2019est l\u2019indignit\u00e9 qui a pr\u00e9valu dans la d\u00e9claration du Pr\u00e9sident du CRIF ! Richard Prasquier, relais z\u00e9l\u00e9 et syst\u00e9matique du gouvernement isra\u00e9lien et de sa politique, n\u2019a pu se retenir de d\u00e9verser des paroles de haine le jour m\u00eame de sa mort. Son nom ne restera pas dans l\u2019histoire, celui de St\u00e9phane Hessel oui !<\/p>\n<p>En coh\u00e9rence avec ses valeurs, tout au long de sa vie, St\u00e9phane Hessel a combattu toutes les formes de discriminations raciales ou ethniques et il a mis au c\u0153ur de son engagement l\u2019\u00e9galit\u00e9 des droits pour tous, partout dans le monde. C\u2019est ce qui fondait sa participation au combat des Palestiniens dans leur lutte contre la politique coloniale isra\u00e9lienne.<\/p>\n<p>Pour le CNPJDPI, le meilleur hommage que nous puissions rendre \u00e0 St\u00e9phane Hessel, est de poursuivre avec t\u00e9nacit\u00e9 le combat pour le droit des Palestiniens et pour un monde de paix, de justice et de solidarit\u00e9.<\/p>\n<p>Nous faisons n\u00f4tre son appel \u00e0 l\u2019indignation des consciences face aux injustices de ce monde !<\/p>\n<p>Paris, le 6 mars 2013<\/p>\n<p>&#8212;&#8212;&#8212;&#8212;&#8212;&#8212;&#8212;&#8212;&#8212;&#8212;&#8211;<br \/>\n<b>Collectif National pour une Paix Juste et Durable entre Palestiniens et Isra\u00e9liens <\/b> :<\/p>\n<p>Agir Contre le Colonialisme Aujourd\u2019hui (ACCA) &#8211; Alliance for Freedom and Dignity (AFD) &#8211; Alternative Libertaire (AL) &#8211; Am\u00e9ricains contre la guerre (AAW) &#8211; <b>Association des Travailleurs Maghr\u00e9bins de France (ATMF)<\/b> &#8211; Association des Tunisiens en France (ATF) &#8211; Association France Palestine Solidarit\u00e9 (AFPS) &#8211; Association Nationale des Elus Communistes et R\u00e9publicains (ANECR) &#8211; Association pour la Taxation des Transactions financi\u00e8res et pour l\u2019Action Citoyenne (ATTAC) &#8211; Association pour les Jumelages entre les camps de r\u00e9fugi\u00e9s Palestiniens et les villes Fran\u00e7aises (AJPF) &#8211; Association R\u00e9publicaine des Anciens Combattants (ARAC) &#8211; Association Universitaire pour le Respect du Droit International en Palestine (AURDIP) &#8211; Campagne Civile Internationale pour la Protection du Peuple Palestinien (CCIPPP) &#8211; Cedetim \/ IPAM &#8211; Collectif Faty Koumba : association des libert\u00e9s, droits de l\u2019Homme et non-violence &#8211; Collectif interuniversitaire pour la coop\u00e9ration avec les Universit\u00e9s Palestiniennes (CICUP) &#8211; Collectif Jud\u00e9o-Arabe et Citoyen pour la Paix (CJACP) &#8211; Collectif Paix Palestine Isra\u00ebl (CPPI Saint-Denis) &#8211; Comit\u00e9 de Vigilance pour une Paix R\u00e9elle au Proche-Orient (CVPR PO) &#8211; Comit\u00e9 Justice et Paix en Palestine et au Proche-Orient du 5e arrt (CJPP5) &#8211; Conf\u00e9d\u00e9ration paysanne &#8211; Droit-Solidarit\u00e9 &#8211; F\u00e9d\u00e9ration des Tunisiens pour une Citoyennet\u00e9 des deux Rives (FTCR) &#8211; F\u00e9d\u00e9ration pour une Alternative Sociale et Ecologique (FASE) &#8211; F\u00e9d\u00e9ration Syndicale Unitaire (FSU) \u2013 Gauche Anticapitaliste (GA) &#8211; Gauche Unitaire (GU) &#8211; G\u00e9n\u00e9ration Palestine &#8211; La Courneuve-Palestine &#8211; Le Mouvement de la Paix &#8211; Les Alternatifs &#8211; Les Femmes en noir &#8211; Ligue Internationale des Femmes pour la Paix et la Libert\u00e9, section fran\u00e7aise de la Women\u2019s International League for Peace and Liberty (WILPF) (LIFPL) &#8211; Mouvement contre le Racisme et pour l\u2019Amiti\u00e9 entre les Peuples (MRAP) &#8211; Mouvement Jeunes Communistes de France (MJCF) &#8211; Mouvement Politique d\u2019Emancipation populaire (M\u2019PEP) &#8211; Nouveau Parti Anticapitaliste (NPA) &#8211; Organisation de Femmes Egalit\u00e9 &#8211; Parti Communiste des Ouvriers de France (PCOF) &#8211; Parti Communiste Fran\u00e7ais (PCF) &#8211; Parti de Gauche (PG) &#8211; Participation et Spiritualit\u00e9 Musulmanes (PSM) &#8211; Une Autre Voix Juive (UAVJ) &#8211; Union des Travailleurs Immigr\u00e9s Tunisiens (UTIT) &#8211; Union G\u00e9n\u00e9rale des Etudiants de Palestine (GUPS-France) &#8211; Union Juive Fran\u00e7aise pour la Paix (UJFP) &#8211; Union Nationale des Etudiants de France (UNEF) &#8211; Union syndicale Solidaires<\/p>\n<p>&#8212;&#8212;&#8212;&#8212;&#8212;&#8212;&#8211;<\/p>\n<p>CPPI \/CNPJDPI Bourse du travail de Saint-Denis &#8211; 9\/11, rue Genin &#8211; 93200 Saint-Denis<\/p>\n<p>CNPJDPI secr\u00e9tariat : secretariatcollectif@yahoo.fr<\/p>\n","protected":false},"excerpt":{"rendered":"<p>Avec la mort de St\u00e9phane Hessel, la Palestine et tous ceux et celles qui sont engag\u00e9s pour la justice, la paix et les droits humains ont perdu un ami pr\u00e9cieux. Le CNPJDPI tient \u00e0 dire sa profonde tristesse devant cette &hellip; <a href=\"https:\/\/www.atmf.org\/?p=2732\">Continue reading <span class=\"meta-nav\">&rarr;<\/span><\/a><\/p>\n","protected":false},"author":1,"featured_media":0,"comment_status":"closed","ping_status":"closed","sticky":false,"template":"","format":"standard","meta":{"ngg_post_thumbnail":0,"_monsterinsights_skip_tracking":false,"_monsterinsights_sitenote_active":false,"_monsterinsights_sitenote_note":"","_monsterinsights_sitenote_category":0,"footnotes":""},"categories":[82,50],"tags":[],"class_list":["post-2732","post","type-post","status-publish","format-standard","hentry","category-communiques","category-palestine"],"_links":{"self":[{"href":"https:\/\/www.atmf.org\/index.php?rest_route=\/wp\/v2\/posts\/2732","targetHints":{"allow":["GET"]}}],"collection":[{"href":"https:\/\/www.atmf.org\/index.php?rest_route=\/wp\/v2\/posts"}],"about":[{"href":"https:\/\/www.atmf.org\/index.php?rest_route=\/wp\/v2\/types\/post"}],"author":[{"embeddable":true,"href":"https:\/\/www.atmf.org\/index.php?rest_route=\/wp\/v2\/users\/1"}],"replies":[{"embeddable":true,"href":"https:\/\/www.atmf.org\/index.php?rest_route=%2Fwp%2Fv2%2Fcomments&post=2732"}],"version-history":[{"count":1,"href":"https:\/\/www.atmf.org\/index.php?rest_route=\/wp\/v2\/posts\/2732\/revisions"}],"predecessor-version":[{"id":3270,"href":"https:\/\/www.atmf.org\/index.php?rest_route=\/wp\/v2\/posts\/2732\/revisions\/3270"}],"wp:attachment":[{"href":"https:\/\/www.atmf.org\/index.php?rest_route=%2Fwp%2Fv2%2Fmedia&parent=2732"}],"wp:term":[{"taxonomy":"category","embeddable":true,"href":"https:\/\/www.atmf.org\/index.php?rest_route=%2Fwp%2Fv2%2Fcategories&post=2732"},{"taxonomy":"post_tag","embeddable":true,"href":"https:\/\/www.atmf.org\/index.php?rest_route=%2Fwp%2Fv2%2Ftags&post=2732"}],"curies":[{"name":"wp","href":"https:\/\/api.w.org\/{rel}","templated":true}]}}