{"id":2733,"date":"2013-03-09T11:01:20","date_gmt":"2013-03-09T11:01:20","guid":{"rendered":"http:\/\/new.atmf.org\/?p=2733"},"modified":"2015-02-19T15:26:40","modified_gmt":"2015-02-19T14:26:40","slug":"journee-internationale-de-lutte-2","status":"publish","type":"post","link":"https:\/\/www.atmf.org\/?p=2733","title":{"rendered":"Journ\u00e9e internationale de lutte pour les droits des femmes"},"content":{"rendered":"<p>Nous, M<b>ilitantes du r\u00e9seau ATMF<\/b> qui puise ses racines des mouvements de la coordination des<br \/>\nfemmes Maghr\u00e9bines d\u00e8s 1980, profond\u00e9ment \u00e9prises de justice, d\u2019\u00e9galit\u00e9 et de dignit\u00e9.<\/p>\n<p>Aujourd\u2019hui le 8 mars, journ\u00e9e internationale de lutte pour les droits mais aussi journ\u00e9e de bilan sur<br \/>\nla situation des femmes dans nos soci\u00e9t\u00e9s, en France, en Tunisie, en Alg\u00e9rie, au Maroc\u2026<br \/>\nConscientes du long chemin qui reste \u00e0 parcourir par les femmes pour arracher leurs droits et un long<br \/>\ncombat pour une \u00e9galit\u00e9 effective entre les hommes et les femmes mais aussi entre toutes les femmes quel<br \/>\nque soit leur nationalit\u00e9.<\/p>\n<p>Nous, r\u00e9clamons que la situation des femmes migrantes ou exil\u00e9es en France soit consid\u00e9r\u00e9e au<br \/>\nm\u00eame titre que les autres femmes avec cette particularit\u00e9 li\u00e9e \u00e0 leur statut personnel.<\/p>\n<p><b>Le renouvellement de plein droit de carte de s\u00e9jour <\/b> pour les femmes qui se s\u00e9parent de leurs conjoints suite \u00e0 d<b>es violences conjugales<\/b> et qui se retrouvent confront\u00e9es \u00e0 de doubles violences en aggravant leur situation administrative.<\/p>\n<p><b>L&rsquo;abrogation des conventions bilat\u00e9rales entre la France et les pays du Maghreb<\/b> qui place la femme sous la tutelle de son mari. <b>D\u00e9non\u00e7ons fortement ces violences institutionnelles<\/b>.<\/p>\n<p>Nous refusons que ces violences s\u2019ajoutent aux violences physiques et psychologiques.<\/p>\n<p>Nous soutenons <b>toutes les femmes victimes de violences<\/b> et particuli\u00e8rement les mouvements de femmes Maghr\u00e9bines en lutte pour acqu\u00e9rir <b>leurs droits ici et l\u00e0-bas<\/b> !<\/p>\n<p><b>Nous exigeons le droit au s\u00e9jour pour toutes les femmes pers\u00e9cut\u00e9es dans leurs pays d\u2019origine pour motif de genre.<\/b><\/p>\n<p>Nous r\u00e9clamons la n\u00e9cessit\u00e9 de consid\u00e9rer sp\u00e9cifiquement la situation des femmes migrantes de<br \/>\nnationalit\u00e9 \u00e9trang\u00e8re afin de mieux lutter contre toute forme de violences \u00e0 l\u2019\u00e9gard des femmes en France.<\/p>\n<p><b>Nous exigeons<\/b> que toutes les mesures soient prises pour \u00e9liminer les discriminations \u00e0 l\u2019\u00e9gard des<br \/>\nfemmes en g\u00e9n\u00e9ral et des femmes migrantes en particulier face \u00e0 la qualification et \u00e0 l\u2019emploi, sur la base de l\u2019\u00e9galit\u00e9 homme, femme, d<b>e r\u00e9gulariser toutes les travailleuses sans papiers <\/b> qui ne peuvent continuer de vivre dans l&rsquo;ins\u00e9curit\u00e9 permanente et qui sont en droit d&rsquo;aspirer \u00e0 une r\u00e9elle autonomie.<\/p>\n<p>Fait \u00e0 Paris, le 8 Mars 2013<\/p>\n<p>Fouzia HAMHAMI<\/p>\n<p>R\u00e9f\u00e9rente du r\u00e9seau femmes de l\u2019ATMF<\/p>\n","protected":false},"excerpt":{"rendered":"<p>Nous, Militantes du r\u00e9seau ATMF qui puise ses racines des mouvements de la coordination des femmes Maghr\u00e9bines d\u00e8s 1980, profond\u00e9ment \u00e9prises de justice, d\u2019\u00e9galit\u00e9 et de dignit\u00e9. Aujourd\u2019hui le 8 mars, journ\u00e9e internationale de lutte pour les droits mais aussi &hellip; <a href=\"https:\/\/www.atmf.org\/?p=2733\">Continue reading <span class=\"meta-nav\">&rarr;<\/span><\/a><\/p>\n","protected":false},"author":1,"featured_media":0,"comment_status":"closed","ping_status":"closed","sticky":false,"template":"","format":"standard","meta":{"ngg_post_thumbnail":0,"_monsterinsights_skip_tracking":false,"_monsterinsights_sitenote_active":false,"_monsterinsights_sitenote_note":"","_monsterinsights_sitenote_category":0,"footnotes":""},"categories":[82,107],"tags":[],"class_list":["post-2733","post","type-post","status-publish","format-standard","hentry","category-communiques","category-droit-des-femmes"],"_links":{"self":[{"href":"https:\/\/www.atmf.org\/index.php?rest_route=\/wp\/v2\/posts\/2733","targetHints":{"allow":["GET"]}}],"collection":[{"href":"https:\/\/www.atmf.org\/index.php?rest_route=\/wp\/v2\/posts"}],"about":[{"href":"https:\/\/www.atmf.org\/index.php?rest_route=\/wp\/v2\/types\/post"}],"author":[{"embeddable":true,"href":"https:\/\/www.atmf.org\/index.php?rest_route=\/wp\/v2\/users\/1"}],"replies":[{"embeddable":true,"href":"https:\/\/www.atmf.org\/index.php?rest_route=%2Fwp%2Fv2%2Fcomments&post=2733"}],"version-history":[{"count":1,"href":"https:\/\/www.atmf.org\/index.php?rest_route=\/wp\/v2\/posts\/2733\/revisions"}],"predecessor-version":[{"id":3293,"href":"https:\/\/www.atmf.org\/index.php?rest_route=\/wp\/v2\/posts\/2733\/revisions\/3293"}],"wp:attachment":[{"href":"https:\/\/www.atmf.org\/index.php?rest_route=%2Fwp%2Fv2%2Fmedia&parent=2733"}],"wp:term":[{"taxonomy":"category","embeddable":true,"href":"https:\/\/www.atmf.org\/index.php?rest_route=%2Fwp%2Fv2%2Fcategories&post=2733"},{"taxonomy":"post_tag","embeddable":true,"href":"https:\/\/www.atmf.org\/index.php?rest_route=%2Fwp%2Fv2%2Ftags&post=2733"}],"curies":[{"name":"wp","href":"https:\/\/api.w.org\/{rel}","templated":true}]}}