{"id":2744,"date":"2013-04-12T14:05:50","date_gmt":"2013-04-12T14:05:50","guid":{"rendered":"http:\/\/new.atmf.org\/?p=2744"},"modified":"2015-02-18T15:18:04","modified_gmt":"2015-02-18T14:18:04","slug":"la-france-recoit-1-refugie-2","status":"publish","type":"post","link":"https:\/\/www.atmf.org\/?p=2744","title":{"rendered":"\u00ab\u00a0La France re\u00e7oit 1 r\u00e9fugi\u00e9\u00a0\u00bb !"},"content":{"rendered":"<p>Suite \u00e0 l\u2019appel de soutien des gr\u00e9vistes de la faim du camp de Choucha en Tunisie, une d\u00e9l\u00e9gation* des associations membres du FALDI (Forum des Associations des Luttes D\u00e9mocratique de l\u2019Immigration) a \u00e9t\u00e9 re\u00e7ue jeudi 11 avril 2013 par le repr\u00e9sentant du HCR \u00e0 Paris.<\/p>\n<p>L\u2019entretien a port\u00e9 sur les revendications des r\u00e9fugi\u00e9s de Choucha, en l\u2019occurrence la demande de r\u00e9examen des dossiers des 300 personnes d\u00e9bout\u00e9s par le HCR \u00e0 Tunis ; le<br \/>\nmaintien d\u2019ouverture du camp de Choucha et le r\u00e9tablissement de l\u2019eau et de l\u2019\u00e9lectricit\u00e9 en attendant le r\u00e8glement d\u00e9finitif ; l\u2019admission des 600 r\u00e9fugi\u00e9s reconnus par le HCR dans<br \/>\nd\u2019autres pays o\u00f9 les conditions d\u2019accueil du statut de r\u00e9fugi\u00e9 sont reconnus et garantis.<\/p>\n<p>Le repr\u00e9sentant du HCR nous a inform\u00e9 que sur les 600 personnes ayants obtenus le statut de r\u00e9fugi\u00e9, 400 ont d\u00e9j\u00e0 eu une promesse de r\u00e9installation. Les 200 autres n\u2019ont, jusqu\u2019\u00e0<br \/>\naujourd\u2019hui, re\u00e7u aucune destination.<br \/>\nConcernant les 300 personnes d\u00e9bout\u00e9es, le repr\u00e9sentant du HCR a affirm\u00e9 qu\u2019elles peuvent faire la demande de r\u00e9examen de leur situation au cas o\u00f9 des \u00e9l\u00e9ments nouveaux<br \/>\napparaissent.<\/p>\n<p>Concernant la fermeture totale du camp de Choucha en juin 2013, le repr\u00e9sentant du HCR n\u2019a donn\u00e9 aucune garantie pour une solution alternative.<\/p>\n<p>La d\u00e9l\u00e9gation des associations du FALDI a, de son c\u00f4t\u00e9, mis en garde le HCR des cons\u00e9quences graves de la fermeture du camp, avant que la situation de l\u2019ensemble des<br \/>\nr\u00e9fugi\u00e9s ne soit r\u00e9gularis\u00e9e.<\/p>\n<p>Par ailleurs, nous avons appris, depuis la mise en place du plan de r\u00e9installation des r\u00e9fugi\u00e9s venant de Libye suite \u00e0 la guerre, le gouvernement fran\u00e7ais n\u2019a accueilli qu\u2019une<br \/>\nseule personne r\u00e9fugi\u00e9e, et ce malgr\u00e9 sa responsabilit\u00e9 suite \u00e0 son engagement militaire dans la guerre men\u00e9e en Libye.<\/p>\n<p>&#8211; Nous appelons le HCR et le gouvernement tunisien \u00e0 trouver d\u2019urgence une solution qui garantisse l\u2019int\u00e9grit\u00e9 physique et morale des hommes, femmes et enfants qui risquent d\u2019\u00eatre laiss\u00e9s pour compte \u00e0 la suite de la d\u00e9cision de fermeture du Camp de Choucha, d&rsquo;ici le mois de juin.<\/p>\n<p>&#8211; Nous appelons la communaut\u00e9 internationale, le gouvernement tunisien et le gouvernement fran\u00e7ais \u00e0 prendre leurs responsabilit\u00e9s pour r\u00e9soudre ce drame<br \/>\nhumanitaire.<\/p>\n<p>&#8211; Nous appelons les organisations de la soci\u00e9t\u00e9 civile en Tunisie, au Maghreb, en France et en Europe \u00e0 renforcer leur soutien aux gr\u00e9vistes de la faim pour l\u2019aboutissement de leurs<br \/>\nrevendications l\u00e9gitimes.<\/p>\n<blockquote><p><b>Paris le 11 avril 2013<\/b><\/p><\/blockquote>\n<p>* Avec le soutien de Migreurop<\/p>\n<p>Contact :<\/p>\n<p>&#8212; Abdallah Zniber : 0671213554 &#8211; abdallah.zniber@wanadoo.fr<br \/>\n&#8212; Driss El Kherchi : 0781146127 &#8211; delkherchi@yahoo.fr<br \/>\n&#8212; Fabien Y\u00e9n\u00e9 : 0662556521 &#8211; yenefabien@yahoo.fr<br \/>\n&#8212; Mouhieddine Cherbib : 0650520416 &#8211; cherbib@gmail.com<\/p>\n<p>&lt;img893|center&gt;<\/p>\n<p>&#8212;&#8212;&#8212;&#8212;&#8212;&#8212;&#8212;&#8212;&#8212;&#8212;&#8212;&#8212;&#8212;&#8212;&#8212;&#8212;-<\/p>\n<p>Tunis le : 10\/04\/2013<\/p>\n<p>Communiqu\u00e9 :<\/p>\n<p><b> Soutien aux r\u00e9fugi\u00e9s de Choucha en gr\u00e8ve de la faim dans leur manifestation pacifique le jeudi 11 Avril \u00e0 Tunis <\/b><\/p>\n<p>Nous sommes un groupe de 228 r\u00e9fugi\u00e9s du camp de Choucha, de diff\u00e9rentes nationalit\u00e9s (Palestine-Somalie &#8211; \u00c9rythr\u00e9e &#8211; Tchad &#8211; Soudan &#8211; \u00c9thiopie). Il y a, parmi nous, 52 enfants, 35 adolescents sans familles ainsi que 34 personnes habitant \u00e0 M\u00e9denine ayant obtenu un certificat de r\u00e9fugi\u00e9s de la part du HCR (Haut Commissariat aux R\u00e9fugi\u00e9s). Nous avons entam\u00e9 une greve de la faim illimit\u00e9e depuis le 29 Mars.<\/p>\n<p>Nous avons fui la Lybie pour le camp de Choucha en Tunisie o\u00f9 nous avons trouv\u00e9 refuge, suite \u00e0 la guerre et les frappes de l\u2019OTAN, craignant pour nos vies, laissant derri\u00e8re nous tout ce que nous poss\u00e9dions. Nous avons \u00e9t\u00e9 surpris par la d\u00e9cision du HCR de nous s\u00e9parer du reste des r\u00e9fugi\u00e9s et de ne pas transmettre nos dossiers aux pays dot\u00e9s de syst\u00e8mes d&rsquo;asile. Nous nous sommes adress\u00e9s au chef du HCR \u00e0 Zarzis, Mr Hovig, qui nous confirm\u00e9 son refus d\u00e9finitif de son organisation de transmettre nos dossiers \u00e0 ces pays.<br \/>\nLe HCR a d\u00e9cid\u00e9 de fermer le camp de Choucha et de nous imposer le programme d\u2019int\u00e9gration local en Tunisie alors que nous leur avions clairement signifi\u00e9 notre refus ferme et d\u00e9finitif de cette d\u00e9cision pour les raisons suivantes :<\/p>\n<p>Premi\u00e8rement : Les difficut\u00e9s quotidiennes que nous vivons au quotidien li\u00e9es \u00e0 la violence verbale ou physique, venant de quelques citoyens tunisiens et de quelques membres des forces de l&rsquo;ordre.<\/p>\n<p>Deuxi\u00e8mement: La Tunisie est encore au stade de la r\u00e9volution et n\u2019est pas encore compl\u00e8tement stabilis\u00e9e<\/p>\n<p>Troisi\u00e8mement: En Tunisie, il n&rsquo;existe pas de loi pr\u00e9servant et garantissant les droits des r\u00e9fugi\u00e9s, autant au niveau des droits civils que politiques. Le HCR nous donc condamne \u00e0 un destin incertain sans issues.<\/p>\n<p>Suite \u00e0 notre prise de position, un des responsables du HCR a menac\u00e9 de couper l\u2019eau, l\u2019\u00e9lectricit\u00e9 et de nous priver des soins de sant\u00e9 de base pour nous et nos enfants dans le camp de Choucha, pour nous pousser \u00e0 choisir entre une mort certaine ou l\u2019acceptation inconditionnelle de ce programme. En cons\u00e9quence, nous avons d\u00e9cid\u00e9 de rester dans le camp de Choucha peu importent les circonstances.<\/p>\n<p>En tant qu\u2019\u00eatres humains, nous avons aussi le droit de d\u00e9terminer notre destin. Vouloir nous imposer l\u2019int\u00e9gration locale \u00e9quivaut \u00e0 renoncer \u00e0 nos droits fondamentaux, garantis dans les conventions et trait\u00e9s internationaux ainsi que dans les coutumes et les religions.<\/p>\n<p>Par cons\u00e9quent, nous appelons le gouvernement tunisien \u00e0 :<\/p>\n<p>1- refuser ce programme d\u2019int\u00e9gration des r\u00e9fugi\u00e9s en tenant compte de nos revendications l\u00e9gitimes. Ainsi que de s\u2019aligner la d\u00e9cision du gouvernment Egyptien qui a refus\u00e9 ce type de programme \u00e9tant donn\u00e9 l\u2019absence de l\u00e9gislation permettant de traiter ce genre de dossiers<\/p>\n<p>2- maintenir le camp de Choucha jusqu\u2019\u00e0 ce qu\u2019une solution juste et consensuelle ne soit trouv\u00e9e<\/p>\n<p>3- Faire pression sur le HCR afin de reprendre le programme initial dont ont b\u00e9n\u00e9fici\u00e9 les premiers r\u00e9fugi\u00e9s<\/p>\n<p>Nous esp\u00e9rons une r\u00e9ponse rapide \u00e9tant donn\u00e9e notre situation difficile. Nous vous informons que nous avons entrepris un sit-in devant le bureau du HCR depuis le 26 Mars et entam\u00e9 une gr\u00e8ve de la faim illimit\u00e9e depuis le Mars 29, et que l&rsquo;ambulance de la protection civile a \u00e9t\u00e9 emp\u00e9ch\u00e9 de venir secourir les gr\u00e9vistes de la faim.<\/p>\n<p>Par cons\u00e9quent, nous lan\u00e7ons un appel au peuple tunisien pour soutenir notre cause et participer en signe de solidarit\u00e9 \u00e0 la manifestation que nous organisons le jeudi 11\/04\/2013 \u00e0 la Kasbah \u00e0 Tunis \u00e0 12h00 pour faire parvenir notre voix au gouvernement tunisien.<\/p>\n<p>contact :<\/p>\n<p>&#8212; 00216 27 415 558 &#8211; choucha@riseup.net<br \/>\n&#8212; https:\/\/www.facebook.com\/refugees.shousha?fref=ts<br \/>\n&#8212; https:\/\/www.facebook.com\/events\/238671322946420\/<br \/>\n&#8212; http:\/\/chouchaprotest.noblogs.org<\/p>\n","protected":false},"excerpt":{"rendered":"<p>Suite \u00e0 l\u2019appel de soutien des gr\u00e9vistes de la faim du camp de Choucha en Tunisie, une d\u00e9l\u00e9gation* des associations membres du FALDI (Forum des Associations des Luttes D\u00e9mocratique de l\u2019Immigration) a \u00e9t\u00e9 re\u00e7ue jeudi 11 avril 2013 par le &hellip; <a href=\"https:\/\/www.atmf.org\/?p=2744\">Continue reading <span class=\"meta-nav\">&rarr;<\/span><\/a><\/p>\n","protected":false},"author":1,"featured_media":0,"comment_status":"closed","ping_status":"closed","sticky":false,"template":"","format":"standard","meta":{"ngg_post_thumbnail":0,"_monsterinsights_skip_tracking":false,"_monsterinsights_sitenote_active":false,"_monsterinsights_sitenote_note":"","_monsterinsights_sitenote_category":0,"footnotes":""},"categories":[82,79],"tags":[],"class_list":["post-2744","post","type-post","status-publish","format-standard","hentry","category-communiques","category-maghreb"],"_links":{"self":[{"href":"https:\/\/www.atmf.org\/index.php?rest_route=\/wp\/v2\/posts\/2744","targetHints":{"allow":["GET"]}}],"collection":[{"href":"https:\/\/www.atmf.org\/index.php?rest_route=\/wp\/v2\/posts"}],"about":[{"href":"https:\/\/www.atmf.org\/index.php?rest_route=\/wp\/v2\/types\/post"}],"author":[{"embeddable":true,"href":"https:\/\/www.atmf.org\/index.php?rest_route=\/wp\/v2\/users\/1"}],"replies":[{"embeddable":true,"href":"https:\/\/www.atmf.org\/index.php?rest_route=%2Fwp%2Fv2%2Fcomments&post=2744"}],"version-history":[{"count":1,"href":"https:\/\/www.atmf.org\/index.php?rest_route=\/wp\/v2\/posts\/2744\/revisions"}],"predecessor-version":[{"id":3241,"href":"https:\/\/www.atmf.org\/index.php?rest_route=\/wp\/v2\/posts\/2744\/revisions\/3241"}],"wp:attachment":[{"href":"https:\/\/www.atmf.org\/index.php?rest_route=%2Fwp%2Fv2%2Fmedia&parent=2744"}],"wp:term":[{"taxonomy":"category","embeddable":true,"href":"https:\/\/www.atmf.org\/index.php?rest_route=%2Fwp%2Fv2%2Fcategories&post=2744"},{"taxonomy":"post_tag","embeddable":true,"href":"https:\/\/www.atmf.org\/index.php?rest_route=%2Fwp%2Fv2%2Ftags&post=2744"}],"curies":[{"name":"wp","href":"https:\/\/api.w.org\/{rel}","templated":true}]}}