{"id":2748,"date":"2013-04-26T08:48:36","date_gmt":"2013-04-26T08:48:36","guid":{"rendered":"http:\/\/new.atmf.org\/?p=2748"},"modified":"2015-02-18T15:22:24","modified_gmt":"2015-02-18T14:22:24","slug":"l-apostat-delit-passible-de-la-2","status":"publish","type":"post","link":"https:\/\/www.atmf.org\/?p=2748","title":{"rendered":"L&rsquo;apostat  = d\u00e9lit passible de la mort au Maroc ?"},"content":{"rendered":"<p>Le Conseil des Oul\u00e9mas du Maroc (\u0627\u0644\u0645\u062c\u0644\u0633 \u0627\u0644\u0639\u0644\u0645\u064a \u0627\u0644\u0623\u0639\u0644\u0649), institution officielle qui est sous la pr\u00e9sidence du Roi du Maroc, a \u00e9dict\u00e9 un avis religieux, qui stipule que \u00ab tout Marocain coupable d\u2019apostat envers l\u2019Islam m\u00e9rite la mort \u00bb<em>(1)<\/em>. Ceci s\u2019appliquerait \u00e0 tout citoyen marocain n\u00e9 de p\u00e8re musulman et qui d\u00e9cide de suivre une autre voie religieuse ou philosophique.<\/p>\n<p>Par cette affirmation est tout d\u2019abord ni\u00e9 un point central de la D\u00e9claration Universelle des Droits de l\u2019Homme : la libert\u00e9 de conscience, par laquelle\u00ab toute personne a droit \u00e0 la libert\u00e9 de pens\u00e9e, de conscience et de religion ; ce droit implique la libert\u00e9 de changer de religion ou de conviction ainsi que la libert\u00e9 de manifester sa religion ou sa conviction seule ou en commun, tant en public qu&rsquo;en priv\u00e9, par l&rsquo;enseignement, les pratiques, le culte et l&rsquo;accomplissement des rites. \u00bb<em>(2)<\/em>. Elle est \u00e9galement en contradiction avec certains points de la constitution marocaine (droit \u00e0 la vie, la libert\u00e9 du culte, la libert\u00e9 de pens\u00e9e) et aux engagements internationaux du Maroc concernant les droits de l\u2019homme. Enfin, ce sont aussi les longues luttes du peuple marocain pour acqu\u00e9rir les libert\u00e9s d\u00e9mocratiques qui se voient bafou\u00e9es.<\/p>\n<p>Le Makhzen marocain, qui se targue via ses propres canaux de propagande et par le biais de la presse officielle, d\u2019avoir fait \u00ab le choix d\u2019un islam serein, \u00e9quilibr\u00e9 et pond\u00e9r\u00e9 \u00bb, cache derri\u00e8re ce discours une r\u00e9alit\u00e9 bien sombre. Au lieu d\u2019\u0153uvrer au d\u00e9veloppement d\u2019une pens\u00e9e islamique ouverte sur notre temps et tenant compte des \u00e9volutions des soci\u00e9t\u00e9s, il distille sous couvert de sauvegarder l\u2019\u00ab identit\u00e9 marocaine \u00bb, une id\u00e9ologie des plus conservatrices, ferm\u00e9e \u00e0 la modernit\u00e9 \u00e0 travers une instance r\u00e9trograde avec rang d\u2019institution constitutionnelle.<\/p>\n<p>Cette lecture religieuse est d\u00e9nonc\u00e9e avec vigueur par les associations de la soci\u00e9t\u00e9 civile marocaine et les d\u00e9fenseurs des droits humains, qui y voient la preuve du caract\u00e8re r\u00e9trograde et moyen\u00e2geux de ces organismes qui l\u2019ont \u00e9mise ou qui la soutiennent. Les forces salafistes ont d\u2019ailleurs applaudi en y reconnaissant un de leurs objectifs.<\/p>\n<p>Par ailleurs, nous prenons acte de la d\u00e9claration du d\u00e9l\u00e9gu\u00e9 interminist\u00e9riel aux droits humains (DDIDH) estimant que son administration n\u2019est pas concern\u00e9e et oblig\u00e9e par la fatwa\u2014avis du Conseil des Oul\u00e9mas. Nous attendons que le Conseil National des Droits Humains (CNDH) prenne ses responsabilit\u00e9s et affirme clairement son attachement aux valeurs universelles des droits de l\u2019Homme, en particulier le droit \u00e0 la libert\u00e9 de conscience des citoyens marocains.<\/p>\n<p>Nous, citoyens d\u2019origine marocaine et\/ou maghr\u00e9bine et\/ou du monde qui luttons pour revendiquer le respect des musulmans r\u00e9sidant dans les pays o\u00f9 ils forment une minorit\u00e9, exigence qui d\u00e9coule de la libert\u00e9 de conscience, nous ne pouvons nous taire \u00e0 propos des pratiques liberticides, non seulement au Maroc mais dans l\u2019ensemble des pays du Maghreb. Nous qui combattons, de longue date, les exactions \u00e0 l\u2019encontre des opposants politiques, nous devons aussi briser cette chape de plomb qui \u00e9touffe tout ce qui touche \u00e0 la libert\u00e9 de conscience.<\/p>\n<blockquote><p><b>Nos r\u00e9clamons donc la s\u00e9paration du religieux et de l&rsquo;Etat. Cette revendication est la seule garantie que les citoyens puissent jouir de la libert\u00e9 de pens\u00e9e et de conscience et elle est une des conditions n\u00e9cessaires \u00e0 la construction d\u2019une v\u00e9ritable d\u00e9mocratie.<\/b><\/p><\/blockquote>\n<p>25 avril 2013<\/p>\n<p><em>(1)<\/em> Page 290-291 du livre \u00ab Les fatwas de l\u2019organe scientifique charg\u00e9 de fatwas 2004 -2010 \u00bb ;<br \/>\n\u00a0\u00bb \u0627\u0644\u0643\u062a\u0627\u0628 \u0627\u0644\u0630\u064a \u064a\u062d\u0645\u0644 \u0639\u0646\u0648\u0627\u0646 \u00ab\u00a0\u0641\u062a\u0627\u0648\u0649 \u0627\u0644\u0647\u064a\u0626\u0629 \u0627\u0644\u0639\u0644\u0645\u064a\u0629 \u0627\u0644\u0645\u0643\u0644\u0641\u0629 \u0628\u0627\u0644\u0625\u0641\u062a\u0627\u0621 2004 &#8211; 2012<\/p>\n<p><em>(2)<\/em> Article 18 de la D\u00e9claration Universelle des Droits de l&rsquo;Homme du 10 d\u00e9cembre 1948<\/p>\n<p>&#8212;&#8212;&#8212;&#8212;&#8212;&#8212;&#8212;&#8212;&#8212;&#8212;-<\/p>\n<p>Premiers Signataires :<\/p>\n<p><b>Associations<\/b> :<\/p>\n<p>&#8211; ATMF ;<br \/>\n&#8211; Na\u2019oura GSBM ;<br \/>\n&#8211; Le FCSME (Forum Citoyennet\u00e9 Solidarit\u00e9 des Marocains en Europe) ;<br \/>\n&#8211; Centre Euromed Migration et Devolopement ( EMCEMO) ;<br \/>\n&#8211; Forsem ;<br \/>\n&#8211; L\u2019ASDHOM ;<br \/>\n&#8211; le Manifeste des libert\u00e9s ;<br \/>\n&#8211; Association femmes plurielles ;<br \/>\n&#8211; CRLDHT ;<br \/>\n&#8211; la FTCR ;<br \/>\n&#8211; Global Social Justice, Bruxelles, Belgique;<\/p>\n<p><b>Personnes<\/b> :<\/p>\n<p>&#8211; Driss El Korchi &#8211; militants associatif ;<br \/>\n&#8211; Abdallah Zniber- militant associatif ;<br \/>\n&#8211; Aziz Mkichri &#8211; acteur associatif et militant des droits de l&rsquo;Homme ;<br \/>\n&#8211; MENEBHI Abdou &#8211; militants associatif ;<br \/>\n&#8211; ATTAR SEMLALI Mehdi &#8211; militants associatif ;<br \/>\n&#8211; Tarek BEN HIBA, militant Tuniso-Fran\u00e7ais de l\u2019immigration et des droits<br \/>\nde l&rsquo;Homme ;<br \/>\n&#8211; LAHSSAINI Fouad &#8211; militants associatif ;<br \/>\n&#8211; Ahmed Faouzi &#8211; militant associatif ;<br \/>\n&#8211; Sa\u00efd Laayari &#8211; militant associatif<br \/>\n&#8211; Youssef Haji &#8211; militant associatif<\/p>\n<p>&#8212;&#8212;&#8212;&#8212;&#8212;&#8212;&#8212;&#8212;&#8212;-<\/p>\n<p>POUR SIGNER<\/p>\n<p>Abdallah Zniber : abdallah.zniber@wanadoo.fr<\/p>\n<p>Driss Elkorchi : driss.elkorchi@skynet.be<\/p>\n","protected":false},"excerpt":{"rendered":"<p>Le Conseil des Oul\u00e9mas du Maroc (\u0627\u0644\u0645\u062c\u0644\u0633 \u0627\u0644\u0639\u0644\u0645\u064a \u0627\u0644\u0623\u0639\u0644\u0649), institution officielle qui est sous la pr\u00e9sidence du Roi du Maroc, a \u00e9dict\u00e9 un avis religieux, qui stipule que \u00ab tout Marocain coupable d\u2019apostat envers l\u2019Islam m\u00e9rite la mort \u00bb(1). Ceci &hellip; <a href=\"https:\/\/www.atmf.org\/?p=2748\">Continue reading <span class=\"meta-nav\">&rarr;<\/span><\/a><\/p>\n","protected":false},"author":1,"featured_media":0,"comment_status":"closed","ping_status":"closed","sticky":false,"template":"","format":"standard","meta":{"ngg_post_thumbnail":0,"_monsterinsights_skip_tracking":false,"_monsterinsights_sitenote_active":false,"_monsterinsights_sitenote_note":"","_monsterinsights_sitenote_category":0,"footnotes":""},"categories":[82,79],"tags":[],"class_list":["post-2748","post","type-post","status-publish","format-standard","hentry","category-communiques","category-maghreb"],"_links":{"self":[{"href":"https:\/\/www.atmf.org\/index.php?rest_route=\/wp\/v2\/posts\/2748","targetHints":{"allow":["GET"]}}],"collection":[{"href":"https:\/\/www.atmf.org\/index.php?rest_route=\/wp\/v2\/posts"}],"about":[{"href":"https:\/\/www.atmf.org\/index.php?rest_route=\/wp\/v2\/types\/post"}],"author":[{"embeddable":true,"href":"https:\/\/www.atmf.org\/index.php?rest_route=\/wp\/v2\/users\/1"}],"replies":[{"embeddable":true,"href":"https:\/\/www.atmf.org\/index.php?rest_route=%2Fwp%2Fv2%2Fcomments&post=2748"}],"version-history":[{"count":1,"href":"https:\/\/www.atmf.org\/index.php?rest_route=\/wp\/v2\/posts\/2748\/revisions"}],"predecessor-version":[{"id":3237,"href":"https:\/\/www.atmf.org\/index.php?rest_route=\/wp\/v2\/posts\/2748\/revisions\/3237"}],"wp:attachment":[{"href":"https:\/\/www.atmf.org\/index.php?rest_route=%2Fwp%2Fv2%2Fmedia&parent=2748"}],"wp:term":[{"taxonomy":"category","embeddable":true,"href":"https:\/\/www.atmf.org\/index.php?rest_route=%2Fwp%2Fv2%2Fcategories&post=2748"},{"taxonomy":"post_tag","embeddable":true,"href":"https:\/\/www.atmf.org\/index.php?rest_route=%2Fwp%2Fv2%2Ftags&post=2748"}],"curies":[{"name":"wp","href":"https:\/\/api.w.org\/{rel}","templated":true}]}}