{"id":2752,"date":"2013-05-29T11:48:16","date_gmt":"2013-05-29T11:48:16","guid":{"rendered":"http:\/\/new.atmf.org\/?p=2752"},"modified":"2015-02-18T14:54:37","modified_gmt":"2015-02-18T13:54:37","slug":"halte-a-la-repression-au-maroc-2","status":"publish","type":"post","link":"https:\/\/www.atmf.org\/?p=2752","title":{"rendered":"Halte \u00e0 la r\u00e9pression au Maroc"},"content":{"rendered":"<p>Communiqu\u00e9 de l&rsquo;ATMF :<\/p>\n<blockquote><p><b>Les forces de l\u2019ordre marocaines s\u2019acharnent avec violence sur les manifestant-e-s du Mvt du 20 F\u00e9vrier.<\/b><\/p><\/blockquote>\n<p>Le dimanche 26 Mai 2013, ont eu lieu, \u00e0 l\u2019appel du <b>Mouvement du 20 F\u00e9vrier<\/b>, des manifestations pacifiques de soutien et pour la lib\u00e9ration des prisonniers politiques au Maroc.<br \/>\nCes manifestations qui se sont d\u00e9roul\u00e9es dans plusieurs villes du Maroc ont fait l\u2019objet d\u2019interventions de diff\u00e9rentes forces de l\u2019ordre marocaines. Elles se sont attaqu\u00e9es tr\u00e8s violemment, notamment \u00e0 Rabat, aux manifestant-e-s.<\/p>\n<p>Ces attaques se sont sold\u00e9es par de nombreux bless\u00e9-e-s et des arrestations parmi les manifestant-e-s.<\/p>\n<blockquote><p><b><br \/>\n&#8211; L\u2019ATMF reste solidaire avec le combat du peuple marocain et soutient sa lutte pour la d\u00e9mocratie, la libert\u00e9, la dignit\u00e9 et la justice sociale ;<\/b><\/p>\n<p>&#8211; L\u2019ATMF condamne la violence exerc\u00e9e par l\u2019Etat marocain \u00e0 l\u2019encontre des manifestant-e-s ;<\/p>\n<p>&#8211; L\u2019ATMF condamne les violences et les arrestations qui ont vis\u00e9 les militant-e-s des droits humains ;<\/p>\n<p>&#8211; La communaut\u00e9 internationale doit mettre la pression sur le gouvernement marocain pour lib\u00e9rer tous les prisonniers politiques ;<\/p>\n<p>&#8211; L\u2019Union Europ\u00e9enne doit cesser sa protection et sa complicit\u00e9 envers ce gouvernement qui ne respecte aucunement la charte universelle des droits de l\u2019Homme.<\/p><\/blockquote>\n<p>Le Bureau National de l\u2019ATMF<\/p>\n<p>Paris, le 27 mai 2013<\/p>\n","protected":false},"excerpt":{"rendered":"<p>Communiqu\u00e9 de l&rsquo;ATMF : Les forces de l\u2019ordre marocaines s\u2019acharnent avec violence sur les manifestant-e-s du Mvt du 20 F\u00e9vrier. Le dimanche 26 Mai 2013, ont eu lieu, \u00e0 l\u2019appel du Mouvement du 20 F\u00e9vrier, des manifestations pacifiques de soutien &hellip; <a href=\"https:\/\/www.atmf.org\/?p=2752\">Continue reading <span class=\"meta-nav\">&rarr;<\/span><\/a><\/p>\n","protected":false},"author":1,"featured_media":0,"comment_status":"closed","ping_status":"closed","sticky":false,"template":"","format":"standard","meta":{"ngg_post_thumbnail":0,"_monsterinsights_skip_tracking":false,"_monsterinsights_sitenote_active":false,"_monsterinsights_sitenote_note":"","_monsterinsights_sitenote_category":0,"footnotes":""},"categories":[82,79],"tags":[],"class_list":["post-2752","post","type-post","status-publish","format-standard","hentry","category-communiques","category-maghreb"],"_links":{"self":[{"href":"https:\/\/www.atmf.org\/index.php?rest_route=\/wp\/v2\/posts\/2752","targetHints":{"allow":["GET"]}}],"collection":[{"href":"https:\/\/www.atmf.org\/index.php?rest_route=\/wp\/v2\/posts"}],"about":[{"href":"https:\/\/www.atmf.org\/index.php?rest_route=\/wp\/v2\/types\/post"}],"author":[{"embeddable":true,"href":"https:\/\/www.atmf.org\/index.php?rest_route=\/wp\/v2\/users\/1"}],"replies":[{"embeddable":true,"href":"https:\/\/www.atmf.org\/index.php?rest_route=%2Fwp%2Fv2%2Fcomments&post=2752"}],"version-history":[{"count":1,"href":"https:\/\/www.atmf.org\/index.php?rest_route=\/wp\/v2\/posts\/2752\/revisions"}],"predecessor-version":[{"id":3235,"href":"https:\/\/www.atmf.org\/index.php?rest_route=\/wp\/v2\/posts\/2752\/revisions\/3235"}],"wp:attachment":[{"href":"https:\/\/www.atmf.org\/index.php?rest_route=%2Fwp%2Fv2%2Fmedia&parent=2752"}],"wp:term":[{"taxonomy":"category","embeddable":true,"href":"https:\/\/www.atmf.org\/index.php?rest_route=%2Fwp%2Fv2%2Fcategories&post=2752"},{"taxonomy":"post_tag","embeddable":true,"href":"https:\/\/www.atmf.org\/index.php?rest_route=%2Fwp%2Fv2%2Ftags&post=2752"}],"curies":[{"name":"wp","href":"https:\/\/api.w.org\/{rel}","templated":true}]}}