{"id":3420,"date":"2015-03-10T17:03:00","date_gmt":"2015-03-10T16:03:00","guid":{"rendered":"http:\/\/www.atmf.org\/?p=3420"},"modified":"2015-03-12T16:08:49","modified_gmt":"2015-03-12T15:08:49","slug":"projection-du-film-10949-femmes-de-nassima-guessoum","status":"publish","type":"post","link":"https:\/\/www.atmf.org\/?p=3420","title":{"rendered":"Projection du film \u00ab\u00a010949 Femmes\u00a0\u00bb de Nassima Guessoum"},"content":{"rendered":"<p>L&rsquo;espace Femmes citoyennes de l&rsquo;ATMF Argenteuil organise, \u00e0 l&rsquo;occasion de la Journ\u00e9e internationale pour les droits des femmes, la projection du film \u00ab\u00a010949 Femmes\u00a0\u00bb en pr\u00e9sence de la r\u00e9alisatrice Nassima Guessoum, le 14 mars. La projection sera suivie d&rsquo;un caf\u00e9-philo avec Clotilde Lebas, enseignante au d\u00e9partement d&rsquo;anthropologie de l&rsquo;Universit\u00e9 Toulouse-Jean Jaur\u00e8s. Ses travaux s&rsquo;int\u00e9ressent aux mani\u00e8res dont les femmes s&rsquo;\u00e9cartent des places et des r\u00f4les auxquels elles sont assign\u00e9es (en France et en Alg\u00e9rie). \u00a0Cette journ\u00e9e est organis\u00e9e en partenariat avec \u00ab\u00a0le Maghreb des Films\u00a0\u00bb et le centre culturel le Figuier Blanc et se d\u00e9roulera\u00a0au cin\u00e9ma Jean Gabin \u00e0 Argenteuil.<\/p>\n<p>Synopsis : \u00ab\u00a010949 femmes\u00a0\u00bb rend hommage aux combattantes de l&rsquo;ombre de la guerre d&rsquo;ind\u00e9pendance de l&rsquo;Alg\u00e9rie. Ce film est issu des nombreuses rencontres entre la r\u00e9alisatrice et Nassima Hablal, l&rsquo;une des premi\u00e8res militantes du mouvement national. Cuisinant, chantant, narrant sa vie h\u00e9ro\u00efque avec une totale libert\u00e9 de ton, elle brise tous les clich\u00e9s qui ont pu \u00eatre colport\u00e9s sur les femmes indig\u00e8nes consid\u00e9r\u00e9es comme \u00ab\u00a0soumises\u00a0\u00bb et \u00ab\u00a0effac\u00e9es\u00a0\u00bb. En convoquant Baya El-Khala et Nelly Forget, ses compagnes de prison et de lutte, le film conf\u00e8re \u00e0 la parole f\u00e9minine le droit de s&rsquo;exprimer dans des espaces \u00e0\u00a0toute libert\u00e9 d&rsquo;expression. 10949 femmes est un film \u00e0 propos de et entre femmes, un r\u00e9cit universel qui interroge sur ce qu&rsquo;est la libert\u00e9 et sur son prix.<\/p>\n<p>&nbsp;<\/p>\n<p>Contact : 01 39 82 81 48<\/p>\n<p>PAF : 3 euros<\/p>\n<p>&nbsp;<\/p>\n<p>&nbsp;<\/p>\n<p>&nbsp;<\/p>\n<p><a href=\"http:\/\/www.atmf.org\/wp-content\/uploads\/2015\/03\/Invitation-Film-10949-femmes-de-Nassima-Guessoum-page-001-2.jpg\"><img loading=\"lazy\" decoding=\"async\" class=\"aligncenter size-medium wp-image-3421\" src=\"http:\/\/www.atmf.org\/wp-content\/uploads\/2015\/03\/Invitation-Film-10949-femmes-de-Nassima-Guessoum-page-001-2-212x300.jpg\" alt=\"Invitation Film 10949 femmes de Nassima Guessoum-page-001 (2)\" width=\"212\" height=\"300\" data-wp-pid=\"3421\" srcset=\"https:\/\/www.atmf.org\/wp-content\/uploads\/2015\/03\/Invitation-Film-10949-femmes-de-Nassima-Guessoum-page-001-2-212x300.jpg 212w, https:\/\/www.atmf.org\/wp-content\/uploads\/2015\/03\/Invitation-Film-10949-femmes-de-Nassima-Guessoum-page-001-2-724x1024.jpg 724w, https:\/\/www.atmf.org\/wp-content\/uploads\/2015\/03\/Invitation-Film-10949-femmes-de-Nassima-Guessoum-page-001-2-566x800.jpg 566w, https:\/\/www.atmf.org\/wp-content\/uploads\/2015\/03\/Invitation-Film-10949-femmes-de-Nassima-Guessoum-page-001-2-800x1132.jpg 800w, https:\/\/www.atmf.org\/wp-content\/uploads\/2015\/03\/Invitation-Film-10949-femmes-de-Nassima-Guessoum-page-001-2.jpg 1240w\" sizes=\"auto, (max-width: 212px) 100vw, 212px\" \/><\/a><\/p>\n<p>&nbsp;<\/p>\n","protected":false},"excerpt":{"rendered":"<p>L&rsquo;espace Femmes citoyennes de l&rsquo;ATMF Argenteuil organise, \u00e0 l&rsquo;occasion de la Journ\u00e9e internationale pour les droits des femmes, la projection du film \u00ab\u00a010949 Femmes\u00a0\u00bb en pr\u00e9sence de la r\u00e9alisatrice Nassima Guessoum, le 14 mars. La projection sera suivie d&rsquo;un caf\u00e9-philo &hellip; <a href=\"https:\/\/www.atmf.org\/?p=3420\">Continue reading <span class=\"meta-nav\">&rarr;<\/span><\/a><\/p>\n","protected":false},"author":1,"featured_media":0,"comment_status":"closed","ping_status":"closed","sticky":false,"template":"","format":"standard","meta":{"ngg_post_thumbnail":0,"_monsterinsights_skip_tracking":false,"_monsterinsights_sitenote_active":false,"_monsterinsights_sitenote_note":"","_monsterinsights_sitenote_category":0,"footnotes":""},"categories":[89,107],"tags":[],"class_list":["post-3420","post","type-post","status-publish","format-standard","hentry","category-argenteuil","category-droit-des-femmes"],"_links":{"self":[{"href":"https:\/\/www.atmf.org\/index.php?rest_route=\/wp\/v2\/posts\/3420","targetHints":{"allow":["GET"]}}],"collection":[{"href":"https:\/\/www.atmf.org\/index.php?rest_route=\/wp\/v2\/posts"}],"about":[{"href":"https:\/\/www.atmf.org\/index.php?rest_route=\/wp\/v2\/types\/post"}],"author":[{"embeddable":true,"href":"https:\/\/www.atmf.org\/index.php?rest_route=\/wp\/v2\/users\/1"}],"replies":[{"embeddable":true,"href":"https:\/\/www.atmf.org\/index.php?rest_route=%2Fwp%2Fv2%2Fcomments&post=3420"}],"version-history":[{"count":3,"href":"https:\/\/www.atmf.org\/index.php?rest_route=\/wp\/v2\/posts\/3420\/revisions"}],"predecessor-version":[{"id":3445,"href":"https:\/\/www.atmf.org\/index.php?rest_route=\/wp\/v2\/posts\/3420\/revisions\/3445"}],"wp:attachment":[{"href":"https:\/\/www.atmf.org\/index.php?rest_route=%2Fwp%2Fv2%2Fmedia&parent=3420"}],"wp:term":[{"taxonomy":"category","embeddable":true,"href":"https:\/\/www.atmf.org\/index.php?rest_route=%2Fwp%2Fv2%2Fcategories&post=3420"},{"taxonomy":"post_tag","embeddable":true,"href":"https:\/\/www.atmf.org\/index.php?rest_route=%2Fwp%2Fv2%2Ftags&post=3420"}],"curies":[{"name":"wp","href":"https:\/\/api.w.org\/{rel}","templated":true}]}}