{"id":3432,"date":"2015-03-10T17:42:25","date_gmt":"2015-03-10T16:42:25","guid":{"rendered":"http:\/\/www.atmf.org\/?p=3432"},"modified":"2015-03-10T17:42:25","modified_gmt":"2015-03-10T16:42:25","slug":"rencontre-femme-et-education","status":"publish","type":"post","link":"https:\/\/www.atmf.org\/?p=3432","title":{"rendered":"Rencontre \u00ab\u00a0Femme et \u00e9ducation\u00a0\u00bb"},"content":{"rendered":"<p>Le samedi 7 mars, l&rsquo;ATMF Aix-en-Provence organisait une rencontre \u00e0 l&rsquo;occasion de la Journ\u00e9e internationale des droits des femmes. Cette rencontre a \u00e9t\u00e9 divis\u00e9e en plusieurs temps : d\u00e9couverte d&rsquo;une exposition, un cercle de parole avec une chor\u00e9graphie et des lectures de texte suivie de d\u00e9bats et d&rsquo;\u00e9changes sur l&rsquo;\u00e9ducation, un pot de l&rsquo;amiti\u00e9, une chor\u00e9graphie de danse contemporaine et enfin, des chants et des danses berb\u00e8res accompagn\u00e9s d&rsquo;un d\u00e9fil\u00e9 de tenues traditionnelles.<\/p>\n<p>Une centaine de participant-e-s ont \u00e9t\u00e9 accueillies par les militantes de l&rsquo;Espace femmes de l&rsquo;association.<\/p>\n<p><a href=\"http:\/\/www.atmf.org\/wp-content\/uploads\/2015\/03\/photo-ATMF-Aix.jpg\"><img loading=\"lazy\" decoding=\"async\" class=\"aligncenter size-medium wp-image-3433\" src=\"http:\/\/www.atmf.org\/wp-content\/uploads\/2015\/03\/photo-ATMF-Aix-300x300.jpg\" alt=\"photo ATMF Aix\" width=\"300\" height=\"300\" data-wp-pid=\"3433\" srcset=\"https:\/\/www.atmf.org\/wp-content\/uploads\/2015\/03\/photo-ATMF-Aix-300x300.jpg 300w, https:\/\/www.atmf.org\/wp-content\/uploads\/2015\/03\/photo-ATMF-Aix-150x150.jpg 150w, https:\/\/www.atmf.org\/wp-content\/uploads\/2015\/03\/photo-ATMF-Aix.jpg 640w\" sizes=\"auto, (max-width: 300px) 100vw, 300px\" \/><\/a><\/p>\n<p><a href=\"http:\/\/www.atmf.org\/wp-content\/uploads\/2015\/03\/10380918_1064869460196400_6726318639560825306_n.jpg\"><img loading=\"lazy\" decoding=\"async\" class=\"aligncenter size-medium wp-image-3434\" src=\"http:\/\/www.atmf.org\/wp-content\/uploads\/2015\/03\/10380918_1064869460196400_6726318639560825306_n-300x300.jpg\" alt=\"10380918_1064869460196400_6726318639560825306_n\" width=\"300\" height=\"300\" data-wp-pid=\"3434\" srcset=\"https:\/\/www.atmf.org\/wp-content\/uploads\/2015\/03\/10380918_1064869460196400_6726318639560825306_n-300x300.jpg 300w, https:\/\/www.atmf.org\/wp-content\/uploads\/2015\/03\/10380918_1064869460196400_6726318639560825306_n-150x150.jpg 150w, https:\/\/www.atmf.org\/wp-content\/uploads\/2015\/03\/10380918_1064869460196400_6726318639560825306_n.jpg 640w\" sizes=\"auto, (max-width: 300px) 100vw, 300px\" \/><\/a><\/p>\n","protected":false},"excerpt":{"rendered":"<p>Le samedi 7 mars, l&rsquo;ATMF Aix-en-Provence organisait une rencontre \u00e0 l&rsquo;occasion de la Journ\u00e9e internationale des droits des femmes. Cette rencontre a \u00e9t\u00e9 divis\u00e9e en plusieurs temps : d\u00e9couverte d&rsquo;une exposition, un cercle de parole avec une chor\u00e9graphie et des &hellip; <a href=\"https:\/\/www.atmf.org\/?p=3432\">Continue reading <span class=\"meta-nav\">&rarr;<\/span><\/a><\/p>\n","protected":false},"author":1,"featured_media":0,"comment_status":"closed","ping_status":"closed","sticky":false,"template":"","format":"standard","meta":{"ngg_post_thumbnail":0,"_monsterinsights_skip_tracking":false,"_monsterinsights_sitenote_active":false,"_monsterinsights_sitenote_note":"","_monsterinsights_sitenote_category":0,"footnotes":""},"categories":[88,107],"tags":[],"class_list":["post-3432","post","type-post","status-publish","format-standard","hentry","category-aix-en-provence","category-droit-des-femmes"],"_links":{"self":[{"href":"https:\/\/www.atmf.org\/index.php?rest_route=\/wp\/v2\/posts\/3432","targetHints":{"allow":["GET"]}}],"collection":[{"href":"https:\/\/www.atmf.org\/index.php?rest_route=\/wp\/v2\/posts"}],"about":[{"href":"https:\/\/www.atmf.org\/index.php?rest_route=\/wp\/v2\/types\/post"}],"author":[{"embeddable":true,"href":"https:\/\/www.atmf.org\/index.php?rest_route=\/wp\/v2\/users\/1"}],"replies":[{"embeddable":true,"href":"https:\/\/www.atmf.org\/index.php?rest_route=%2Fwp%2Fv2%2Fcomments&post=3432"}],"version-history":[{"count":1,"href":"https:\/\/www.atmf.org\/index.php?rest_route=\/wp\/v2\/posts\/3432\/revisions"}],"predecessor-version":[{"id":3435,"href":"https:\/\/www.atmf.org\/index.php?rest_route=\/wp\/v2\/posts\/3432\/revisions\/3435"}],"wp:attachment":[{"href":"https:\/\/www.atmf.org\/index.php?rest_route=%2Fwp%2Fv2%2Fmedia&parent=3432"}],"wp:term":[{"taxonomy":"category","embeddable":true,"href":"https:\/\/www.atmf.org\/index.php?rest_route=%2Fwp%2Fv2%2Fcategories&post=3432"},{"taxonomy":"post_tag","embeddable":true,"href":"https:\/\/www.atmf.org\/index.php?rest_route=%2Fwp%2Fv2%2Ftags&post=3432"}],"curies":[{"name":"wp","href":"https:\/\/api.w.org\/{rel}","templated":true}]}}