{"id":3485,"date":"2015-03-16T12:36:57","date_gmt":"2015-03-16T11:36:57","guid":{"rendered":"http:\/\/www.atmf.org\/?p=3485"},"modified":"2015-03-17T12:38:02","modified_gmt":"2015-03-17T11:38:02","slug":"compte-rendu-de-la-projection-du-film-10949-femmes","status":"publish","type":"post","link":"https:\/\/www.atmf.org\/?p=3485","title":{"rendered":"Compte-rendu de la projection du film 10949 femmes"},"content":{"rendered":"<p class=\"x_MsoNormal\">Une belle s\u00e9ance cin\u00e9matographique \u00a0avec beaucoup d&rsquo;\u00e9motions dans la salle lors du visionnage du film \u00ab\u00a010949 Femmes\u00a0\u00bb de Nassima Guassoum \u00a0le 14 mars au cin\u00e9ma Jean Gabin, dans le cadre de la journ\u00e9e de lutte pour les droits des femmes,\u00a0organis\u00e9e\u00a0par l&rsquo;Espace femmes citoyennes de l&rsquo;ATMF Argenteuil en partenariat avec le centre culturel le Figuier Blanc et le Maghreb des films. La mobilisation de toute l&rsquo;association \u00e9tait tr\u00e8s visible, nous avons \u00e9t\u00e9 f\u00e9licit\u00e9 par la direction du centre culturel qui se dit ravi de ce partenariat avec l&rsquo;ATMF.<\/p>\n<p class=\"x_MsoNormal\">Nous avons relev\u00e9 plus de cent participants, le film a suscit\u00e9 beaucoup d&rsquo;\u00e9motions dans le public, certains ont t\u00e9moign\u00e9 en se reconnaissant porteur de cette histoire douloureuse qui est la guerre d&rsquo;Alg\u00e9rie.<\/p>\n<p class=\"x_MsoNormal\">\u00a0Nassima Guassoum dans sa prise de parole a soulign\u00e9 qu&rsquo;il \u00e9tait important pour elle, jeune franco-alg\u00e9rienne historienne d&rsquo;aller recueillir cette parole de militante en Alg\u00e9rie pour compl\u00e9ter cette histoire th\u00e9orique apprise dans les universit\u00e9s, qui se limitaient plus \u00e0 des chiffres.\u00a0Pour elle, le c\u00f4t\u00e9 humain \u00e9tait occult\u00e9 et elle avait besoin d\u2019un mod\u00e8le de r\u00e9f\u00e9rence, comme un enfant a besoin de son h\u00e9ros. Ce cheminement pour r\u00e9aliser ce film lui a demand\u00e9\u00a05 ans de recherches.<\/p>\n<p class=\"x_MsoNormal\">Clotilde Lebas, jeune chercheuse ethnologue, enseignante \u00e0 l&rsquo;universit\u00e9 de Toulouse Jean Jaures, a pour sa part relev\u00e9 cette relation construite entre deux personnes de deux g\u00e9n\u00e9rations diff\u00e9rentes facilitant ainsi la transmission de la m\u00e9moire tr\u00e8s importante selon elle, pour parfaire sa propre construction et son identit\u00e9.\u00a0Le rapport entre les g\u00e9n\u00e9rations est n\u00e9cessaire pour r\u00e9\u00e9crire l&rsquo;histoire et en saisir le sens \u00e0 travers le parcours de vie.<\/p>\n<p class=\"x_MsoNormal\">Pour finir sur une note plus conviviale, un buffet maghr\u00e9bin, avec th\u00e9 \u00e0 la menthe et petits g\u00e2teaux, a permis un \u00e9change tr\u00e8s anim\u00e9 et riche\u00a0 avec Clotilde et Nassima qui ont \u00e9t\u00e9 f\u00e9licit\u00e9es.<\/p>\n<p class=\"x_MsoNormal\"><i>Voici quelques passages de t\u00e9moignages dans la salle ou \u00a0les r\u00e9seaux sociaux:\u00a0<\/i><\/p>\n<p class=\"x_MsoNormal\"><i>De D\u00e9lia A<\/i><b><i>.:<\/i><\/b><i> \u00ab\u00a0un excellent film de Nassima Guessoum<br \/>\n\u00ab 10949 Femmes \u00bb, en pr\u00e9sence de la r\u00e9alisatrice, suivi par un caf\u00e9-philo autour de la th\u00e9matique du film, avec Clotilde Lebas, enseignante en anthropologie.ce documentaire m&rsquo;a tellement touch\u00e9 que je suis sortie en larmes de la salle, l&rsquo;histoire d&rsquo;une militante qui raconte sa vie sans tabou, une femme qui jusqu&rsquo;\u00e0 son dernier souffle \u00e0 gard\u00e9 sa force et sa dignit\u00e9, paix \u00e0 son \u00e2me\u00a0\u00bb<\/i><\/p>\n<p class=\"x_MsoNormal\"><b><i>Marie France F.<\/i><\/b><i> \u00ab\u00a0Ce film sur les femmes, qui parle de l\u2019Alg\u00e9rie du pass\u00e9, est un r\u00e9cit contemporain et universel qui met \u00e0 l&rsquo;\u00e9preuve cette question toujours d\u2019actualit\u00e9 : Qu&rsquo;est ce que la libert\u00e9 ? Quel est son prix ?. Un public interg\u00e9n\u00e9rationnel ravi et int\u00e9ress\u00e9.\u00a0..\u00a0\u00bb<\/i><i><\/i><\/p>\n<p class=\"x_MsoNormal\"><b><i>Amine\u00a0<\/i><\/b><i>: \u00ab\u00a0Je n\u2019ai jamais vu l\u2019histoire d\u2019Alg\u00e9rie racont\u00e9 de cette mani\u00e8re, en Alg\u00e9rie c\u2019est toujours les films de \u00ab\u00a0La bataille d\u2019Alger\u00a0\u00bb etc. cette femme est formidable elle me rappelle ma grand-m\u00e8re (sanglots..)<\/i><\/p>\n<p class=\"x_MsoNormal\"><b><i>Kaddour\u00a0: <\/i><\/b><i>en regardant ce documentaire, j\u2019avais les larmes aux yeux \u00e7a m\u2019a rappel\u00e9 mon adolescence en Alg\u00e9rie\u2026<\/i><\/p>\n<p class=\"x_MsoNormal\"><b><i>Jeacques V<\/i><\/b><i>.ce documentaire m\u2019a rappel\u00e9 mon enfance en Alg\u00e9rie o\u00f9 je suis n\u00e9\u2026<\/i><\/p>\n<p class=\"x_MsoNoSpacing\">Fatima<b>\u00a0<\/b>: Merci pour l\u2019invitation et encore une fois bravo, c\u2019\u00e9tait une excellente id\u00e9e\u2026Bises \u00e0 toute l\u2019\u00e9quipe<\/p>\n<p class=\"x_MsoNormal\"><b><i>Nassima Gassoum<\/i><\/b><i>\u00a0: \u00ab\u00a0Merci pour ce retour, c&rsquo;est un plaisir partag\u00e9..<\/i><i><\/i><\/p>\n<p class=\"x_MsoNormal\"><i>Merci \u00e0 l&rsquo;Atmf de m&rsquo;avoir accueillie, d&rsquo;avoir organis\u00e9 cette rencontre projection\u00a0et permis de partager avec tous ceux qui sont venus<\/i><i> <\/i><i>ce moment, leurs r\u00e9cits et leurs retours tr\u00e8s \u00e9mouvants.<\/i><i><\/i><\/p>\n<p class=\"x_MsoNormal\"><i>Merci de votre confiance \u00e0 tous et pour cette belle apr\u00e8s-midi pass\u00e9e ensemble.<\/i><i><\/i><\/p>\n<p class=\"x_MsoNormal\"><i>Un petit mot aussi pour Alicia du cin\u00e9ma Jean Gabin, Fouzia, bien s\u00fbr, Mokhtar, Kaddour,\u00a0j&rsquo;oublie certainement des noms, mais pas les visages et les t\u00e9moignages.<\/i><i> <\/i><i>Bien \u00e0 vous tous.\u00a0\u00bb<br \/>\n<\/i><\/p>\n<p class=\"x_MsoNormal\"><i>Pour illustrer et immortaliser ces moments <\/i>d&rsquo;\u00e9changes, des photos sont ci-jointes.<\/p>\n<p class=\"x_MsoNormal\">Pour retrouver l&rsquo;ATMF d&rsquo;Argenteuil, rendez-vous sur leur site : <a href=\"http:\/\/atmf-argenteuil.org\/une-belle-seance-cinematographique-dans-le-cadre-de-la-journee-de-lutte-pour-les-droits-des-femmes\/\">ATMF Argenteuil<\/a><\/p>\n<p class=\"x_MsoNormal\">\n<p class=\"x_MsoNormal\">Des sites ont pass\u00e9 l&rsquo;info:<\/p>\n<p class=\"x_MsoNormal\"><span class=\"x_demosphere-source-link\">Lien : <a href=\"https:\/\/xc33.mail.ovh.net\/owa\/redir.aspx?C=d7f20dea026a4811bf56b2dddc0e86ce&amp;URL=http%3a%2f%2fparis.demosphere.eu%2frv%2f38575\" target=\"_blank\">http:\/\/paris.demosphere.eu\/rv\/38575<\/a><br \/>\n<\/span>Source\u00a0: <a href=\"https:\/\/xc33.mail.ovh.net\/owa\/redir.aspx?C=d7f20dea026a4811bf56b2dddc0e86ce&amp;URL=http%3a%2f%2fmaghrebzine.fr%2f2015%2f03%2f10%2f10949-femmes-de-nassima-gassoum-le-14-mars-a-argenteuil\" target=\"_blank\">http:\/\/maghrebzine.fr\/2015\/03\/10\/10949-femmes&#8230;<\/a><br \/>\nSource\u00a0: <a href=\"https:\/\/xc33.mail.ovh.net\/owa\/redir.aspx?C=d7f20dea026a4811bf56b2dddc0e86ce&amp;URL=http%3a%2f%2fwww.euromed-france.org%2fspip.php%3farticle935\" target=\"_blank\">http:\/\/www.euromed-france.org\/spip.php?articl&#8230;<\/a><\/p>\n<p class=\"x_MsoNormal\"><a href=\"http:\/\/www.atmf.org\/wp-content\/uploads\/2015\/03\/Argenteuil.jpg\"><img loading=\"lazy\" decoding=\"async\" class=\"aligncenter size-medium wp-image-3486\" src=\"http:\/\/www.atmf.org\/wp-content\/uploads\/2015\/03\/Argenteuil-300x225.jpg\" alt=\"Argenteuil\" width=\"300\" height=\"225\" data-wp-pid=\"3486\" srcset=\"https:\/\/www.atmf.org\/wp-content\/uploads\/2015\/03\/Argenteuil-300x225.jpg 300w, https:\/\/www.atmf.org\/wp-content\/uploads\/2015\/03\/Argenteuil.jpg 960w\" sizes=\"auto, (max-width: 300px) 100vw, 300px\" \/><\/a><\/p>\n<p class=\"x_MsoNormal\"><a href=\"http:\/\/www.atmf.org\/wp-content\/uploads\/2015\/03\/Argenteuil-2.jpg\"><img loading=\"lazy\" decoding=\"async\" class=\"aligncenter size-medium wp-image-3487\" src=\"http:\/\/www.atmf.org\/wp-content\/uploads\/2015\/03\/Argenteuil-2-300x231.jpg\" alt=\"Argenteuil 2\" width=\"300\" height=\"231\" data-wp-pid=\"3487\" srcset=\"https:\/\/www.atmf.org\/wp-content\/uploads\/2015\/03\/Argenteuil-2-300x231.jpg 300w, https:\/\/www.atmf.org\/wp-content\/uploads\/2015\/03\/Argenteuil-2.jpg 960w\" sizes=\"auto, (max-width: 300px) 100vw, 300px\" \/><\/a><\/p>\n<p class=\"x_MsoNormal\"><a href=\"http:\/\/www.atmf.org\/wp-content\/uploads\/2015\/03\/Argenteuil-3.jpg\"><img loading=\"lazy\" decoding=\"async\" class=\"aligncenter size-medium wp-image-3488\" src=\"http:\/\/www.atmf.org\/wp-content\/uploads\/2015\/03\/Argenteuil-3-300x225.jpg\" alt=\"Argenteuil 3\" width=\"300\" height=\"225\" data-wp-pid=\"3488\" srcset=\"https:\/\/www.atmf.org\/wp-content\/uploads\/2015\/03\/Argenteuil-3-300x225.jpg 300w, https:\/\/www.atmf.org\/wp-content\/uploads\/2015\/03\/Argenteuil-3-1024x768.jpg 1024w, https:\/\/www.atmf.org\/wp-content\/uploads\/2015\/03\/Argenteuil-3.jpg 1280w\" sizes=\"auto, (max-width: 300px) 100vw, 300px\" \/><\/a><\/p>\n<p class=\"x_MsoNormal\"><a href=\"http:\/\/www.atmf.org\/wp-content\/uploads\/2015\/03\/Argenteuil-4.jpg\"><img loading=\"lazy\" decoding=\"async\" class=\"aligncenter size-medium wp-image-3489\" src=\"http:\/\/www.atmf.org\/wp-content\/uploads\/2015\/03\/Argenteuil-4-300x225.jpg\" alt=\"Argenteuil 4\" width=\"300\" height=\"225\" data-wp-pid=\"3489\" srcset=\"https:\/\/www.atmf.org\/wp-content\/uploads\/2015\/03\/Argenteuil-4-300x225.jpg 300w, https:\/\/www.atmf.org\/wp-content\/uploads\/2015\/03\/Argenteuil-4-1024x768.jpg 1024w, https:\/\/www.atmf.org\/wp-content\/uploads\/2015\/03\/Argenteuil-4-800x600.jpg 800w, https:\/\/www.atmf.org\/wp-content\/uploads\/2015\/03\/Argenteuil-4.jpg 1280w\" sizes=\"auto, (max-width: 300px) 100vw, 300px\" \/><\/a><\/p>\n","protected":false},"excerpt":{"rendered":"<p>Une belle s\u00e9ance cin\u00e9matographique \u00a0avec beaucoup d&rsquo;\u00e9motions dans la salle lors du visionnage du film \u00ab\u00a010949 Femmes\u00a0\u00bb de Nassima Guassoum \u00a0le 14 mars au cin\u00e9ma Jean Gabin, dans le cadre de la journ\u00e9e de lutte pour les droits des femmes,\u00a0organis\u00e9e\u00a0par &hellip; <a href=\"https:\/\/www.atmf.org\/?p=3485\">Continue reading <span class=\"meta-nav\">&rarr;<\/span><\/a><\/p>\n","protected":false},"author":1,"featured_media":0,"comment_status":"closed","ping_status":"closed","sticky":false,"template":"","format":"standard","meta":{"ngg_post_thumbnail":0,"_monsterinsights_skip_tracking":false,"_monsterinsights_sitenote_active":false,"_monsterinsights_sitenote_note":"","_monsterinsights_sitenote_category":0,"footnotes":""},"categories":[89,107],"tags":[],"class_list":["post-3485","post","type-post","status-publish","format-standard","hentry","category-argenteuil","category-droit-des-femmes"],"_links":{"self":[{"href":"https:\/\/www.atmf.org\/index.php?rest_route=\/wp\/v2\/posts\/3485","targetHints":{"allow":["GET"]}}],"collection":[{"href":"https:\/\/www.atmf.org\/index.php?rest_route=\/wp\/v2\/posts"}],"about":[{"href":"https:\/\/www.atmf.org\/index.php?rest_route=\/wp\/v2\/types\/post"}],"author":[{"embeddable":true,"href":"https:\/\/www.atmf.org\/index.php?rest_route=\/wp\/v2\/users\/1"}],"replies":[{"embeddable":true,"href":"https:\/\/www.atmf.org\/index.php?rest_route=%2Fwp%2Fv2%2Fcomments&post=3485"}],"version-history":[{"count":2,"href":"https:\/\/www.atmf.org\/index.php?rest_route=\/wp\/v2\/posts\/3485\/revisions"}],"predecessor-version":[{"id":3498,"href":"https:\/\/www.atmf.org\/index.php?rest_route=\/wp\/v2\/posts\/3485\/revisions\/3498"}],"wp:attachment":[{"href":"https:\/\/www.atmf.org\/index.php?rest_route=%2Fwp%2Fv2%2Fmedia&parent=3485"}],"wp:term":[{"taxonomy":"category","embeddable":true,"href":"https:\/\/www.atmf.org\/index.php?rest_route=%2Fwp%2Fv2%2Fcategories&post=3485"},{"taxonomy":"post_tag","embeddable":true,"href":"https:\/\/www.atmf.org\/index.php?rest_route=%2Fwp%2Fv2%2Ftags&post=3485"}],"curies":[{"name":"wp","href":"https:\/\/api.w.org\/{rel}","templated":true}]}}