{"id":3787,"date":"2015-05-04T13:26:11","date_gmt":"2015-05-04T11:26:11","guid":{"rendered":"http:\/\/www.atmf.org\/?p=3787"},"modified":"2015-05-04T13:27:31","modified_gmt":"2015-05-04T11:27:31","slug":"cercles-de-silence-a-aix-pour-protester-contre-les-enfermements-et-les-expulsions-detrangers","status":"publish","type":"post","link":"https:\/\/www.atmf.org\/?p=3787","title":{"rendered":"Cercles de silence \u00e0 Aix, pour protester contre les enfermements et les expulsions d&rsquo;\u00e9trangers"},"content":{"rendered":"<p><a href=\"http:\/\/www.atmf.org\/wp-content\/uploads\/2015\/05\/Capture.png\"><img loading=\"lazy\" decoding=\"async\" class=\"aligncenter size-medium wp-image-3790\" src=\"http:\/\/www.atmf.org\/wp-content\/uploads\/2015\/05\/Capture-300x150.png\" alt=\"Capture\" width=\"300\" height=\"150\" data-wp-pid=\"3790\" srcset=\"https:\/\/www.atmf.org\/wp-content\/uploads\/2015\/05\/Capture-300x150.png 300w, https:\/\/www.atmf.org\/wp-content\/uploads\/2015\/05\/Capture.png 620w\" sizes=\"auto, (max-width: 300px) 100vw, 300px\" \/><\/a><\/p>\n<p>&nbsp;<\/p>\n<p><strong>CERCLE de SILENCE<\/strong> <strong>d&rsquo;Aix-en-Provence<\/strong><br \/>\n<strong>comme tous les 2e samedi de chaque mois \u00e0 Aix <\/strong><strong><br \/>\n<\/strong><strong>samedi <\/strong><strong>9 mai <\/strong><strong>2015<\/strong><strong><br \/>\net les samedi 13 juin, 11 juillet, 8 ao\u00fbt 2015&#8230;<\/strong> <strong><br \/>\n<\/strong><strong><br \/>\n<\/strong><strong>de 11h30 \u00e0 12h.<\/strong><br \/>\n<strong><br \/>\n<\/strong><strong>sur la place de la Rotonde\u00a0&#8211;\u00a0du c\u00f4t\u00e9 des all\u00e9es proven\u00e7ales<\/strong><br \/>\n<strong>afin de protester contre l&rsquo;enfermement des \u00e9trangers,\u00a0les conditions de\u00a0cet enfermement<br \/>\net les expulsions quotidiennes<br \/>\nque nous constatons au m\u00e9pris\u00a0total des droits fondamentaux de la personne.<\/strong><\/p>\n<p>&nbsp;<\/p>\n<p>Pour le groupe de coordination du cercle de silence d&rsquo;Aix-en-Provence<\/p>\n<p><strong><em>Rappel : <\/em><\/strong><em>Le Cercle de Silence d&rsquo;Aix-en-Provence est compos\u00e9 de citoyen (ne)s et de membres engag\u00e9s individuellement au sein de divers mouvements et associations qui le soutiennent :<\/em><\/p>\n<p>ACAT Aix, AIX-SOLIDARITE, AJC Amiti\u00e9 Jud\u00e9o-Chr\u00e9tienne Aix, AMNESTY International Aix, ASTI d&rsquo;Aix-Marseille, ATMF Pays d&rsquo;Aix, ATTAC Pays d&rsquo;Aix, CADTM Aix, CCFD-Terre Solidaire Aix, CIMADE Pays d\u2019Aix, EMMAUS Cabri\u00e8s, ENTRAIDE de l&rsquo;EPU l\u2019Eglise Protestante Unie &#8211; Aix, FPPA F\u00e9minin Pluriel en Pays d&rsquo;Aix, FRATERNITE FRANCISCAINE Aix, JRS France (Accueil J\u00e9suite des R\u00e9fugi\u00e9s) LDH Ligue des droits de l&rsquo;homme Aix, MAIS International, OMI Missionnaires OBLATS Aix, PASTORALE DES MIGRANTS Aix, RELAIS ST DONAT, REPAIRE DU PAYS D&rsquo;AIX, RESISTER Aujourd&rsquo;hui, RESF13, SECOURS CATHOLIQUE Aix, SAF Syndicat des Avocats de France Aix.<\/p>\n<p>&nbsp;<\/p>\n<p>\u00ab\u00a0Sylvie Kauffmann faisait dans le Monde dat\u00e9 du 25 avril dernier le parall\u00e8le entre l&rsquo;\u00e9lan de solidarit\u00e9 observ\u00e9 en France il y a 36 ans pour les \u00ab\u00a0boat people\u00a0\u00bb du Vietnam et du Cambodge &#8211;\u00a0sous l&rsquo;impulsion des intellectuels, Sartre et Aron en t\u00eate, des ONG de l&rsquo;\u00e9poque, des autorit\u00e9s religieuses, dont l&rsquo;archev\u00eaque de Marseille,\u00a0et de nombreux maires de petites ou grandes communes &#8211; et la frilosit\u00e9 actuelle, pour ne pas dire l&rsquo;indiff\u00e9rence,\u00a0de cette m\u00eame France face au drame d&rsquo;une ampleur comparable qui se produit en M\u00e9diterran\u00e9e \u00e0 quelques centaines de kilom\u00e8tres de nos c\u00f4tes et non\u00a0plus dans le lointain golfe du Siam.<\/p>\n<p>Il faut croire que les esprits ont \u00e9t\u00e9 lentement contamin\u00e9s\u00a0par la r\u00e9p\u00e9tition des discours anti migratoires et par la mise en place d&rsquo;une r\u00e9glementation de plus en plus dure pour ceux qui p\u00e9n\u00e8trent sur le sol europ\u00e9en, tellement dure qu&rsquo;elle fabrique d&rsquo;innombrables sans-papiers qualifi\u00e9s\u00a0de clandestins, assimil\u00e9s d\u00e8s lors,\u00a0par un insidieux glissement s\u00e9mantique, \u00e0 des d\u00e9linquants,\u00a0puis trait\u00e9s comme tels avec les mises en r\u00e9tention, assignations \u00e0 r\u00e9sidence et expulsions\u00a0qu&rsquo;ils subissent.<\/p>\n<p>Ce processus de stigmatisation\u00a0que les plus hautes autorit\u00e9s de l&rsquo;Etat ont utilis\u00e9 ou qu&rsquo;elles n&rsquo;ont pas d\u00e9nonc\u00e9 a fortement contribu\u00e9 \u00e0 faire perdre\u00a0ce sens de la solidarit\u00e9 qui s&rsquo;\u00e9tait si bien exprim\u00e9 en 1979.<\/p>\n<p>R\u00e9affirmons, avec <em>M\u00e9decins du Monde <\/em>(Newsletter du 1er mai), que<em> <strong>la migration est un droit humain<\/strong><\/em><strong>. <\/strong>Et appelons avec eux <em><strong>\u00e0 changer de paradigme ;\u00a0\u00e0 cesser de la voir comme une agression ;\u00a0\u00e0 la vivre\u00a0comme ce qu\u2019elle est en r\u00e9alit\u00e9, c\u2019est-\u00e0-dire une opportunit\u00e9<\/strong><\/em><strong>.<\/strong><\/p>\n<p>Retrouvons-nous\u00a0en nombre samedi prochain 9 mai au cercle de silence qui se tiendra comme d&rsquo;habitude aux All\u00e9es Proven\u00e7ales, de 11h30 \u00e0 midi.\u00a0\u00bb<\/p>\n<p>&nbsp;<\/p>\n","protected":false},"excerpt":{"rendered":"<p>&nbsp; CERCLE de SILENCE d&rsquo;Aix-en-Provence comme tous les 2e samedi de chaque mois \u00e0 Aix samedi 9 mai 2015 et les samedi 13 juin, 11 juillet, 8 ao\u00fbt 2015&#8230; de 11h30 \u00e0 12h. sur la place de la Rotonde\u00a0&#8211;\u00a0du c\u00f4t\u00e9 &hellip; <a href=\"https:\/\/www.atmf.org\/?p=3787\">Continue reading <span class=\"meta-nav\">&rarr;<\/span><\/a><\/p>\n","protected":false},"author":1,"featured_media":0,"comment_status":"closed","ping_status":"closed","sticky":false,"template":"","format":"standard","meta":{"ngg_post_thumbnail":0,"_monsterinsights_skip_tracking":false,"_monsterinsights_sitenote_active":false,"_monsterinsights_sitenote_note":"","_monsterinsights_sitenote_category":0,"footnotes":""},"categories":[88,47],"tags":[],"class_list":["post-3787","post","type-post","status-publish","format-standard","hentry","category-aix-en-provence","category-migrants-sans-frontieres"],"_links":{"self":[{"href":"https:\/\/www.atmf.org\/index.php?rest_route=\/wp\/v2\/posts\/3787","targetHints":{"allow":["GET"]}}],"collection":[{"href":"https:\/\/www.atmf.org\/index.php?rest_route=\/wp\/v2\/posts"}],"about":[{"href":"https:\/\/www.atmf.org\/index.php?rest_route=\/wp\/v2\/types\/post"}],"author":[{"embeddable":true,"href":"https:\/\/www.atmf.org\/index.php?rest_route=\/wp\/v2\/users\/1"}],"replies":[{"embeddable":true,"href":"https:\/\/www.atmf.org\/index.php?rest_route=%2Fwp%2Fv2%2Fcomments&post=3787"}],"version-history":[{"count":3,"href":"https:\/\/www.atmf.org\/index.php?rest_route=\/wp\/v2\/posts\/3787\/revisions"}],"predecessor-version":[{"id":3791,"href":"https:\/\/www.atmf.org\/index.php?rest_route=\/wp\/v2\/posts\/3787\/revisions\/3791"}],"wp:attachment":[{"href":"https:\/\/www.atmf.org\/index.php?rest_route=%2Fwp%2Fv2%2Fmedia&parent=3787"}],"wp:term":[{"taxonomy":"category","embeddable":true,"href":"https:\/\/www.atmf.org\/index.php?rest_route=%2Fwp%2Fv2%2Fcategories&post=3787"},{"taxonomy":"post_tag","embeddable":true,"href":"https:\/\/www.atmf.org\/index.php?rest_route=%2Fwp%2Fv2%2Ftags&post=3787"}],"curies":[{"name":"wp","href":"https:\/\/api.w.org\/{rel}","templated":true}]}}