{"id":3840,"date":"2015-05-11T10:51:50","date_gmt":"2015-05-11T08:51:50","guid":{"rendered":"http:\/\/www.atmf.org\/?p=3840"},"modified":"2015-05-11T10:51:50","modified_gmt":"2015-05-11T08:51:50","slug":"mobilisations-de-latmf-argenteuil-pour-les-rroms","status":"publish","type":"post","link":"https:\/\/www.atmf.org\/?p=3840","title":{"rendered":"Mobilisations de l&rsquo;ATMF Argenteuil pour les Rroms"},"content":{"rendered":"<p><a href=\"http:\/\/www.atmf.org\/wp-content\/uploads\/2015\/05\/Capture42.png\"><img loading=\"lazy\" decoding=\"async\" class=\"aligncenter size-medium wp-image-3841\" src=\"http:\/\/www.atmf.org\/wp-content\/uploads\/2015\/05\/Capture42-300x130.png\" alt=\"Capture4\" width=\"300\" height=\"130\" data-wp-pid=\"3841\" srcset=\"https:\/\/www.atmf.org\/wp-content\/uploads\/2015\/05\/Capture42-300x130.png 300w, https:\/\/www.atmf.org\/wp-content\/uploads\/2015\/05\/Capture42.png 495w\" sizes=\"auto, (max-width: 300px) 100vw, 300px\" \/><\/a><\/p>\n<p>T\u00e9moignage de l&rsquo;ATMF Argenteuil :<\/p>\n<p>\u00ab\u00a0L&rsquo;ATMF a \u00e9t\u00e9 \u00e0 l&rsquo;origine de la mise en place du collectif de soutien aux Rroms d&rsquo;Argenteuil qui compte plusieurs membres, des citoyens, des militants, des associations etc.<\/p>\n<p>Apr\u00e8s plusieurs mois de n\u00e9gociations avec le sous-pr\u00e9fet qui nous a re\u00e7us par deux fois, nous n&rsquo;avons malheureusement pas pu obtenir la non application de l&rsquo;arr\u00eat\u00e9 d&rsquo;expulsion \u00e9mis par la municipalit\u00e9.<\/p>\n<p>Cet arr\u00eat\u00e9 \u00e9voque des probl\u00e8mes d\u2019hygi\u00e8ne et de salubrit\u00e9.<\/p>\n<p>Le d\u00e9mant\u00e8lement du camp a eu lieu le 04 mai au petit matin ; le collectif \u00e9tait pr\u00e9sent.<\/p>\n<p>Les Rroms, apr\u00e8s des intimidations par la police, ont pr\u00e9f\u00e9r\u00e9 quitter les lieux pour s&rsquo;installer ailleurs non loin de l\u00e0.<\/p>\n<p>Le collectif reste mobilis\u00e9.<\/p>\n<p>A suivre..\u00a0\u00bb<\/p>\n","protected":false},"excerpt":{"rendered":"<p>T\u00e9moignage de l&rsquo;ATMF Argenteuil : \u00ab\u00a0L&rsquo;ATMF a \u00e9t\u00e9 \u00e0 l&rsquo;origine de la mise en place du collectif de soutien aux Rroms d&rsquo;Argenteuil qui compte plusieurs membres, des citoyens, des militants, des associations etc. Apr\u00e8s plusieurs mois de n\u00e9gociations avec le &hellip; <a href=\"https:\/\/www.atmf.org\/?p=3840\">Continue reading <span class=\"meta-nav\">&rarr;<\/span><\/a><\/p>\n","protected":false},"author":1,"featured_media":0,"comment_status":"closed","ping_status":"closed","sticky":false,"template":"","format":"standard","meta":{"ngg_post_thumbnail":0,"_monsterinsights_skip_tracking":false,"_monsterinsights_sitenote_active":false,"_monsterinsights_sitenote_note":"","_monsterinsights_sitenote_category":0,"footnotes":""},"categories":[89,47],"tags":[],"class_list":["post-3840","post","type-post","status-publish","format-standard","hentry","category-argenteuil","category-migrants-sans-frontieres"],"_links":{"self":[{"href":"https:\/\/www.atmf.org\/index.php?rest_route=\/wp\/v2\/posts\/3840","targetHints":{"allow":["GET"]}}],"collection":[{"href":"https:\/\/www.atmf.org\/index.php?rest_route=\/wp\/v2\/posts"}],"about":[{"href":"https:\/\/www.atmf.org\/index.php?rest_route=\/wp\/v2\/types\/post"}],"author":[{"embeddable":true,"href":"https:\/\/www.atmf.org\/index.php?rest_route=\/wp\/v2\/users\/1"}],"replies":[{"embeddable":true,"href":"https:\/\/www.atmf.org\/index.php?rest_route=%2Fwp%2Fv2%2Fcomments&post=3840"}],"version-history":[{"count":1,"href":"https:\/\/www.atmf.org\/index.php?rest_route=\/wp\/v2\/posts\/3840\/revisions"}],"predecessor-version":[{"id":3842,"href":"https:\/\/www.atmf.org\/index.php?rest_route=\/wp\/v2\/posts\/3840\/revisions\/3842"}],"wp:attachment":[{"href":"https:\/\/www.atmf.org\/index.php?rest_route=%2Fwp%2Fv2%2Fmedia&parent=3840"}],"wp:term":[{"taxonomy":"category","embeddable":true,"href":"https:\/\/www.atmf.org\/index.php?rest_route=%2Fwp%2Fv2%2Fcategories&post=3840"},{"taxonomy":"post_tag","embeddable":true,"href":"https:\/\/www.atmf.org\/index.php?rest_route=%2Fwp%2Fv2%2Ftags&post=3840"}],"curies":[{"name":"wp","href":"https:\/\/api.w.org\/{rel}","templated":true}]}}