{"id":3863,"date":"2015-05-18T15:16:19","date_gmt":"2015-05-18T13:16:19","guid":{"rendered":"http:\/\/www.atmf.org\/?p=3863"},"modified":"2015-05-18T15:16:19","modified_gmt":"2015-05-18T13:16:19","slug":"communique-sur-les-propos-islamophobes-du-maire-de-venelles","status":"publish","type":"post","link":"https:\/\/www.atmf.org\/?p=3863","title":{"rendered":"Communiqu\u00e9 sur les propos islamophobes du maire de Venelles"},"content":{"rendered":"<p><a href=\"http:\/\/www.atmf.org\/wp-content\/uploads\/2015\/05\/Capture6.png\"><img loading=\"lazy\" decoding=\"async\" class=\"aligncenter  wp-image-3864\" src=\"http:\/\/www.atmf.org\/wp-content\/uploads\/2015\/05\/Capture6-300x63.png\" alt=\"Capture\" width=\"400\" height=\"84\" data-wp-pid=\"3864\" srcset=\"https:\/\/www.atmf.org\/wp-content\/uploads\/2015\/05\/Capture6-300x63.png 300w, https:\/\/www.atmf.org\/wp-content\/uploads\/2015\/05\/Capture6.png 615w\" sizes=\"auto, (max-width: 400px) 100vw, 400px\" \/><\/a><\/p>\n<p>&nbsp;<\/p>\n<p>Suite aux propos islamophobes du maire de Venelles, l&rsquo;ATMF est signataire du communiqu\u00e9 suivant :<\/p>\n<p>&nbsp;<\/p>\n<p>Les propos qui stigmatisent une partie de la population de notre pays doivent \u00eatre combattus, partout et sans concession aucune. Le Carrefour Citoyen de Venelles et du Pays d\u2019Aix appelle tous les r\u00e9publicains qui sont choqu\u00e9s et se sentent offens\u00e9s par de tels propos \u00e0 r\u00e9unir leurs voix pour les condamner de la mani\u00e8re la plus claire.<\/p>\n<p>Le Code G\u00e9n\u00e9ral des Collectivit\u00e9s Territoriales (article L.2122-16) pr\u00e9voit la suspension ou la r\u00e9vocation d\u2019un maire qui dans ses comportements, ses d\u00e9clarations ou ses actes,\u00a0 a commis une faute de nature \u00e0 rendre impossible son maintien dans sa fonction.<\/p>\n<p>Compte tenu de la gravit\u00e9 des propos anticonstitutionnels \u00a0du \u00a0maire de Venelles,\u00a0 r\u00e9clamant sur le territoire national l\u2019interdiction du culte musulman, la suppression de la loi de 1905, et relayant les propos les plus intol\u00e9rants, le Carrefour Citoyen de Venelles et du Pays d\u2019Aix demande que le Conseil Municipal de Venelles\u00a0:<\/p>\n<ul>\n<li>Vote explicitement lors de sa s\u00e9ance du 20 mai 2015 la d\u00e9nonciation et la condamnation de tels propos.<\/li>\n<li>Demande au pr\u00e9fet l\u2019engagement imm\u00e9diat d\u2019une proc\u00e9dure de r\u00e9vocation du Maire et que dans l\u2019attente, il soit proc\u00e9d\u00e9 \u00e0 la suspension du Maire de toute responsabilit\u00e9 municipale et communautaire.<\/li>\n<\/ul>\n<p>&nbsp;<\/p>\n<p>Par ailleurs le Carrefour Citoyen de Venelles et du Pays d\u2019Aix se r\u00e9serve le droit d\u2019engager en association avec d\u2019autres, ou \u00e0 titre personnel, toute proc\u00e9dure judiciaire permettant la condamnation de tels propos devant les tribunaux comp\u00e9tents.<\/p>\n<p>&nbsp;<\/p>\n<p>Premiers signataires\u00a0: Le Carrefour citoyen de Venelles;\u00a0 La Ligue des Droits de l\u2019Homme (LDH) d\u2019 Aix pays D\u2019Aix et \u00a0Istres-Ouest Provence\u00a0; \u00a0PCF section d\u2019Aix en Provence\u00a0;\u00a0 Fondation Copernic; \u00a0R\u00e9sister Aujourd\u2019hui\u00a0; \u00a0Herv\u00e9 GUERRERA, Partit Occitan, Conseiller Municipal d&rsquo;opposition d&rsquo;Aix-en-Provence, \u00a0conseiller r\u00e9gionale\u00a0; \u00a0l&rsquo;UL CFDT du Pays d&rsquo;Aix\u00a0; Ensemble Pays d\u2019Aix\u00a0; <span style=\"text-decoration: underline;\">\u00a0<\/span>l&rsquo;Association des Travailleurs Maghr\u00e9bins de France (ATMF);\u00a0 PG Aix\u00a0; Rouges Vifs Aix\/Gardanne\u00a0;\u00a0 Jeunes Socialistes d\u2019Aix\u00a0; Daniel LE COZ Pr\u00e9sident de Association EMMAUS CABRIES\u00a0; UL CGT d\u2019 Aix\u00a0; Anne MESLIAND Conseill\u00e8re r\u00e9gionale PCF-FG\u00a0;\u00a0 FSU 13; Europe Ecologie les Vert (EELV) pays d\u2019Aix\u00a0;<\/p>\n<p>&nbsp;<\/p>\n<p><b><span style=\"color: #0000ff;\">Pour signer la p\u00e9tition :\u00a0<a href=\"https:\/\/xc33.mail.ovh.net\/owa\/redir.aspx?C=d4d5b9c56a9f46cb96113550fc6a07e4&amp;URL=http%3a%2f%2fwww.petitionpublique.fr%2f%3fpi%3dP2015N47799\" target=\"_blank\">http:\/\/www.petitionpublique.fr\/?pi=P2015N47799<\/a><\/span><\/b><\/p>\n","protected":false},"excerpt":{"rendered":"<p>&nbsp; Suite aux propos islamophobes du maire de Venelles, l&rsquo;ATMF est signataire du communiqu\u00e9 suivant : &nbsp; Les propos qui stigmatisent une partie de la population de notre pays doivent \u00eatre combattus, partout et sans concession aucune. Le Carrefour Citoyen &hellip; <a href=\"https:\/\/www.atmf.org\/?p=3863\">Continue reading <span class=\"meta-nav\">&rarr;<\/span><\/a><\/p>\n","protected":false},"author":1,"featured_media":0,"comment_status":"closed","ping_status":"closed","sticky":false,"template":"","format":"standard","meta":{"ngg_post_thumbnail":0,"_monsterinsights_skip_tracking":false,"_monsterinsights_sitenote_active":false,"_monsterinsights_sitenote_note":"","_monsterinsights_sitenote_category":0,"footnotes":""},"categories":[88,108],"tags":[],"class_list":["post-3863","post","type-post","status-publish","format-standard","hentry","category-aix-en-provence","category-lutte-contre-le-racisme"],"_links":{"self":[{"href":"https:\/\/www.atmf.org\/index.php?rest_route=\/wp\/v2\/posts\/3863","targetHints":{"allow":["GET"]}}],"collection":[{"href":"https:\/\/www.atmf.org\/index.php?rest_route=\/wp\/v2\/posts"}],"about":[{"href":"https:\/\/www.atmf.org\/index.php?rest_route=\/wp\/v2\/types\/post"}],"author":[{"embeddable":true,"href":"https:\/\/www.atmf.org\/index.php?rest_route=\/wp\/v2\/users\/1"}],"replies":[{"embeddable":true,"href":"https:\/\/www.atmf.org\/index.php?rest_route=%2Fwp%2Fv2%2Fcomments&post=3863"}],"version-history":[{"count":1,"href":"https:\/\/www.atmf.org\/index.php?rest_route=\/wp\/v2\/posts\/3863\/revisions"}],"predecessor-version":[{"id":3865,"href":"https:\/\/www.atmf.org\/index.php?rest_route=\/wp\/v2\/posts\/3863\/revisions\/3865"}],"wp:attachment":[{"href":"https:\/\/www.atmf.org\/index.php?rest_route=%2Fwp%2Fv2%2Fmedia&parent=3863"}],"wp:term":[{"taxonomy":"category","embeddable":true,"href":"https:\/\/www.atmf.org\/index.php?rest_route=%2Fwp%2Fv2%2Fcategories&post=3863"},{"taxonomy":"post_tag","embeddable":true,"href":"https:\/\/www.atmf.org\/index.php?rest_route=%2Fwp%2Fv2%2Ftags&post=3863"}],"curies":[{"name":"wp","href":"https:\/\/api.w.org\/{rel}","templated":true}]}}