{"id":4238,"date":"2015-09-04T17:06:29","date_gmt":"2015-09-04T15:06:29","guid":{"rendered":"http:\/\/www.atmf.org\/?p=4238"},"modified":"2015-10-26T13:06:57","modified_gmt":"2015-10-26T12:06:57","slug":"rassemblement-pour-le-retrait-du-projet-de-loi-dit-de-reconciliation-nationale","status":"publish","type":"post","link":"https:\/\/www.atmf.org\/?p=4238","title":{"rendered":"Rassemblement pour le retrait du projet de loi dit \u00ab\u00a0de r\u00e9conciliation nationale\u00a0\u00bb"},"content":{"rendered":"<p><a href=\"http:\/\/www.atmf.org\/wp-content\/uploads\/2015\/09\/IMG_4122-2.jpg\"><img loading=\"lazy\" decoding=\"async\" class=\"aligncenter size-medium wp-image-4239\" src=\"http:\/\/www.atmf.org\/wp-content\/uploads\/2015\/09\/IMG_4122-2-300x225.jpg\" alt=\"IMG_4122 (2)\" width=\"300\" height=\"225\" data-wp-pid=\"4239\" srcset=\"https:\/\/www.atmf.org\/wp-content\/uploads\/2015\/09\/IMG_4122-2-300x225.jpg 300w, https:\/\/www.atmf.org\/wp-content\/uploads\/2015\/09\/IMG_4122-2-1024x768.jpg 1024w\" sizes=\"auto, (max-width: 300px) 100vw, 300px\" \/><\/a><\/p>\n<p><a href=\"http:\/\/www.atmf.org\/wp-content\/uploads\/2015\/09\/IMG_4123.jpg\"><img loading=\"lazy\" decoding=\"async\" class=\"aligncenter size-medium wp-image-4240\" src=\"http:\/\/www.atmf.org\/wp-content\/uploads\/2015\/09\/IMG_4123-300x225.jpg\" alt=\"IMG_4123\" width=\"300\" height=\"225\" data-wp-pid=\"4240\" srcset=\"https:\/\/www.atmf.org\/wp-content\/uploads\/2015\/09\/IMG_4123-300x225.jpg 300w, https:\/\/www.atmf.org\/wp-content\/uploads\/2015\/09\/IMG_4123-1024x768.jpg 1024w, https:\/\/www.atmf.org\/wp-content\/uploads\/2015\/09\/IMG_4123-800x600.jpg 800w\" sizes=\"auto, (max-width: 300px) 100vw, 300px\" \/><\/a><\/p>\n<p>&nbsp;<\/p>\n<p>Le 3 septembre 2015, plusieurs associations appelaient \u00e0 un rassemblement devant l&rsquo;ambassade de Tunisie \u00e0 Paris, pour r\u00e9clamer le retrait du projet de loi dit \u00ab\u00a0de r\u00e9conciliation nationale\u00a0\u00bb. L&rsquo;ATMF a particip\u00e9 \u00e0 ce rassemblement, aux c\u00f4t\u00e9s d&rsquo;une centaine de participants.<\/p>\n<p>Texte d&rsquo;appel<\/p>\n<p style=\"text-align: center;\"><strong>A propos du projet de loi sur la R\u00e9conciliation nationale<\/strong><\/p>\n<p style=\"text-align: center;\"><strong>D\u00e9claration des associations de Tunisiens \u00e0 l\u2019Etranger <\/strong><\/p>\n<p>&nbsp;<\/p>\n<p>&nbsp;<\/p>\n<p>R\u00e9conciliation nationale\u00a0! L\u2019expression r\u00e9sonne comme un mot d\u2019ordre en ces temps de mobilisation contre le terrorisme. Par ailleurs, ne s\u2019agit-il pas du volet final du triptyque\u00a0 v\u00e9rit\u00e9 \u2013 justice &#8211; r\u00e9conciliation\u00a0de la Justice transitionnelle que nous appelons tous de nos v\u0153ux\u2026<\/p>\n<p>Nous somme tous demandeurs de r\u00e9conciliation nationale. Mais de quelle r\u00e9conciliation il s\u2019agit\u00a0?<\/p>\n<p>En ces temps de turbulences, le sens des mots semble aussi troubl\u00e9.<\/p>\n<p>Il s\u2019agit de \u00ab\u00a0tourner la page\u00a0\u00bb, nous dit le pr\u00e9sident de la R\u00e9publique. Soit, mais quelle page\u00a0?<\/p>\n<p>S\u2019il s\u2019agit d\u2019absoudre des mafieux, on ne voit pas en quoi cela va contribuer \u00e0 renforcer l\u2019\u00e9conomie du pays. Si les \u00ab\u00a0hommes d\u2019affaires\u00a0\u00bb, qui ont fait fortune gr\u00e2ce \u00e0 la corruption, sont des acteurs du d\u00e9veloppement, cela se saurait\u00a0!<\/p>\n<p>Si l\u2019on entend attirer les sp\u00e9culateurs en tous genres, ils ne sont pas concern\u00e9s par la lev\u00e9e en masse que l\u2019on veut provoquer, ils ont toujours pr\u00e9f\u00e9r\u00e9 vampiriser les richesses produites par le labeur des plus pauvres.<\/p>\n<p>S\u2019il s\u2019agit de passer l\u2019\u00e9ponge sur les forfaits des \u00ab\u00a0commis\u00a0\u00bb de l\u2019\u00c9tat qui ont piqu\u00e9 dans la caisse, un \u00c9tat ne se renforce pas en s\u2019attirant les faveurs des responsables du laxisme, des larcins ou des compromissions les plus graves au c\u0153ur de l\u2019\u00c9tat\u2026<\/p>\n<p>On voudrait rabaisser encore l\u2019\u00c9tat et son autorit\u00e9 que l\u2019on ne s\u2019y prendrait pas autrement.<\/p>\n<p>Ce projet de loi, concoct\u00e9 par la pr\u00e9sidence de la R\u00e9publique sera dommageable pour l\u2019\u00c9tat, pour la justice transitionnelle, pour le d\u00e9veloppement et pour la transition d\u00e9mocratique -d\u00e9j\u00e0 compromise et mal engag\u00e9e-.<\/p>\n<p>Alors que le dossier des assassinats politiques s\u2019enlise, alors que des petites lois sc\u00e9l\u00e9rates comme celle sur la consommation de cannabis continuent \u00e0 ruiner l\u2019avenir de dizaines de milliers de jeunes, alors qu\u2019aucun dispositif s\u00e9rieux ne prot\u00e8ge du racisme et de toutes les formes de haines et de fanatisme larv\u00e9es\u2026 alors que les in\u00e9galit\u00e9s se creusent\u2026 la loi pr\u00e9par\u00e9e par les conseillers du pr\u00e9sident \u00e0 \u00a0Carthage serait une caution inutile aux corrompus et aux corrupteurs. Sans compter sa dimension symbolique catastrophique \u00e0 l\u2019heure o\u00f9 on demande des sacrifices aux plus d\u00e9munis.<\/p>\n<p>&nbsp;<\/p>\n<p>Le CRLDHT, la FTCR, les personnalit\u00e9s et les organisations signataires se rallient \u00e0 la Coalition de la soci\u00e9t\u00e9 civile contre le projet dit de r\u00e9conciliation nationale et se d\u00e9clarent solidaires avec les initiatives de cette Coalition.<\/p>\n<p>Elles demandent aux d\u00e9put\u00e9s de l\u2019Assembl\u00e9e du Peuple de rejeter le projet et de veiller au respect de l&rsquo;Etat de droit et de la Constitution.<\/p>\n<p>&nbsp;<\/p>\n<p>Pour une l\u2019unit\u00e9 nationale contre le terrorisme<\/p>\n<p>Pour la r\u00e9alisation d&rsquo;une vraie justice transitionnelle, contre la corruption, la r\u00e9pression et la r\u00e9gression vers les pratiques d\u2019ancien r\u00e9gime<\/p>\n<p>Pour le respect des mots d\u2019ordre de la r\u00e9volution : Dignit\u00e9, Libert\u00e9 et Justice Sociale.<\/p>\n<p>Paris le 26 Ao\u00fbt 2015<\/p>\n<p>&nbsp;<\/p>\n<p><strong>Premiers Signataires\u00a0:<\/strong><\/p>\n<p><strong>Associations\u00a0:<\/strong><\/p>\n<p>&#8211;\u00a0\u00a0\u00a0\u00a0\u00a0\u00a0\u00a0\u00a0 Comit\u00e9 pour le Respect des Libert\u00e9s et des Droits de l\u2019Homme en Tunisie \u2013 CRLDHT<\/p>\n<p>&#8211;\u00a0\u00a0\u00a0\u00a0\u00a0\u00a0\u00a0\u00a0 F\u00e9d\u00e9ration des Tunisiens Citoyens des Deux Rives \u2013 FTCR<\/p>\n<p>&#8211;\u00a0\u00a0\u00a0\u00a0\u00a0\u00a0\u00a0\u00a0 Association des Tunisiens en France \u2013 ATF \u2013 Nationale<\/p>\n<p>&#8211;\u00a0\u00a0\u00a0\u00a0\u00a0\u00a0\u00a0\u00a0 Association D\u00e9mocratique des Tunisiens en France \u2013 ADTF<\/p>\n<p>&#8211;\u00a0\u00a0\u00a0\u00a0\u00a0\u00a0\u00a0\u00a0 Union des Travailleurs Immigr\u00e9s Tunisiens \u2013 UTIT<\/p>\n<p>&#8211;\u00a0\u00a0\u00a0\u00a0\u00a0\u00a0\u00a0\u00a0 Comit\u00e9 de Vigilance pour la D\u00e9mocratie en Tunisie \u2013 Bruxelles<\/p>\n<p>&#8211;\u00a0\u00a0\u00a0\u00a0\u00a0\u00a0\u00a0\u00a0 Comit\u00e9 des Tunisiens en Italie &#8211; CITiI<\/p>\n<p>&#8211;\u00a0\u00a0\u00a0\u00a0\u00a0\u00a0\u00a0\u00a0 Association des Tunisiens du Nord \u2013 Lille<\/p>\n<p>&#8211;\u00a0\u00a0\u00a0\u00a0\u00a0\u00a0\u00a0\u00a0 Association Le Pont \u2013 Gen\u00e8ve<\/p>\n<p>&#8211;\u00a0\u00a0\u00a0\u00a0\u00a0\u00a0\u00a0\u00a0 Association Citoyens des deux Rives \u2013 Toulouse<\/p>\n<p>&#8211;\u00a0\u00a0\u00a0\u00a0\u00a0\u00a0\u00a0\u00a0 Association V\u00e9rit\u00e9 et Justice Farhat Hached \u2013 AVJFH<\/p>\n<p>&#8211;\u00a0\u00a0\u00a0\u00a0\u00a0\u00a0\u00a0\u00a0 Younga Solidaire<\/p>\n<p>&#8211;\u00a0\u00a0\u00a0\u00a0\u00a0\u00a0\u00a0\u00a0 Mouvement Citoyen des Tunisiens en France<\/p>\n<p>&#8211;\u00a0\u00a0\u00a0\u00a0\u00a0\u00a0\u00a0\u00a0 Tunisie Plurielle<\/p>\n<p>&#8211;\u00a0\u00a0\u00a0\u00a0\u00a0\u00a0\u00a0\u00a0 R\u00e9seau Euro-M\u00e9diterran\u00e9en Citoyennet\u00e9 et Culture \u2013 REMCC<\/p>\n<p>&#8211;\u00a0\u00a0\u00a0\u00a0\u00a0\u00a0\u00a0\u00a0 Union des Tunisiens pour l\u2019Action Citoyenne \u2013 UTAC<\/p>\n<p>&#8211;\u00a0\u00a0\u00a0\u00a0\u00a0\u00a0\u00a0\u00a0 Echange Social Culturel entre Nord et Sud \u2013 ESCENS \u2013 Marseille<\/p>\n<p>&#8211;\u00a0\u00a0\u00a0\u00a0\u00a0\u00a0\u00a0\u00a0 Collectif 3 C<\/p>\n<p>&#8211;\u00a0\u00a0\u00a0\u00a0\u00a0\u00a0\u00a0\u00a0 Union des Citoyens du Gard \u2013 UCDR &#8211; N\u00eemes<\/p>\n<p>&#8211;\u00a0\u00a0\u00a0\u00a0\u00a0\u00a0\u00a0\u00a0 Espace Farabi<\/p>\n<p>&#8211;\u00a0\u00a0\u00a0\u00a0\u00a0\u00a0\u00a0\u00a0 IDEAL 92<\/p>\n<p>&#8211;\u00a0\u00a0\u00a0\u00a0\u00a0\u00a0\u00a0\u00a0 Association des Tunisiens en France \u2013 ATF VAR<\/p>\n<p>&#8211;\u00a0\u00a0\u00a0\u00a0\u00a0\u00a0\u00a0\u00a0 Association des Tunisiens en France \u2013 ATF Aquitaine<\/p>\n<p>&#8211;\u00a0\u00a0\u00a0\u00a0\u00a0\u00a0\u00a0\u00a0 Association des Tunisiens en France \u2013 ATF 13<\/p>\n<p>&#8211;\u00a0\u00a0\u00a0\u00a0\u00a0\u00a0\u00a0\u00a0 Association des Tunisiens en France \u2013 ATF Nord<\/p>\n<p>&#8211;\u00a0\u00a0\u00a0\u00a0\u00a0\u00a0\u00a0\u00a0 Association des Tunisiens en France \u2013 ATF 75<\/p>\n<p>&#8211;\u00a0\u00a0\u00a0\u00a0\u00a0\u00a0\u00a0\u00a0 Association des Tunisiens en France \u2013 ATF 74<\/p>\n<p>&#8211;\u00a0\u00a0\u00a0\u00a0\u00a0\u00a0\u00a0\u00a0 Association des Tunisiens en France \u2013 ATF Charente<\/p>\n<p>&#8211;\u00a0\u00a0\u00a0\u00a0\u00a0\u00a0\u00a0\u00a0 ALIF\u2019S<\/p>\n<p>&#8211;\u00a0\u00a0\u00a0\u00a0\u00a0\u00a0\u00a0\u00a0 ASL<\/p>\n<p>&#8211;\u00a0\u00a0\u00a0\u00a0\u00a0\u00a0\u00a0\u00a0 IDEAL 83<\/p>\n<p>&#8211;\u00a0\u00a0\u00a0\u00a0\u00a0\u00a0\u00a0\u00a0 Pont M\u00e9diterran\u00e9en de Solidarit\u00e9 \u2013 PMS<\/p>\n<p>&#8211;\u00a0\u00a0\u00a0\u00a0\u00a0\u00a0\u00a0\u00a0 Solidarit\u00e9 Jasmin Marseille-Aix en Provence<\/p>\n<p>&nbsp;<\/p>\n<p>&nbsp;<\/p>\n<p>&nbsp;<\/p>\n<p><strong>Personnalit\u00e9s\u00a0:<\/strong><\/p>\n<p>Hichem Abdessamad, historien<\/p>\n<p>Khaled Abichou, militant associatif<\/p>\n<p>Hafedh Affes, pr\u00e9sident de l\u2019ATNF- Lille<\/p>\n<p>Najoua Agrebi, militante associative<\/p>\n<p>Zied Ahmed, Pont M\u00e9diterran\u00e9en de Solidarit\u00e9<\/p>\n<p>Mourad Allel, militant associatif<\/p>\n<p>Tewfik Allel, militant associatif<\/p>\n<p>Ahmed Amara, militant de la citoyennet\u00e9 et de l\u2019\u00e9ducation populaire<\/p>\n<p>Noureddine Baaboura, militant associatif<\/p>\n<p>Houcine Bardi, avocat \u00e0 le cour \u2013 Paris<\/p>\n<p>Hajer Ben Djemaa, militante associative<\/p>\n<p>Tarek Benhiba, Conseiller R\u00e9gional \u2013 PIF<\/p>\n<p>H\u00e9di Benkraiem, universitaire &#8211; militant associatif<\/p>\n<p>Tahar Benmeftah, enseignant, militant associatif &#8211; Lyon<\/p>\n<p>Sarra Benmiloud Abichou, Enseignante<\/p>\n<p>Dalila Ben Othman, militante politique<\/p>\n<p>Mohamed Bensaid, pr\u00e9sident de l\u2019UTAC<\/p>\n<p>Adnane Benyoussef, militant associatif<\/p>\n<p>Hela Benyoussef Ouardani, militante politique et associative<\/p>\n<p>Mohamed Bhar, musicien \u2013 militant associatif<\/p>\n<p>Mohamed Larbi Bouguerra, membre de l\u2019acad\u00e9mie tunisienne Beit El Hikma<\/p>\n<p>H\u00e9di Chenchabi, militant associatif<\/p>\n<p>Mouhieddine Cherbib, militant des Droits Humains<\/p>\n<p>Jocelyne Dakhlia, enseignante, universitaire<\/p>\n<p>Mohsen Dridi, militant associatif<\/p>\n<p>Fethi El Hadjali, pr\u00e9sident du CVD &#8211; Tunisie \u2013 Belgique<\/p>\n<p>Mahmoud El May, ancien d\u00e9put\u00e9 de la Constituante<\/p>\n<p>Mohamed Lakhdhar Ellala, pr\u00e9sident de l\u2019ATF<\/p>\n<p>Chedly Elloumi, militant associatif \u2013 Grenoble<\/p>\n<p>Mohamed Ellouze, avocat \u2013 Belgique<\/p>\n<p>Raoudha Faouel, militante associative<\/p>\n<p>Abderrahman Frihi, syndicaliste, militant \u00e0 la CGT<\/p>\n<p>Mohamed Ch\u00e9rif Ferjani, enseignant, universitaire<\/p>\n<p>Mrad Gadhoumi, militant associatif<\/p>\n<p>Moncef Garouri, pr\u00e9sident de l\u2019 UCDR \u2013 N\u00eemes<\/p>\n<p>Omar Gasmi, militant associatif<\/p>\n<p>Kamel Ghali, Po\u00eate \u2013 militant associatif<\/p>\n<p>Najla Gharbi, militante politique et associative<\/p>\n<p>Moncef Guedouar, pr\u00e9sident de la FTCR<\/p>\n<p>Abdelwaheb Hammami, militant politique<\/p>\n<p>Mohamed Hamrouni, pr\u00e9sident MCTF<\/p>\n<p>Naceur Jalloul, militant associatif<\/p>\n<p>Chokri Jlassi, militant politique et associatif<\/p>\n<p>Anouar Kanzari, militant associatif<\/p>\n<p>Saifallah Khablachi, syndicaliste<\/p>\n<p>Rachid Kh\u00e9chani, Journaliste<\/p>\n<p>Wajdi Limam, militant associatif, Uni\u2019T<\/p>\n<p>G\u00e9rard Maarek, \u00e9conomiste<\/p>\n<p>Mohamed Mansar, pr\u00e9sident du Centre Interculturel Formation Migration \u2013 CIFM<\/p>\n<p>Anis Mansouri, militant politique, Ligue de la Gauche ouvri\u00e8re \u2013 LGO &#8211; Gen\u00e8ve<\/p>\n<p>Jalel, Matri, militant associatif &#8211; Gen\u00e8ve<\/p>\n<p>Emel Mathlouthi, Artiste, musicienne<\/p>\n<p>Mohamed Nachi, enseignant<\/p>\n<p>Noureddine Najjar, militant politique<\/p>\n<p>Bechir Nefzi, ancien d\u00e9put\u00e9 de la Constituante \u2013 CPR<\/p>\n<p>Habib Ouarda, libraire<\/p>\n<p>Younes Rhouma, coordinateur CITiI \u2013 Italie<\/p>\n<p>Noureddine Senoussi, pr\u00e9sident du REMCC<\/p>\n<p>Mohamed Smida, militant politique et associatif<\/p>\n<p>H\u00e9di Sraieb, \u00e9conomiste<\/p>\n<p>Fethi Tlili, pr\u00e9sident de l\u2019UTIT<\/p>\n<p>Tarek Toukabri, pr\u00e9sident de l\u2019ADTF<\/p>\n<p>Chadly Zaidi, militant politique<\/p>\n<p>Houda Zekri, po\u00e9tesse<\/p>\n<p>&nbsp;<\/p>\n<p>&nbsp;<\/p>\n<p>&nbsp;<\/p>\n<p>&nbsp;<\/p>\n<p><strong>Partis : <\/strong><\/p>\n<p>Parti El massar \u2013 France<\/p>\n<p>Parti Ettakattol \u2013 France<\/p>\n<p>Parti Eljomhouri \u2013 France<\/p>\n<p>Front Populaire \u2013 IDF<\/p>\n<p>Mouvement Echaab \u2013 France<\/p>\n<p>Tahalof \u2013 France<\/p>\n<p>Attayar \u2013 France<\/p>\n<p>&nbsp;<\/p>\n<p>&nbsp;<\/p>\n<p><strong>\u00a0<\/strong><\/p>\n<p><strong>Soutiens\u00a0: <\/strong><\/p>\n<p>Association des Travailleurs Maghr\u00e9bins en France \u2013 ATMF<\/p>\n<p>Association des Marocains en France \u2013 AMF<\/p>\n<p>Agir pour le Changement D\u00e9mocratique en Alg\u00e9rie \u2013 ACDA<\/p>\n<p>Association Marocaine des Droits de l\u2019Homme \u2013 France \u2013 AMDH<\/p>\n<p>L\u2019Assembl\u00e9e Citoyenne des Originaires de Turquie &#8211; ACORT<\/p>\n<p>Ligue Fran\u00e7aise des Droits de l\u2019Homme \u2013 LDH<\/p>\n<p>Mouvement contre le Racisme et l\u2019Amiti\u00e9s entre les Peuples &#8211; MRAP<\/p>\n<p>Cedetim \/ Initiative Pour un Autre Monde \u2013 IPAM<\/p>\n<p>&nbsp;<\/p>\n<p>Union Syndicale Solidaires<\/p>\n<p>&nbsp;<\/p>\n<p>Parti de Gauche \u2013 PG<\/p>\n<p>Parti Communiste Fran\u00e7ais \u2013 PCF<\/p>\n<p>Europe Ecologie les Verts \u2013 EELV<\/p>\n<p>Ensemble \u2013 Mouvement pour une alternative de Gauche<\/p>\n<p>Nouveau Parti Anticapitaliste \u2013 NPA<\/p>\n<p>&nbsp;<\/p>\n<p>&nbsp;<\/p>\n","protected":false},"excerpt":{"rendered":"<p>&nbsp; Le 3 septembre 2015, plusieurs associations appelaient \u00e0 un rassemblement devant l&rsquo;ambassade de Tunisie \u00e0 Paris, pour r\u00e9clamer le retrait du projet de loi dit \u00ab\u00a0de r\u00e9conciliation nationale\u00a0\u00bb. L&rsquo;ATMF a particip\u00e9 \u00e0 ce rassemblement, aux c\u00f4t\u00e9s d&rsquo;une centaine de &hellip; <a href=\"https:\/\/www.atmf.org\/?p=4238\">Continue reading <span class=\"meta-nav\">&rarr;<\/span><\/a><\/p>\n","protected":false},"author":1,"featured_media":0,"comment_status":"closed","ping_status":"closed","sticky":false,"template":"","format":"standard","meta":{"ngg_post_thumbnail":0,"_monsterinsights_skip_tracking":false,"_monsterinsights_sitenote_active":false,"_monsterinsights_sitenote_note":"","_monsterinsights_sitenote_category":0,"footnotes":""},"categories":[79],"tags":[],"class_list":["post-4238","post","type-post","status-publish","format-standard","hentry","category-maghreb"],"_links":{"self":[{"href":"https:\/\/www.atmf.org\/index.php?rest_route=\/wp\/v2\/posts\/4238","targetHints":{"allow":["GET"]}}],"collection":[{"href":"https:\/\/www.atmf.org\/index.php?rest_route=\/wp\/v2\/posts"}],"about":[{"href":"https:\/\/www.atmf.org\/index.php?rest_route=\/wp\/v2\/types\/post"}],"author":[{"embeddable":true,"href":"https:\/\/www.atmf.org\/index.php?rest_route=\/wp\/v2\/users\/1"}],"replies":[{"embeddable":true,"href":"https:\/\/www.atmf.org\/index.php?rest_route=%2Fwp%2Fv2%2Fcomments&post=4238"}],"version-history":[{"count":1,"href":"https:\/\/www.atmf.org\/index.php?rest_route=\/wp\/v2\/posts\/4238\/revisions"}],"predecessor-version":[{"id":4241,"href":"https:\/\/www.atmf.org\/index.php?rest_route=\/wp\/v2\/posts\/4238\/revisions\/4241"}],"wp:attachment":[{"href":"https:\/\/www.atmf.org\/index.php?rest_route=%2Fwp%2Fv2%2Fmedia&parent=4238"}],"wp:term":[{"taxonomy":"category","embeddable":true,"href":"https:\/\/www.atmf.org\/index.php?rest_route=%2Fwp%2Fv2%2Fcategories&post=4238"},{"taxonomy":"post_tag","embeddable":true,"href":"https:\/\/www.atmf.org\/index.php?rest_route=%2Fwp%2Fv2%2Ftags&post=4238"}],"curies":[{"name":"wp","href":"https:\/\/api.w.org\/{rel}","templated":true}]}}