{"id":4252,"date":"2015-09-08T17:21:19","date_gmt":"2015-09-08T15:21:19","guid":{"rendered":"http:\/\/www.atmf.org\/?p=4252"},"modified":"2015-09-08T17:21:19","modified_gmt":"2015-09-08T15:21:19","slug":"cercle-de-silence-a-aix-en-provence","status":"publish","type":"post","link":"https:\/\/www.atmf.org\/?p=4252","title":{"rendered":"Cercle de silence \u00e0 Aix-en-Provence"},"content":{"rendered":"<div>\n<table border=\"1\" width=\"626\" cellspacing=\"2\" cellpadding=\"2\">\n<tbody>\n<tr>\n<td valign=\"top\" bgcolor=\"#ffff66\">\n<div align=\"center\"><span style=\"color: #006600; font-family: 'Comic Sans MS';\"><big><span style=\"font-size: small;\"><big><big><big><big><big><big><big><b>CERCLE de SILENCE<\/b> d&rsquo;Aix-en-Provence<\/big><\/big><\/big><\/big><\/big><\/big><\/big><\/span> <\/big><\/span><span style=\"color: #000066; font-family: 'Trebuchet MS';\"><br \/>\n<\/span><span style=\"color: #000066; font-family: 'Trebuchet MS';\"><b><big>comme tous les 2e samedi de chaque mois \u00e0 Aix <\/big><br \/>\n<\/b><\/span><span style=\"color: #660000; font-family: 'Comic Sans MS';\"><big><small><span style=\"font-size: small;\"><big><big><strong><big><big><big><b><span style=\"color: #660000; font-family: 'Comic Sans MS';\"><big><small><big><big><big><big><big>samedi <span style=\"font-family: 'Comic Sans MS';\">12 Septembre<\/span> 2015<\/big><\/big><\/big><\/big><\/big><\/small><\/big><\/span><\/b><\/big><\/big><\/big><\/strong><\/big><\/big><\/span><\/small><\/big><\/span><span style=\"color: #000066;\"><small><strong><big><big> <big><small><br \/>\n<\/small><\/big><\/big><\/big><\/strong><\/small><\/span><small><big><big><big><small><big><small><\/small><\/big><\/small><\/big><\/big><\/big><\/small><span style=\"color: #000066;\"><small><big><big><big><small><big><small><\/small><\/big><\/small><\/big><\/big><\/big><\/small><span style=\"font-family: 'Trebuchet MS';\"><big><small><span style=\"font-size: small;\"><big><big><strong><big><big><big><small><br \/>\n<span style=\"color: #660000;\">de 11h30 \u00e0 12h.<\/span><\/small> <\/big><\/big><\/big><\/strong><\/big><\/big><\/span><\/small><\/big><span style=\"color: #660000;\"><br \/>\n<\/span><\/span><\/span><span style=\"color: #000066; font-family: 'Trebuchet MS';\"><b><br \/>\n<\/b><\/span><span style=\"color: #000066; font-family: 'Trebuchet MS';\"><big><big><b>sur la place de la Rotonde\u00a0&#8211;\u00a0du c\u00f4t\u00e9 des all\u00e9es proven\u00e7ales<\/b><\/big><\/big><\/span><span style=\"color: #000066; font-family: 'Trebuchet MS';\"><br \/>\n<big><b><big><small><big><small>afin de protester contre l&rsquo;enfermement des \u00e9trangers,\u00a0les conditions de\u00a0cet enfermement<br \/>\net les expulsions quotidiennes<br \/>\nque nous constatons au m\u00e9pris\u00a0total des droits fondamentaux de la personne.<\/small><\/big><\/small><\/big><\/b><\/big><br \/>\n<\/span><\/div>\n<p><b><\/b><\/p>\n<div align=\"right\"><span style=\"color: #000066;\"><br \/>\n<\/span><\/p>\n<blockquote>\n<div><span style=\"color: #000066; font-family: Arial; font-size: small;\">Pour le groupe de coordination du cercle de silence d&rsquo;Aix-en-Provence<\/p>\n<p><\/span><\/p>\n<div align=\"left\"><small><span style=\"font-family: 'Trebuchet MS';\"><i><big><b>Rappel : <\/b>Le Cercle de Silence d&rsquo;Aix-en-Provence est compos\u00e9 de citoyen (ne)s et de membres engag\u00e9s individuellement au sein de divers mouvements et associations qui le soutiennent :<\/big><\/i><\/span><\/small><\/div>\n<div><small><span style=\"font-size: medium;\"><small><span style=\"font-family: Arial, sans-serif;\">ACAT Aix, AIX-SOLIDARITE, AJC Amiti\u00e9 Jud\u00e9o-Chr\u00e9tienne Aix, AMNESTY International Aix, ASTI d&rsquo;Aix-Marseille, ATMF Pays d&rsquo;Aix, ATTAC Pays d&rsquo;Aix,<\/span><span style=\"font-family: Arial, sans-serif;\"> CADTM Aix,<\/span><span style=\"font-family: Arial, sans-serif;\"> CCFD-Terre Solidaire Aix, CIMADE Pays d\u2019Aix, EMMAUS Cabri\u00e8s, <\/span><span style=\"font-family: Arial, sans-serif;\">ENTRAIDE de l&rsquo;EPU l\u2019Eglise Protestante Unie &#8211; Aix,<\/span><span style=\"font-family: Arial, sans-serif;\"> FPPA F\u00e9minin Pluriel en Pays d&rsquo;Aix, FRATERNITE FRANCISCAINE Aix, JRS France (Accueil J\u00e9suite des R\u00e9fugi\u00e9s) LDH Ligue des droits de l&rsquo;homme Aix, MAIS International, OMI Missionnaires OBLATS Aix, PASTORALE DES MIGRANTS Aix, RELAIS ST DONAT, REPAIRE DU PAYS D&rsquo;AIX, RESISTER Aujourd&rsquo;hui, RESF13, SECOURS CATHOLIQUE Aix, SAF Syndicat des Avocats de France Aix<\/span><span style=\"font-family: Arial, sans-serif;\">.<\/span><\/small><\/span><\/small><\/div>\n<\/div>\n<\/blockquote>\n<\/div>\n<\/td>\n<\/tr>\n<\/tbody>\n<\/table>\n<p><span style=\"color: #000066;\"><br \/>\n<\/span><\/p>\n<table border=\"1\" width=\"630\" cellspacing=\"2\" cellpadding=\"2\">\n<tbody>\n<tr>\n<td valign=\"top\" bgcolor=\"#ffff99\">\n<div>\n<div>\n<div>\u00a0Aixoises, aixois,<\/p>\n<p>Vous avez tous vu cet \u00e9t\u00e9 les tragiques images qui t\u00e9moignent du profond d\u00e9sespoir des personnes fuyant les zones de combat de la Syrie et de tous les autres lieux du monde o\u00f9 la vie est devenue trop risqu\u00e9e ou trop difficile pour y demeurer.<\/p>\n<p>Ces personnes, familles, jeunes femmes, jeunes hommes, mineurs isol\u00e9s, n\u2019entreprennent \u00e9videmment pas des travers\u00e9es et des voyages aussi p\u00e9rilleux sans de tr\u00e8s solides raisons, ils sont tous d\u00e9chir\u00e9s d\u2019avoir quitt\u00e9 leur pays et la plupart ne r\u00eavent que d\u2019une chose, revenir d\u00e8s qu\u2019il sera possible d\u2019y mener une existence normale, la plus proche de ce qui est \u00e9nonc\u00e9 dans la D\u00e9claration Universelle des Droits de l\u2019Homme.<\/p>\n<p>Et surtout, ne cherchons pas \u00e0 juger leurs motivations, refusons cette volont\u00e9 perverse de vouloir les trier, comme si la mis\u00e8re qui les pousse \u00e0 tout quitter pouvait \u00eatre quantifi\u00e9e, soupes\u00e9e, et pourquoi pas bient\u00f4t, num\u00e9ris\u00e9e. Refusons en particulier le d\u00e9testable projet de cr\u00e9er des centres de s\u00e9lection que certains voudraient installer \u00e0 l\u2019ext\u00e9rieur des fronti\u00e8res de l\u2019Union Europ\u00e9enne. La libert\u00e9 de circulation et la libert\u00e9 d\u2019\u00e9tablissement doivent \u00eatre respect\u00e9es et mises en \u0153uvre.<\/p>\n<p>Quels que soient nos horizons politiques ou philosophiques, notre premier devoir est de manifester une large ouverture d\u2019esprit et de nous pr\u00e9parer \u00e0 accueillir dignement ceux qui viennent ou viendront frapper \u00e0 nos portes.<\/p>\n<p>Nous allons devoir faire preuve de solidarit\u00e9. N\u2019h\u00e9sitons pas \u00e0 reconna\u00eetre, quelles qu\u2019en soient les raisons, que la mani\u00e8re allemande de proc\u00e9der ces derniers jours est un bon exemple \u00e0 suivre.<br \/>\nEn tant que citoyens nous pouvons bien entendu prendre des initiatives personnelles, certains le font d\u00e9j\u00e0, des r\u00e9seaux se mettent aussi en place au sein du tissu associatif r\u00e9gional, \u00e0 chacun de s\u2019engager \u00e0 la mesure de ses affinit\u00e9s et de ses possibilit\u00e9s. Mais c\u2019est au niveau des communes, les petites comme les grandes, que doivent se prendre les mesures structurantes pour un accueil efficace et b\u00e9n\u00e9fique pour tous, les arrivants comme les r\u00e9sidents. Et l\u2019Etat doit imp\u00e9rativement les aider \u00e0 le faire.<\/p>\n<p>Il y a donc une action citoyenne \u00e0 mener pour que nos villes deviennent des \u00ab sanctuaires \u00bb &#8211; sans aucune connotation religieuse &#8211; au sens de la libert\u00e9 d\u2019installation, de la prise en charge bienveillante, du respect de l\u2019alt\u00e9rit\u00e9, au sens tout simplement de l\u2019hospitalit\u00e9 telle que les soci\u00e9t\u00e9s humaines de toutes les cultures l\u2019ont progressivement con\u00e7ue, notamment les soci\u00e9t\u00e9s m\u00e9diterran\u00e9ennes.<\/p>\n<p>Citoyens aixois, pour manifester cette volont\u00e9 de voir Aix-en-Provence devenir une ville sanctuaire, nous vous convions \u00e0 venir nombreux au cercle de silence qui se tiendra samedi prochain 12 septembre Place de la Rotonde, du c\u00f4t\u00e9 des All\u00e9es Proven\u00e7ales, \u00e0 partir de 11h30 et jusqu\u2019\u00e0 midi.<\/p><\/div>\n<div><\/div>\n<\/div>\n<\/div>\n<\/td>\n<\/tr>\n<\/tbody>\n<\/table>\n<\/div>\n<p>&nbsp;<\/p>\n","protected":false},"excerpt":{"rendered":"<p>CERCLE de SILENCE d&rsquo;Aix-en-Provence comme tous les 2e samedi de chaque mois \u00e0 Aix samedi 12 Septembre 2015 de 11h30 \u00e0 12h. sur la place de la Rotonde\u00a0&#8211;\u00a0du c\u00f4t\u00e9 des all\u00e9es proven\u00e7ales afin de protester contre l&rsquo;enfermement des \u00e9trangers,\u00a0les conditions &hellip; <a href=\"https:\/\/www.atmf.org\/?p=4252\">Continue reading <span class=\"meta-nav\">&rarr;<\/span><\/a><\/p>\n","protected":false},"author":1,"featured_media":0,"comment_status":"closed","ping_status":"closed","sticky":false,"template":"","format":"standard","meta":{"ngg_post_thumbnail":0,"_monsterinsights_skip_tracking":false,"_monsterinsights_sitenote_active":false,"_monsterinsights_sitenote_note":"","_monsterinsights_sitenote_category":0,"footnotes":""},"categories":[88,47],"tags":[],"class_list":["post-4252","post","type-post","status-publish","format-standard","hentry","category-aix-en-provence","category-migrants-sans-frontieres"],"_links":{"self":[{"href":"https:\/\/www.atmf.org\/index.php?rest_route=\/wp\/v2\/posts\/4252","targetHints":{"allow":["GET"]}}],"collection":[{"href":"https:\/\/www.atmf.org\/index.php?rest_route=\/wp\/v2\/posts"}],"about":[{"href":"https:\/\/www.atmf.org\/index.php?rest_route=\/wp\/v2\/types\/post"}],"author":[{"embeddable":true,"href":"https:\/\/www.atmf.org\/index.php?rest_route=\/wp\/v2\/users\/1"}],"replies":[{"embeddable":true,"href":"https:\/\/www.atmf.org\/index.php?rest_route=%2Fwp%2Fv2%2Fcomments&post=4252"}],"version-history":[{"count":1,"href":"https:\/\/www.atmf.org\/index.php?rest_route=\/wp\/v2\/posts\/4252\/revisions"}],"predecessor-version":[{"id":4253,"href":"https:\/\/www.atmf.org\/index.php?rest_route=\/wp\/v2\/posts\/4252\/revisions\/4253"}],"wp:attachment":[{"href":"https:\/\/www.atmf.org\/index.php?rest_route=%2Fwp%2Fv2%2Fmedia&parent=4252"}],"wp:term":[{"taxonomy":"category","embeddable":true,"href":"https:\/\/www.atmf.org\/index.php?rest_route=%2Fwp%2Fv2%2Fcategories&post=4252"},{"taxonomy":"post_tag","embeddable":true,"href":"https:\/\/www.atmf.org\/index.php?rest_route=%2Fwp%2Fv2%2Ftags&post=4252"}],"curies":[{"name":"wp","href":"https:\/\/api.w.org\/{rel}","templated":true}]}}