{"id":4263,"date":"2015-09-15T11:11:55","date_gmt":"2015-09-15T09:11:55","guid":{"rendered":"http:\/\/www.atmf.org\/?p=4263"},"modified":"2015-12-10T13:50:12","modified_gmt":"2015-12-10T12:50:12","slug":"seminaire-du-ref-acces-a-leau-et-risque-climatique-en-mediterranee","status":"publish","type":"post","link":"https:\/\/www.atmf.org\/?p=4263","title":{"rendered":"S\u00e9minaire du REF : acc\u00e8s \u00e0 l&rsquo;eau et risque climatique en M\u00e9diterran\u00e9e"},"content":{"rendered":"<h2 style=\"text-align: center;\"><a href=\"http:\/\/www.atmf.org\/wp-content\/uploads\/2015\/09\/t\u00e9l\u00e9chargement-1.jpg\"><img loading=\"lazy\" decoding=\"async\" class=\"aligncenter size-medium wp-image-4265\" src=\"http:\/\/www.atmf.org\/wp-content\/uploads\/2015\/09\/t\u00e9l\u00e9chargement-1-300x138.jpg\" alt=\"t\u00e9l\u00e9chargement (1)\" width=\"300\" height=\"138\" data-wp-pid=\"4265\" srcset=\"https:\/\/www.atmf.org\/wp-content\/uploads\/2015\/09\/t\u00e9l\u00e9chargement-1-300x138.jpg 300w, https:\/\/www.atmf.org\/wp-content\/uploads\/2015\/09\/t\u00e9l\u00e9chargement-1.jpg 331w\" sizes=\"auto, (max-width: 300px) 100vw, 300px\" \/><\/a><\/h2>\n<h2 style=\"text-align: center;\"><\/h2>\n<h2 style=\"text-align: center;\">Le R\u00e9seau Euromed France (REF) vous invite<br \/>\nau s\u00e9minaire<br \/>\n\u00ab\u00a0Risque climatique et acc\u00e8s \u00e0 l&rsquo;eau en M\u00e9diterran\u00e9e\u00a0\u00bb<\/h2>\n<p>&nbsp;<\/p>\n<h4>Organis\u00e9 jeudi 17 septembre 2015 (14h-17h30)<br \/>\nSalle Jacques Alliot \u00e0 l\u2019AFD (Paris)<br \/>\n<a href=\"https:\/\/xc33.mail.ovh.net\/owa\/redir.aspx?C=96d49678f2204302a94e26a82c666c39&amp;URL=http%3a%2f%2fppuq.mj.am%2flink%2fppuq%2fy6wk7shw2p1%2f1%2fZIErxQ6anYPeGYcaS8dDzg%2faHR0cHM6Ly9nb28uZ2wvbWFwcy9EWE5rWg\" target=\"_blank\">5 Rue Roland Barthes 75012 Paris<\/a><\/h4>\n<div>En partenariat avec le Programme Solidarit\u00e9 Eau (pS-Eau) et la Plateforme des ONG fran\u00e7aises pour la Palestine, avec le soutien de l\u2019Agence fran\u00e7aise de d\u00e9veloppement (Afd).Les objectifs de ce s\u00e9minaire :<\/div>\n<p>&#8211; Identifier les grands enjeux li\u00e9s \u00e0 l&rsquo;acc\u00e8s \u00e0 l&rsquo;eau et au changement climatique en M\u00e9diterran\u00e9e ;<br \/>\n&#8211; Elaborer un argumentaire du REF qui sera port\u00e9 par le pS-Eau lors de la COP 21 de 2015 \u00e0 Paris.<\/p>\n<p>&nbsp;<\/p>\n<h2 style=\"text-align: center;\">Au programme<\/h2>\n<p style=\"text-align: center;\"><em>L\u2019animation de ce s\u00e9minaire est assur\u00e9e par Christophe Bross\u00e9 &#8211; Charg\u00e9 de mission au pS-Eau.<\/em><\/p>\n<div style=\"text-align: center;\">&#8212; <strong>Ouverture<\/strong> &#8212;<\/div>\n<p style=\"text-align: center;\">Interventions du REF, de l\u2019AFD, du pS-Eau et de la Plateforme des ONG fran\u00e7aises pour la Palestine.<\/p>\n<div style=\"text-align: center;\">&#8212; <strong>Pr\u00e9sentation des enjeux du s\u00e9minaire<\/strong> &#8212;<\/div>\n<p style=\"text-align: center;\"><strong>H\u00e9loise Chicou<\/strong> &#8211; adjointe au directeur g\u00e9n\u00e9ral du Partenariat Fran\u00e7ais pour l\u2019Eau (PFE)<\/p>\n<div style=\"text-align: center;\">&#8212; <strong>Les interventions th\u00e9matiques <\/strong>&#8212;<\/div>\n<div style=\"text-align: center;\"><em>S\u00e9curit\u00e9 alimentaire<\/em><\/div>\n<p style=\"text-align: center;\"><strong>Omar Bessaoud<\/strong> &#8211; enseignant-chercheur et administrateur scientifique de l\u2019Institut agronomique m\u00e9diterran\u00e9en de Montpellier (IAMM)<\/p>\n<div style=\"text-align: center;\"><em>Eau et assainissement<\/em><\/div>\n<p style=\"text-align: center;\"><strong>Cassilde Breniere<\/strong> &#8211; Chef de Division Eau et Assainissement \u00e0 l\u2019Agence fran\u00e7aise de d\u00e9veloppement (Afd).<\/p>\n<div style=\"text-align: center;\"><em>Enjeux politiques et g\u00e9ostrat\u00e9giques<\/em><\/div>\n<div style=\"text-align: center;\"><strong>Jacques Fontaine<\/strong> &#8211; ma\u00eetre de conf\u00e9rences honoraire en g\u00e9ographie de la facult\u00e9 de Besan\u00e7on.<br \/>\n<strong>Pierre Blanc<\/strong> &#8211; enseignant-chercheur au Centre international des hautes \u00e9tudes agronomiques m\u00e9diterran\u00e9ennes (CIHEAM).<\/div>\n<div style=\"text-align: center;\"><em>Migrations<\/em><\/div>\n<div style=\"text-align: center;\"><strong>Fran\u00e7ois Gemenne<\/strong> &#8211; Executive Director, Politics of the Earth \u00e0 Sciences Po &#8211; Medialab<\/div>\n<div style=\"text-align: center;\">&#8212; <strong>Echanges avec la salle et \u00e9laboration de recommandations<\/strong> &#8212;<\/div>\n<p>&nbsp;<\/p>\n<p>Pour vous inscrire, cliquez\u00a0<a href=\"https:\/\/docs.google.com\/forms\/d\/1dL3kcuTEHY6yFFIOctajjFMJMdhpi_eJ26ZnMSgALtE\/viewform\">ICI<\/a><\/p>\n","protected":false},"excerpt":{"rendered":"<p>Le R\u00e9seau Euromed France (REF) vous invite au s\u00e9minaire \u00ab\u00a0Risque climatique et acc\u00e8s \u00e0 l&rsquo;eau en M\u00e9diterran\u00e9e\u00a0\u00bb &nbsp; Organis\u00e9 jeudi 17 septembre 2015 (14h-17h30) Salle Jacques Alliot \u00e0 l\u2019AFD (Paris) 5 Rue Roland Barthes 75012 Paris En partenariat avec le &hellip; <a href=\"https:\/\/www.atmf.org\/?p=4263\">Continue reading <span class=\"meta-nav\">&rarr;<\/span><\/a><\/p>\n","protected":false},"author":1,"featured_media":0,"comment_status":"closed","ping_status":"closed","sticky":false,"template":"","format":"standard","meta":{"ngg_post_thumbnail":0,"_monsterinsights_skip_tracking":false,"_monsterinsights_sitenote_active":false,"_monsterinsights_sitenote_note":"","_monsterinsights_sitenote_category":0,"footnotes":""},"categories":[5],"tags":[],"class_list":["post-4263","post","type-post","status-publish","format-standard","hentry","category-solidarite-internationale"],"_links":{"self":[{"href":"https:\/\/www.atmf.org\/index.php?rest_route=\/wp\/v2\/posts\/4263","targetHints":{"allow":["GET"]}}],"collection":[{"href":"https:\/\/www.atmf.org\/index.php?rest_route=\/wp\/v2\/posts"}],"about":[{"href":"https:\/\/www.atmf.org\/index.php?rest_route=\/wp\/v2\/types\/post"}],"author":[{"embeddable":true,"href":"https:\/\/www.atmf.org\/index.php?rest_route=\/wp\/v2\/users\/1"}],"replies":[{"embeddable":true,"href":"https:\/\/www.atmf.org\/index.php?rest_route=%2Fwp%2Fv2%2Fcomments&post=4263"}],"version-history":[{"count":3,"href":"https:\/\/www.atmf.org\/index.php?rest_route=\/wp\/v2\/posts\/4263\/revisions"}],"predecessor-version":[{"id":4267,"href":"https:\/\/www.atmf.org\/index.php?rest_route=\/wp\/v2\/posts\/4263\/revisions\/4267"}],"wp:attachment":[{"href":"https:\/\/www.atmf.org\/index.php?rest_route=%2Fwp%2Fv2%2Fmedia&parent=4263"}],"wp:term":[{"taxonomy":"category","embeddable":true,"href":"https:\/\/www.atmf.org\/index.php?rest_route=%2Fwp%2Fv2%2Fcategories&post=4263"},{"taxonomy":"post_tag","embeddable":true,"href":"https:\/\/www.atmf.org\/index.php?rest_route=%2Fwp%2Fv2%2Ftags&post=4263"}],"curies":[{"name":"wp","href":"https:\/\/api.w.org\/{rel}","templated":true}]}}