{"id":4271,"date":"2015-09-16T17:42:31","date_gmt":"2015-09-16T15:42:31","guid":{"rendered":"http:\/\/www.atmf.org\/?p=4271"},"modified":"2015-09-16T17:45:04","modified_gmt":"2015-09-16T15:45:04","slug":"4271","status":"publish","type":"post","link":"https:\/\/www.atmf.org\/?p=4271","title":{"rendered":"Rassemblement en solidarit\u00e9 avec les migrants \u00e0 Aix"},"content":{"rendered":"<div>\n<div dir=\"ltr\">\n<div class=\"x_gmail_quote\">\n<div dir=\"ltr\">\n<div class=\"x_gmail_quote\">\n<div dir=\"ltr\"><a href=\"http:\/\/www.atmf.org\/wp-content\/uploads\/2015\/09\/Capture41.png\"><img loading=\"lazy\" decoding=\"async\" class=\"aligncenter size-medium wp-image-4273\" src=\"http:\/\/www.atmf.org\/wp-content\/uploads\/2015\/09\/Capture41-300x130.png\" alt=\"Capture4\" width=\"300\" height=\"130\" data-wp-pid=\"4273\" srcset=\"https:\/\/www.atmf.org\/wp-content\/uploads\/2015\/09\/Capture41-300x130.png 300w, https:\/\/www.atmf.org\/wp-content\/uploads\/2015\/09\/Capture41.png 495w\" sizes=\"auto, (max-width: 300px) 100vw, 300px\" \/><\/a><\/div>\n<div dir=\"ltr\"><\/div>\n<div dir=\"ltr\">Le mardi 15 septembre, des dizaines de militants se sont r\u00e9unis \u00e0 Aix-en-Provence en solidarit\u00e9 avec les migrants et les r\u00e9fugi\u00e9s.<\/div>\n<div dir=\"ltr\"><\/div>\n<div dir=\"ltr\" style=\"text-align: center;\"><span style=\"font-size: xx-large;\"><b>Asile\u00a0! C\u2019est un droit\u00a0!<\/b><br \/>\nDes ponts, pas des murs\u00a0!<br \/>\n<b><\/b><b>Solidarit\u00e9 <\/b><b>avec les migrants et les r\u00e9fugi\u00e9s<\/b><\/span><b><\/b><\/p>\n<p class=\"x_MsoNormal\"><b>\u00a0\u00a0\u00a0\u00a0\u00a0\u00a0\u00a0\u00a0\u00a0\u00a0\u00a0\u00a0\u00a0\u00a0\u00a0\u00a0\u00a0\u00a0\u00a0\u00a0 RASSEMBLEMENT<\/b><\/p>\n<p><b>MARDI 15 septembre \u00e0 18 heures<\/b><b><br \/>\nPlace de l\u2019H\u00f4tel-de-ville<\/b><b><\/b><b><br \/>\nAix-en-Provence<\/b><\/p>\n<p>Ensemble, nous demandons\u00a0:<\/p>\n<p>&#8211;\u00a0\u00a0\u00a0\u00a0\u00a0\u00a0\u00a0 que tous les r\u00e9fugi\u00e9s soient accueillis dans des conditions respectueuses de leur dignit\u00e9<\/p>\n<p>&#8211;\u00a0\u00a0\u00a0\u00a0\u00a0\u00a0\u00a0 une suspension des accords de Dublin (qui imposent que la demande d\u2019asile soit faite dans le pays d\u2019arriv\u00e9e, ce qui est irr\u00e9aliste compte tenu du nombre de demandes) et leur r\u00e9vision<\/p>\n<p>&#8211;\u00a0\u00a0\u00a0\u00a0\u00a0\u00a0\u00a0 l\u2019organisation d\u2019un grand d\u00e9bat public sur la question des r\u00e9fugi\u00e9s<\/p>\n<p>&#8211;\u00a0\u00a0\u00a0\u00a0\u00a0\u00a0\u00a0 l\u2019organisation par la ville d\u2019Aix-en-Provence et les villages de la CPA, en liaison avec l\u2019Etat, d\u2019un accueil digne des r\u00e9fugi\u00e9s et migrants et leur accompagnement \u00e9conomique, social et sanitaire.<\/p>\n<p class=\"x_MsoNormal\"><b>\u00a0<\/b><\/p>\n<p class=\"x_MsoNormal\"><b>A l\u2019appel de\u00a0: Aix Solidarit\u00e9, Amnesty International, Association des travailleurs maghr\u00e9bins de France, ATTAC, CADTM, CFDT, CGT, Colibris Pays d\u2019Aix, Ensemble, Europe Ecologie Les Verts, FSU, Jeunes socialistes, La Cimade, Le Repaire d\u2019Aix-en-Provence, LICRA, Ligue des droits de l\u2019Homme, Parti communiste fran\u00e7ais, Parti de Gauche, Partit occitan, Parti socialiste, R\u00e9sister aujourd\u2019hui, Sud Sant\u00e9-Sociaux, Syndicat de la magistrature, Syndicat des avocats de France, Union Syndicale Solidaires.<\/b><\/p>\n<\/div>\n<\/div>\n<\/div>\n<\/div>\n<\/div>\n<\/div>\n<p>&nbsp;<\/p>\n","protected":false},"excerpt":{"rendered":"<p>Le mardi 15 septembre, des dizaines de militants se sont r\u00e9unis \u00e0 Aix-en-Provence en solidarit\u00e9 avec les migrants et les r\u00e9fugi\u00e9s. Asile\u00a0! C\u2019est un droit\u00a0! Des ponts, pas des murs\u00a0! Solidarit\u00e9 avec les migrants et les r\u00e9fugi\u00e9s \u00a0\u00a0\u00a0\u00a0\u00a0\u00a0\u00a0\u00a0\u00a0\u00a0\u00a0\u00a0\u00a0\u00a0\u00a0\u00a0\u00a0\u00a0\u00a0\u00a0 RASSEMBLEMENT MARDI &hellip; <a href=\"https:\/\/www.atmf.org\/?p=4271\">Continue reading <span class=\"meta-nav\">&rarr;<\/span><\/a><\/p>\n","protected":false},"author":1,"featured_media":0,"comment_status":"closed","ping_status":"closed","sticky":false,"template":"","format":"standard","meta":{"ngg_post_thumbnail":0,"_monsterinsights_skip_tracking":false,"_monsterinsights_sitenote_active":false,"_monsterinsights_sitenote_note":"","_monsterinsights_sitenote_category":0,"footnotes":""},"categories":[88,47],"tags":[],"class_list":["post-4271","post","type-post","status-publish","format-standard","hentry","category-aix-en-provence","category-migrants-sans-frontieres"],"_links":{"self":[{"href":"https:\/\/www.atmf.org\/index.php?rest_route=\/wp\/v2\/posts\/4271","targetHints":{"allow":["GET"]}}],"collection":[{"href":"https:\/\/www.atmf.org\/index.php?rest_route=\/wp\/v2\/posts"}],"about":[{"href":"https:\/\/www.atmf.org\/index.php?rest_route=\/wp\/v2\/types\/post"}],"author":[{"embeddable":true,"href":"https:\/\/www.atmf.org\/index.php?rest_route=\/wp\/v2\/users\/1"}],"replies":[{"embeddable":true,"href":"https:\/\/www.atmf.org\/index.php?rest_route=%2Fwp%2Fv2%2Fcomments&post=4271"}],"version-history":[{"count":2,"href":"https:\/\/www.atmf.org\/index.php?rest_route=\/wp\/v2\/posts\/4271\/revisions"}],"predecessor-version":[{"id":4275,"href":"https:\/\/www.atmf.org\/index.php?rest_route=\/wp\/v2\/posts\/4271\/revisions\/4275"}],"wp:attachment":[{"href":"https:\/\/www.atmf.org\/index.php?rest_route=%2Fwp%2Fv2%2Fmedia&parent=4271"}],"wp:term":[{"taxonomy":"category","embeddable":true,"href":"https:\/\/www.atmf.org\/index.php?rest_route=%2Fwp%2Fv2%2Fcategories&post=4271"},{"taxonomy":"post_tag","embeddable":true,"href":"https:\/\/www.atmf.org\/index.php?rest_route=%2Fwp%2Fv2%2Ftags&post=4271"}],"curies":[{"name":"wp","href":"https:\/\/api.w.org\/{rel}","templated":true}]}}