{"id":4276,"date":"2015-09-17T13:21:44","date_gmt":"2015-09-17T11:21:44","guid":{"rendered":"http:\/\/www.atmf.org\/?p=4276"},"modified":"2015-09-17T13:21:44","modified_gmt":"2015-09-17T11:21:44","slug":"fete-de-la-fraternite-a-aix","status":"publish","type":"post","link":"https:\/\/www.atmf.org\/?p=4276","title":{"rendered":"F\u00eate de la Fraternit\u00e9 \u00e0 Aix"},"content":{"rendered":"<div>\n<div dir=\"ltr\">\n<p><a href=\"http:\/\/www.atmf.org\/wp-content\/uploads\/2015\/09\/affiche-d\u00e9finitive-1.jpeg\"><img loading=\"lazy\" decoding=\"async\" class=\"aligncenter size-medium wp-image-4277\" src=\"http:\/\/www.atmf.org\/wp-content\/uploads\/2015\/09\/affiche-d\u00e9finitive-1-211x300.jpeg\" alt=\"affiche d\u00e9finitive (1)\" width=\"211\" height=\"300\" data-wp-pid=\"4277\" srcset=\"https:\/\/www.atmf.org\/wp-content\/uploads\/2015\/09\/affiche-d\u00e9finitive-1-211x300.jpeg 211w, https:\/\/www.atmf.org\/wp-content\/uploads\/2015\/09\/affiche-d\u00e9finitive-1.jpeg 596w\" sizes=\"auto, (max-width: 211px) 100vw, 211px\" \/><\/a><\/p>\n<p>Plusieurs associations organisent conjointement la quatri\u00e8me \u00e9dition de F\u00eate de la Fraternit\u00e9, le samedi 19 septembre \u00e0 Aix-en-Provence :<\/p>\n<p>&nbsp;<\/p>\n<p>\u00ab\u00a0&#8230;Les migrants qui fuient la terreur, la guerre, la faim dans leur pays et qui ne trouvent que la perdition en mer, ou les verrous des centres de r\u00e9tention, puis le rejet vers leur pays d&rsquo;origine&#8230;<\/p>\n<p>Les crimes racistes, l&rsquo;antis\u00e9mitisme, les extr\u00e9mismes de tous bords, les discriminations de toutes sortes, radicalisme, intol\u00e9rance&#8230;<\/p>\n<p>La peur de l&rsquo;\u00e9tranger, du voisin, de l&rsquo;autre &#8211; diff\u00e9rent de soi, simplement&#8230;<\/p>\n<p>Le repli sur soi, fermeture \u00e9go\u00efste, comme ultime tentative de se d\u00e9fendre contre l&rsquo;entourage ressenti comme hostile&#8230;<\/p>\n<p>Violence contenue, violence lib\u00e9r\u00e9e, en r\u00e9action au mal-\u00eatre, au mal-vivre&#8230;<\/p>\n<p>&#8230;Face \u00e0 tout cela des citoyens tentent de susciter l&rsquo;ouverture, la compr\u00e9hension, le partage,l&rsquo;aide, la solidarit\u00e9.<\/p>\n<p>La F\u00eate de la Fraternit\u00e9 est une manifestation initi\u00e9e par la Ligue des Droits de l&rsquo;Homme d&rsquo;Aix-en-Provence qui l&rsquo;organise en partenariat avec diverses associations dont le but est d&rsquo;agir pour cette ouverture \u00e0 une autre vision de l&rsquo;humanit\u00e9.<\/p>\n<p>Aujourd&rsquo;hui, malgr\u00e9 leurs proclamations de principe, nos dirigeants font preuve d&rsquo;une frilosit\u00e9 r\u00e9voltante pour apporter \u00e0 ces milliers d&rsquo;enfants, de femmes et d&rsquo;hommes contraints de fuir leur pays au p\u00e9ril de leur vie, un accueil qui r\u00e9ponde aux droits \u00e9l\u00e9mentaires des \u00eatres humains. Nous, nous voulons affirmer qu&rsquo;un monde o\u00f9 l&rsquo;on partage en fr\u00e8res, o\u00f9 l&rsquo;on d\u00e9bat comme des fr\u00e8res, o\u00f9 l&rsquo;on s&rsquo;accueille et s&rsquo;entraide &#8211; c&rsquo;est possible.<\/p>\n<p>Nous f\u00eatons cette fraternit\u00e9 humaine\u00a0\u00bb<\/p>\n<p>&nbsp;<\/p>\n<p>Organisations participantes : Aix Solidarit\u00e9, Amiti\u00e9 jud\u00e9o-chr\u00e9tienne, <strong>Association des Travailleurs Maghr\u00e9bins de France<\/strong>, Amnesty International, ATTAC, Emma\u00fcs, La Cimade, LICRA, Secours catholique, Secours populaire, UNICEF<\/p>\n<p>T\u00e9l\u00e9chargez le programme en PDF :\u00a0<a href=\"http:\/\/www.atmf.org\/wp-content\/uploads\/2015\/09\/F\u00eate-de-la-fraternit\u00e9pdf.pdf\">F\u00eate de la fraternit\u00e9pdf<\/a><\/p>\n<\/div>\n<\/div>\n<p>&nbsp;<\/p>\n","protected":false},"excerpt":{"rendered":"<p>Plusieurs associations organisent conjointement la quatri\u00e8me \u00e9dition de F\u00eate de la Fraternit\u00e9, le samedi 19 septembre \u00e0 Aix-en-Provence : &nbsp; \u00ab\u00a0&#8230;Les migrants qui fuient la terreur, la guerre, la faim dans leur pays et qui ne trouvent que la perdition &hellip; <a href=\"https:\/\/www.atmf.org\/?p=4276\">Continue reading <span class=\"meta-nav\">&rarr;<\/span><\/a><\/p>\n","protected":false},"author":1,"featured_media":0,"comment_status":"closed","ping_status":"closed","sticky":false,"template":"","format":"standard","meta":{"ngg_post_thumbnail":0,"_monsterinsights_skip_tracking":false,"_monsterinsights_sitenote_active":false,"_monsterinsights_sitenote_note":"","_monsterinsights_sitenote_category":0,"footnotes":""},"categories":[88,47],"tags":[],"class_list":["post-4276","post","type-post","status-publish","format-standard","hentry","category-aix-en-provence","category-migrants-sans-frontieres"],"_links":{"self":[{"href":"https:\/\/www.atmf.org\/index.php?rest_route=\/wp\/v2\/posts\/4276","targetHints":{"allow":["GET"]}}],"collection":[{"href":"https:\/\/www.atmf.org\/index.php?rest_route=\/wp\/v2\/posts"}],"about":[{"href":"https:\/\/www.atmf.org\/index.php?rest_route=\/wp\/v2\/types\/post"}],"author":[{"embeddable":true,"href":"https:\/\/www.atmf.org\/index.php?rest_route=\/wp\/v2\/users\/1"}],"replies":[{"embeddable":true,"href":"https:\/\/www.atmf.org\/index.php?rest_route=%2Fwp%2Fv2%2Fcomments&post=4276"}],"version-history":[{"count":1,"href":"https:\/\/www.atmf.org\/index.php?rest_route=\/wp\/v2\/posts\/4276\/revisions"}],"predecessor-version":[{"id":4279,"href":"https:\/\/www.atmf.org\/index.php?rest_route=\/wp\/v2\/posts\/4276\/revisions\/4279"}],"wp:attachment":[{"href":"https:\/\/www.atmf.org\/index.php?rest_route=%2Fwp%2Fv2%2Fmedia&parent=4276"}],"wp:term":[{"taxonomy":"category","embeddable":true,"href":"https:\/\/www.atmf.org\/index.php?rest_route=%2Fwp%2Fv2%2Fcategories&post=4276"},{"taxonomy":"post_tag","embeddable":true,"href":"https:\/\/www.atmf.org\/index.php?rest_route=%2Fwp%2Fv2%2Ftags&post=4276"}],"curies":[{"name":"wp","href":"https:\/\/api.w.org\/{rel}","templated":true}]}}