{"id":4392,"date":"2015-10-26T12:25:35","date_gmt":"2015-10-26T11:25:35","guid":{"rendered":"http:\/\/www.atmf.org\/?p=4392"},"modified":"2015-10-28T10:19:07","modified_gmt":"2015-10-28T09:19:07","slug":"50e-anniversaire-de-lenlevement-de-la-disparition-de-mehdi-ben-barka","status":"publish","type":"post","link":"https:\/\/www.atmf.org\/?p=4392","title":{"rendered":"50e anniversaire de l&rsquo;enl\u00e8vement de la disparition de Mehdi Ben Barka"},"content":{"rendered":"<p><a href=\"http:\/\/www.atmf.org\/wp-content\/uploads\/2015\/10\/Capture.png\"><img loading=\"lazy\" decoding=\"async\" class=\"aligncenter size-medium wp-image-4393\" src=\"http:\/\/www.atmf.org\/wp-content\/uploads\/2015\/10\/Capture-300x134.png\" alt=\"Capture\" width=\"300\" height=\"134\" data-wp-pid=\"4393\" srcset=\"https:\/\/www.atmf.org\/wp-content\/uploads\/2015\/10\/Capture-300x134.png 300w, https:\/\/www.atmf.org\/wp-content\/uploads\/2015\/10\/Capture.png 583w\" sizes=\"auto, (max-width: 300px) 100vw, 300px\" \/><\/a><\/p>\n<p>&nbsp;<\/p>\n<p>L&rsquo;institut Mehdi Ben Barka &#8211; M\u00e9moire vivante et le SNES-FSU appellent \u00e0 un rassemblement \u00e0 sa m\u00e9moire.<\/p>\n<p>50 ans apr\u00e8s&#8230;<\/p>\n<p>&#8211; La d\u00e9raison d&rsquo;Etat doit faire face \u00e0 la raison politique et \u00e0 la v\u00e9rit\u00e9<\/p>\n<p>&#8211; Faisons \u00e9chec \u00e0 l&rsquo;organisation de l&rsquo;oubli et \u00e0 l&rsquo;impunit\u00e9<\/p>\n<p>Le jeudi 29 octobre 2015 \u00e0 18h.<\/p>\n<p>Boulevard Saint-Germain face \u00e0 la Brasserie LIPP<\/p>\n<p>M\u00e9tro : Saint Germain des Pr\u00e9s ou Mabillon<\/p>\n<p>\u00ab <em>Ce qui importe c&rsquo;est la d\u00e9finition des pouvoirs et des responsabilit\u00e9s devant le peuple,<\/em> <em>et la mise en place d&rsquo;institutions authentiquement populaires<\/em> \u00bb Mehdi Ben Barka<\/p>\n<p>&nbsp;<\/p>\n<p>Avec le soutien de (premiers signataires) :<\/p>\n<p>Association des Marocains en France (AMF), <strong>Association des Travailleurs Maghr\u00e9bins de France (ATMF)<\/strong>, Association de D\u00e9fense des Droits de l&rsquo;Homme au Maroc (ASDHOM), Association des Marocains de Belgique pour les Droits de l&rsquo;Homme (AMBDH), Association des Parents et Amis des Disparus au Maroc (APADAM), F\u00e9d\u00e9ration Euro-M\u00e9diterran\u00e9enne contre les Disparitions Forc\u00e9es (FEMED), Parti Socialiste Unifi\u00e9 en France (PSU-Maroc), La Voie D\u00e9mocratique en France, Parti de l&rsquo;avant-garde d\u00e9mocratique et socialiste en France (PADS), Association M\u00e9moire V\u00e9rit\u00e9 Justice France (MVJ France), Sortir du Colonialisme, Association Fran\u00e7aise d&rsquo;Amiti\u00e9 et de Solidarit\u00e9 Peuples Afrique (AFASPA), Parti Communiste Fran\u00e7ais (PCF), F\u00e9d\u00e9ration internationale des ligues des droits de l&rsquo;Homme (FIDH), La Ligue des Droits de l&rsquo;Homme (LDH), Europe \u00c9cologie Les Verts (EELV), L&rsquo;ALTERNATIVE LIBERTAIRE , AMDH-Paris\/IDF, Association AL WASL, Union Socialiste des Forces Populaires en France (USFP France), Ensemble\u00a0!, Mouvement contre le Racisme et pour l&rsquo;Amiti\u00e9 entre les Peuples (MRAP), Association des droits num\u00e9riques (ADN), Partie Socialiste (PS), La Fondation Frantz Fanon, Comit\u00e9 pour le Respect des Libert\u00e9s et des Droits de l&rsquo; Homme en Tunisie (CRLDHT), Association V\u00e9rit\u00e9 et Justice pour Farhat Hached (AVJFH), F\u00e9d\u00e9ration des Tunisiens Citoyens des Deux Rives (FTCR), Association des Tunisiens en France (ATF), Association D\u00e9mocratique des Tunisiens en France (ADTF), Comit\u00e9 de vigilance pour une paix r\u00e9elle au Proche-Orient (CVPR-PO), Le Manifeste des libert\u00e9s, Afrique \u00c9changes Migrations (AEMC), M\u00eames droits pour toutes et pour tous, Agir pour le Changement D\u00e9mocratique en Alg\u00e9rie (ACDA)<\/p>\n<p><a href=\"http:\/\/www.atmf.org\/wp-content\/uploads\/2015\/10\/Appel_29_Octobre_2015_version_2015-10-23.pdf\">Appel_29_Octobre_2015_version_2015-10-23<\/a><\/p>\n","protected":false},"excerpt":{"rendered":"<p>&nbsp; L&rsquo;institut Mehdi Ben Barka &#8211; M\u00e9moire vivante et le SNES-FSU appellent \u00e0 un rassemblement \u00e0 sa m\u00e9moire. 50 ans apr\u00e8s&#8230; &#8211; La d\u00e9raison d&rsquo;Etat doit faire face \u00e0 la raison politique et \u00e0 la v\u00e9rit\u00e9 &#8211; Faisons \u00e9chec \u00e0 &hellip; <a href=\"https:\/\/www.atmf.org\/?p=4392\">Continue reading <span class=\"meta-nav\">&rarr;<\/span><\/a><\/p>\n","protected":false},"author":1,"featured_media":0,"comment_status":"closed","ping_status":"closed","sticky":false,"template":"","format":"standard","meta":{"ngg_post_thumbnail":0,"_monsterinsights_skip_tracking":false,"_monsterinsights_sitenote_active":false,"_monsterinsights_sitenote_note":"","_monsterinsights_sitenote_category":0,"footnotes":""},"categories":[1],"tags":[],"class_list":["post-4392","post","type-post","status-publish","format-standard","hentry","category-non-classe"],"_links":{"self":[{"href":"https:\/\/www.atmf.org\/index.php?rest_route=\/wp\/v2\/posts\/4392","targetHints":{"allow":["GET"]}}],"collection":[{"href":"https:\/\/www.atmf.org\/index.php?rest_route=\/wp\/v2\/posts"}],"about":[{"href":"https:\/\/www.atmf.org\/index.php?rest_route=\/wp\/v2\/types\/post"}],"author":[{"embeddable":true,"href":"https:\/\/www.atmf.org\/index.php?rest_route=\/wp\/v2\/users\/1"}],"replies":[{"embeddable":true,"href":"https:\/\/www.atmf.org\/index.php?rest_route=%2Fwp%2Fv2%2Fcomments&post=4392"}],"version-history":[{"count":2,"href":"https:\/\/www.atmf.org\/index.php?rest_route=\/wp\/v2\/posts\/4392\/revisions"}],"predecessor-version":[{"id":4401,"href":"https:\/\/www.atmf.org\/index.php?rest_route=\/wp\/v2\/posts\/4392\/revisions\/4401"}],"wp:attachment":[{"href":"https:\/\/www.atmf.org\/index.php?rest_route=%2Fwp%2Fv2%2Fmedia&parent=4392"}],"wp:term":[{"taxonomy":"category","embeddable":true,"href":"https:\/\/www.atmf.org\/index.php?rest_route=%2Fwp%2Fv2%2Fcategories&post=4392"},{"taxonomy":"post_tag","embeddable":true,"href":"https:\/\/www.atmf.org\/index.php?rest_route=%2Fwp%2Fv2%2Ftags&post=4392"}],"curies":[{"name":"wp","href":"https:\/\/api.w.org\/{rel}","templated":true}]}}