{"id":4412,"date":"2015-11-26T14:44:08","date_gmt":"2015-11-26T13:44:08","guid":{"rendered":"http:\/\/www.atmf.org\/?p=4412"},"modified":"2016-01-13T16:19:01","modified_gmt":"2016-01-13T15:19:01","slug":"journee-dinformation-sur-les-violences-faites-aux-femmes","status":"publish","type":"post","link":"https:\/\/www.atmf.org\/?p=4412","title":{"rendered":"Journ\u00e9e d&rsquo;information sur les violences faites aux femmes"},"content":{"rendered":"<p><a href=\"http:\/\/www.atmf.org\/wp-content\/uploads\/2015\/11\/Capture3.png\"><img loading=\"lazy\" decoding=\"async\" class=\"aligncenter size-medium wp-image-4635\" src=\"http:\/\/www.atmf.org\/wp-content\/uploads\/2015\/11\/Capture3-213x300.png\" alt=\"Capture\" width=\"213\" height=\"300\" data-wp-pid=\"4635\" srcset=\"https:\/\/www.atmf.org\/wp-content\/uploads\/2015\/11\/Capture3-213x300.png 213w, https:\/\/www.atmf.org\/wp-content\/uploads\/2015\/11\/Capture3.png 557w\" sizes=\"auto, (max-width: 213px) 100vw, 213px\" \/><\/a><\/p>\n<p>&nbsp;<\/p>\n<p>Le R\u00e9seau Femmes de l&rsquo;ATMF d&rsquo;Aix, en partenariat avec le CIDFF et le Laboratoire M\u00e9diterran\u00e9en de Sociologie (LAMES), organise une Journ\u00e9e d&rsquo;information sur les violences faites aux femmes, le 4 d\u00e9cembre 2015 au Centre socioculturel Pollux \u00e0 Aix-en-Provence.<\/p>\n<p>&nbsp;<\/p>\n<p>Au programme de la journ\u00e9e :<\/p>\n<p>9h &#8211; 9h30 : Accueil et pr\u00e9sentation du programme<\/p>\n<p>&nbsp;<\/p>\n<p>9h30 &#8211; 10h : les violences conjugales &#8211; un ph\u00e9nom\u00e8ne social<\/p>\n<p>Intervenantes : Sa\u00efda Schreiner, coordiantrice de l&rsquo;ATMF Aix-en-Provence et Constance de Gourcy (sociologue \/ LAMES)<\/p>\n<p>&nbsp;<\/p>\n<p>10h &#8211; 10h45\u00a0: Les m\u00e9canismes des violences conjugales et leur impact sur les victimes<\/p>\n<p>&nbsp;<\/p>\n<p>10h45 &#8211; 12h : projection-d\u00e9bat autour du court-m\u00e9trage \u00ab\u00a0J&rsquo;ai peur pour ma maman\u00a0\u00bb<\/p>\n<p>Intervenante : Anne Chicard, juriste au CIDFF des Bouches-du-Rh\u00f4ne<\/p>\n<p>&nbsp;<\/p>\n<p>12h &#8211; 13h30 : D\u00e9jeuner<\/p>\n<p>&nbsp;<\/p>\n<p>13h45 &#8211; 15h : Le droit au s\u00e9jour des femmes maghr\u00e9bines victimes de violences conjugales \/ Echanges et r\u00e9flexions avec la salle sur toutes les th\u00e9matiques abord\u00e9es<\/p>\n<p>Intervenantes : Sa\u00efda Schreiner et Anne Chicard<\/p>\n<p>&nbsp;<\/p>\n<p>Cl\u00f4ture de la journ\u00e9e et pot de l&rsquo;amiti\u00e9<\/p>\n<p>&nbsp;<\/p>\n<p>Journ\u00e9e uniquement sur inscription et nombre de places limit\u00e9es.<\/p>\n<p><a href=\"http:\/\/www.atmf.org\/wp-content\/uploads\/2015\/11\/Affiche-violeces-conjugales-2015-bis-1.pdf\">Affiche violeces conjugales 2015 bis (1)<\/a><\/p>\n","protected":false},"excerpt":{"rendered":"<p>&nbsp; Le R\u00e9seau Femmes de l&rsquo;ATMF d&rsquo;Aix, en partenariat avec le CIDFF et le Laboratoire M\u00e9diterran\u00e9en de Sociologie (LAMES), organise une Journ\u00e9e d&rsquo;information sur les violences faites aux femmes, le 4 d\u00e9cembre 2015 au Centre socioculturel Pollux \u00e0 Aix-en-Provence. &nbsp; &hellip; <a href=\"https:\/\/www.atmf.org\/?p=4412\">Continue reading <span class=\"meta-nav\">&rarr;<\/span><\/a><\/p>\n","protected":false},"author":1,"featured_media":0,"comment_status":"closed","ping_status":"closed","sticky":false,"template":"","format":"standard","meta":{"ngg_post_thumbnail":0,"_monsterinsights_skip_tracking":false,"_monsterinsights_sitenote_active":false,"_monsterinsights_sitenote_note":"","_monsterinsights_sitenote_category":0,"footnotes":""},"categories":[88,107],"tags":[],"class_list":["post-4412","post","type-post","status-publish","format-standard","hentry","category-aix-en-provence","category-droit-des-femmes"],"_links":{"self":[{"href":"https:\/\/www.atmf.org\/index.php?rest_route=\/wp\/v2\/posts\/4412","targetHints":{"allow":["GET"]}}],"collection":[{"href":"https:\/\/www.atmf.org\/index.php?rest_route=\/wp\/v2\/posts"}],"about":[{"href":"https:\/\/www.atmf.org\/index.php?rest_route=\/wp\/v2\/types\/post"}],"author":[{"embeddable":true,"href":"https:\/\/www.atmf.org\/index.php?rest_route=\/wp\/v2\/users\/1"}],"replies":[{"embeddable":true,"href":"https:\/\/www.atmf.org\/index.php?rest_route=%2Fwp%2Fv2%2Fcomments&post=4412"}],"version-history":[{"count":3,"href":"https:\/\/www.atmf.org\/index.php?rest_route=\/wp\/v2\/posts\/4412\/revisions"}],"predecessor-version":[{"id":4637,"href":"https:\/\/www.atmf.org\/index.php?rest_route=\/wp\/v2\/posts\/4412\/revisions\/4637"}],"wp:attachment":[{"href":"https:\/\/www.atmf.org\/index.php?rest_route=%2Fwp%2Fv2%2Fmedia&parent=4412"}],"wp:term":[{"taxonomy":"category","embeddable":true,"href":"https:\/\/www.atmf.org\/index.php?rest_route=%2Fwp%2Fv2%2Fcategories&post=4412"},{"taxonomy":"post_tag","embeddable":true,"href":"https:\/\/www.atmf.org\/index.php?rest_route=%2Fwp%2Fv2%2Ftags&post=4412"}],"curies":[{"name":"wp","href":"https:\/\/api.w.org\/{rel}","templated":true}]}}