{"id":4469,"date":"2015-11-10T12:32:54","date_gmt":"2015-11-10T11:32:54","guid":{"rendered":"http:\/\/www.atmf.org\/?p=4469"},"modified":"2015-11-10T12:32:54","modified_gmt":"2015-11-10T11:32:54","slug":"semaine-de-la-solidarite-internationale-de-latmf-bhl","status":"publish","type":"post","link":"https:\/\/www.atmf.org\/?p=4469","title":{"rendered":"Semaine de la solidarit\u00e9 internationale de l&rsquo;ATMF BHL"},"content":{"rendered":"<p><a href=\"http:\/\/www.atmf.org\/wp-content\/uploads\/2015\/11\/Capture6.png\"><img loading=\"lazy\" decoding=\"async\" class=\"aligncenter size-medium wp-image-4471\" src=\"http:\/\/www.atmf.org\/wp-content\/uploads\/2015\/11\/Capture6-300x240.png\" alt=\"Capture6\" width=\"300\" height=\"240\" data-wp-pid=\"4471\" srcset=\"https:\/\/www.atmf.org\/wp-content\/uploads\/2015\/11\/Capture6-300x240.png 300w, https:\/\/www.atmf.org\/wp-content\/uploads\/2015\/11\/Capture6.png 533w\" sizes=\"auto, (max-width: 300px) 100vw, 300px\" \/><\/a><\/p>\n<p>&nbsp;<\/p>\n<p>Dans le cadre de la Semaine de la Solidarit\u00e9 internationale, l&rsquo;ATMF-BHL vous propose une s\u00e9rie d&rsquo;activit\u00e9s du 13 au 22 novembre 2015.<\/p>\n<p>Programme de la Semaine \u00e0 Saint-Avold :<\/p>\n<p>13 novembre : Caf\u00e9-d\u00e9bat \u00ab\u00a0Identit\u00e9-Racisme\u00a0\u00bb (\u00e0 la MJC-Chapelle)<\/p>\n<p>14 novembre : Ouverture de la manifestation (\u00e0 La petite salle l&rsquo;Agora)<\/p>\n<p>Les 14 et 15 novembre : Rencontre livre et \u00e9crivains \/ coin d\u00e9tente et rencontre \/ exposition \u00ab\u00a0Les migrations\u00a0\u00bb (\u00e0 La petite salle l&rsquo;Agora)<\/p>\n<p>14 novembre : th\u00e9\u00e2tre \u00ab\u00a0Je suis un homme\u00a0\u00bb (IUT Saint Avold)<\/p>\n<p>16 et 20 novembre : exposition \u00ab\u00a0Paroles de r\u00e9fugi\u00e9s\u00a0\u00bb (MJC Cl\u00e9menceau)<\/p>\n<p>18 novembre : vernissage de l&rsquo;exposition (MJC Cl\u00e9menceau)<\/p>\n<p>19 novembre : projection du film \u00ab\u00a0Citizenfour\u00a0\u00bb (IUT Saint Avold)<\/p>\n<p>21 novembre : 15e Marche de la solidarit\u00e9 (\u00e0 la Salle des Congr\u00e8s)<\/p>\n<p>21 novembre : concert arabo-andalouse, africain et reggae \u00ab\u00a0Alouns, Le Congolais et Djembe\u00a0\u00bb (\u00e0 la MJC Chapelle)<\/p>\n<p>22 novembre : Marche de la Solidarit\u00e9 (\u00e0 la Salle des Congr\u00e8s)<\/p>\n<p>22 novembre : cl\u00f4ture de la semaine (\u00e0 la Salle des Congr\u00e8s)<\/p>\n<p>&nbsp;<\/p>\n<p>Programme :\u00a0<a href=\"http:\/\/www.atmf.org\/wp-content\/uploads\/2015\/11\/Affiche-05-11-2015.pdf\">Affiche 05-11-2015<\/a><\/p>\n<p>&nbsp;<\/p>\n","protected":false},"excerpt":{"rendered":"<p>&nbsp; Dans le cadre de la Semaine de la Solidarit\u00e9 internationale, l&rsquo;ATMF-BHL vous propose une s\u00e9rie d&rsquo;activit\u00e9s du 13 au 22 novembre 2015. Programme de la Semaine \u00e0 Saint-Avold : 13 novembre : Caf\u00e9-d\u00e9bat \u00ab\u00a0Identit\u00e9-Racisme\u00a0\u00bb (\u00e0 la MJC-Chapelle) 14 novembre &hellip; <a href=\"https:\/\/www.atmf.org\/?p=4469\">Continue reading <span class=\"meta-nav\">&rarr;<\/span><\/a><\/p>\n","protected":false},"author":1,"featured_media":0,"comment_status":"closed","ping_status":"closed","sticky":false,"template":"","format":"standard","meta":{"ngg_post_thumbnail":0,"_monsterinsights_skip_tracking":false,"_monsterinsights_sitenote_active":false,"_monsterinsights_sitenote_note":"","_monsterinsights_sitenote_category":0,"footnotes":""},"categories":[92,5],"tags":[],"class_list":["post-4469","post","type-post","status-publish","format-standard","hentry","category-bhl","category-solidarite-internationale"],"_links":{"self":[{"href":"https:\/\/www.atmf.org\/index.php?rest_route=\/wp\/v2\/posts\/4469","targetHints":{"allow":["GET"]}}],"collection":[{"href":"https:\/\/www.atmf.org\/index.php?rest_route=\/wp\/v2\/posts"}],"about":[{"href":"https:\/\/www.atmf.org\/index.php?rest_route=\/wp\/v2\/types\/post"}],"author":[{"embeddable":true,"href":"https:\/\/www.atmf.org\/index.php?rest_route=\/wp\/v2\/users\/1"}],"replies":[{"embeddable":true,"href":"https:\/\/www.atmf.org\/index.php?rest_route=%2Fwp%2Fv2%2Fcomments&post=4469"}],"version-history":[{"count":1,"href":"https:\/\/www.atmf.org\/index.php?rest_route=\/wp\/v2\/posts\/4469\/revisions"}],"predecessor-version":[{"id":4472,"href":"https:\/\/www.atmf.org\/index.php?rest_route=\/wp\/v2\/posts\/4469\/revisions\/4472"}],"wp:attachment":[{"href":"https:\/\/www.atmf.org\/index.php?rest_route=%2Fwp%2Fv2%2Fmedia&parent=4469"}],"wp:term":[{"taxonomy":"category","embeddable":true,"href":"https:\/\/www.atmf.org\/index.php?rest_route=%2Fwp%2Fv2%2Fcategories&post=4469"},{"taxonomy":"post_tag","embeddable":true,"href":"https:\/\/www.atmf.org\/index.php?rest_route=%2Fwp%2Fv2%2Ftags&post=4469"}],"curies":[{"name":"wp","href":"https:\/\/api.w.org\/{rel}","templated":true}]}}