{"id":4512,"date":"2015-11-23T17:34:54","date_gmt":"2015-11-23T16:34:54","guid":{"rendered":"http:\/\/www.atmf.org\/?p=4512"},"modified":"2015-11-23T17:36:44","modified_gmt":"2015-11-23T16:36:44","slug":"4512","status":"publish","type":"post","link":"https:\/\/www.atmf.org\/?p=4512","title":{"rendered":"Soir\u00e9e de cl\u00f4ture du Festival international du film des Droits de l&rsquo;Homme \u00e0 Strasbourg"},"content":{"rendered":"<p>L&rsquo;ATMF Strasbourg vous invite \u00e0 participer \u00e0 la soir\u00e9e de cl\u00f4ture du <b><span style=\"font-size: large;\">Festival International du Film des Droits de l&rsquo;Homme (FIFDH)<\/span><\/b>. Dont le Collectif d&rsquo;Ailleurs nous sommes d&rsquo;ici (dont fait partie l&rsquo;ATMF Strasbourg) est partenaire.<\/p>\n<div><a href=\"http:\/\/www.atmf.org\/wp-content\/uploads\/2015\/11\/affiche_Alsace_2015_final.jpg\"><img loading=\"lazy\" decoding=\"async\" class=\"aligncenter size-medium wp-image-4513\" src=\"http:\/\/www.atmf.org\/wp-content\/uploads\/2015\/11\/affiche_Alsace_2015_final-212x300.jpg\" alt=\"affiche_Alsace_2015_final\" width=\"212\" height=\"300\" data-wp-pid=\"4513\" srcset=\"https:\/\/www.atmf.org\/wp-content\/uploads\/2015\/11\/affiche_Alsace_2015_final-212x300.jpg 212w, https:\/\/www.atmf.org\/wp-content\/uploads\/2015\/11\/affiche_Alsace_2015_final-724x1024.jpg 724w, https:\/\/www.atmf.org\/wp-content\/uploads\/2015\/11\/affiche_Alsace_2015_final-800x1132.jpg 800w, https:\/\/www.atmf.org\/wp-content\/uploads\/2015\/11\/affiche_Alsace_2015_final.jpg 1240w\" sizes=\"auto, (max-width: 212px) 100vw, 212px\" \/><\/a><\/div>\n<div><\/div>\n<div>\n<div>Le Film \u00ab\u00a0<span style=\"color: #38761d; font-size: large;\"><b>Qui a tu\u00e9 Ali Ziri ? <\/b><\/span>\u00a0\u00bb de Luc\u00a0Decaster sera projet\u00e9 le<span style=\"color: #0000ff; font-size: large;\"><b> mercredi 25 novembre 2015<\/b><\/span><span style=\"color: #393536;\">\u00a0<\/span><b><span style=\"color: #ff0000; font-size: large;\">\u00e0 20h<\/span><\/b><span style=\"color: #393536;\"> \u00e0 <\/span><span style=\"color: #274e13;\"><b><span style=\"font-size: large;\">la Maison des Associations de Strasbourg*<\/span><\/b> <\/span><span style=\"color: #393536;\">d<\/span>ans le cadre de ce festival.<\/div>\n<div><\/div>\n<div>\n<div>\n<h3>R\u00e9sum\u00e9 du film :<\/h3>\n<div id=\"x_film_description\">Ali Ziri, un homme de 69 ans, d\u00e9c\u00e8de le 11 juin 2009 apr\u00e8s son interpellation par la police nationale \u00e0 la suite d\u2019un contr\u00f4le routier \u00e0 Argenteuil. \u00abArr\u00eat cardiaque d\u2019un homme au coeur fragile\u00bb, d\u00e9clare le Procureur de Pontoise. Appuyant la famille qui vit en Alg\u00e9rie, un collectif d\u2019Argenteuillais demande une contre-expertise. Deux mois plus tard l\u2019institut m\u00e9dico-l\u00e9gal r\u00e9v\u00e8le 27 h\u00e9matomes sur le corps d\u2019Ali Ziri. Pendant cinq ann\u00e9es, le cin\u00e9aste a suivi les pas de ceux qui demandent \u00ab Justice et v\u00e9rit\u00e9 \u00bb apr\u00e8s cette mort, ignor\u00e9e des m\u00e9dias, mais que certains consid\u00e8rent comme un lynchage digne des pires p\u00e9riodes de l\u2019histoire. Au-del\u00e0 d\u2019une affaire de justice, Luc Decaster s\u2019est attach\u00e9 \u00e0 repr\u00e9senter ce qu\u2019une telle affaire suscite \u00e0 l\u2019int\u00e9rieur d\u2019une ville de banlieue ordinaire.<\/div>\n<div><\/div>\n<div><a href=\"http:\/\/www.atmf.org\/wp-content\/uploads\/2015\/11\/image.png\"><img loading=\"lazy\" decoding=\"async\" class=\"aligncenter size-medium wp-image-4514\" src=\"http:\/\/www.atmf.org\/wp-content\/uploads\/2015\/11\/image-231x300.png\" alt=\"image\" width=\"231\" height=\"300\" data-wp-pid=\"4514\" srcset=\"https:\/\/www.atmf.org\/wp-content\/uploads\/2015\/11\/image-231x300.png 231w, https:\/\/www.atmf.org\/wp-content\/uploads\/2015\/11\/image.png 609w\" sizes=\"auto, (max-width: 231px) 100vw, 231px\" \/><\/a><\/div>\n<div><\/div>\n<div><\/div>\n<div>La projection sera suivie d&rsquo;un d\u00e9bat en pr\u00e9sence de <b>Fouzia HAMHAMI<\/b> du\u00a0Collectif \u00ab\u00a0<span style=\"font-size: large;\"><b>Justice et V\u00e9rit\u00e9 pour\u00a0<span class=\"\">Ali<\/span>\u00a0<\/b><\/span><span class=\"\"><span style=\"font-size: large;\"><b>Ziri<\/b><\/span>\u00ab\u00a0. La famille de\u00a0Hocine Bouras sera \u00e9galement pr\u00e9sente\u00a0<\/span>pour t\u00e9moigner.\u00a0Nous rappelons que Hocine Bouras a \u00e9t\u00e9 tu\u00e9 d\u2019une balle dans la t\u00eate, par un gendarme volontaire, lors de son transfert de Strasbourg vers Colmar le 26 ao\u00fbt 2014.<\/div>\n<\/div>\n<\/div>\n<\/div>\n","protected":false},"excerpt":{"rendered":"<p>L&rsquo;ATMF Strasbourg vous invite \u00e0 participer \u00e0 la soir\u00e9e de cl\u00f4ture du Festival International du Film des Droits de l&rsquo;Homme (FIFDH). Dont le Collectif d&rsquo;Ailleurs nous sommes d&rsquo;ici (dont fait partie l&rsquo;ATMF Strasbourg) est partenaire. Le Film \u00ab\u00a0Qui a tu\u00e9 &hellip; <a href=\"https:\/\/www.atmf.org\/?p=4512\">Continue reading <span class=\"meta-nav\">&rarr;<\/span><\/a><\/p>\n","protected":false},"author":1,"featured_media":0,"comment_status":"closed","ping_status":"closed","sticky":false,"template":"","format":"standard","meta":{"ngg_post_thumbnail":0,"_monsterinsights_skip_tracking":false,"_monsterinsights_sitenote_active":false,"_monsterinsights_sitenote_note":"","_monsterinsights_sitenote_category":0,"footnotes":""},"categories":[105,44],"tags":[],"class_list":["post-4512","post","type-post","status-publish","format-standard","hentry","category-strasbourg","category-ali-ziri"],"_links":{"self":[{"href":"https:\/\/www.atmf.org\/index.php?rest_route=\/wp\/v2\/posts\/4512","targetHints":{"allow":["GET"]}}],"collection":[{"href":"https:\/\/www.atmf.org\/index.php?rest_route=\/wp\/v2\/posts"}],"about":[{"href":"https:\/\/www.atmf.org\/index.php?rest_route=\/wp\/v2\/types\/post"}],"author":[{"embeddable":true,"href":"https:\/\/www.atmf.org\/index.php?rest_route=\/wp\/v2\/users\/1"}],"replies":[{"embeddable":true,"href":"https:\/\/www.atmf.org\/index.php?rest_route=%2Fwp%2Fv2%2Fcomments&post=4512"}],"version-history":[{"count":2,"href":"https:\/\/www.atmf.org\/index.php?rest_route=\/wp\/v2\/posts\/4512\/revisions"}],"predecessor-version":[{"id":4516,"href":"https:\/\/www.atmf.org\/index.php?rest_route=\/wp\/v2\/posts\/4512\/revisions\/4516"}],"wp:attachment":[{"href":"https:\/\/www.atmf.org\/index.php?rest_route=%2Fwp%2Fv2%2Fmedia&parent=4512"}],"wp:term":[{"taxonomy":"category","embeddable":true,"href":"https:\/\/www.atmf.org\/index.php?rest_route=%2Fwp%2Fv2%2Fcategories&post=4512"},{"taxonomy":"post_tag","embeddable":true,"href":"https:\/\/www.atmf.org\/index.php?rest_route=%2Fwp%2Fv2%2Ftags&post=4512"}],"curies":[{"name":"wp","href":"https:\/\/api.w.org\/{rel}","templated":true}]}}