{"id":4624,"date":"2015-12-19T10:25:44","date_gmt":"2015-12-19T09:25:44","guid":{"rendered":"http:\/\/www.atmf.org\/?p=4624"},"modified":"2016-01-26T16:21:08","modified_gmt":"2016-01-26T15:21:08","slug":"4624","status":"publish","type":"post","link":"https:\/\/www.atmf.org\/?p=4624","title":{"rendered":"Appel du Moussem Barb\u00e8s"},"content":{"rendered":"<p>&nbsp;<\/p>\n<p><a href=\"http:\/\/www.atmf.org\/wp-content\/uploads\/2016\/01\/CaptureLogo.png\"><img loading=\"lazy\" decoding=\"async\" class=\"aligncenter size-medium wp-image-4625\" src=\"http:\/\/www.atmf.org\/wp-content\/uploads\/2016\/01\/CaptureLogo-300x130.png\" alt=\"CaptureLogo\" width=\"300\" height=\"130\" data-wp-pid=\"4625\" srcset=\"https:\/\/www.atmf.org\/wp-content\/uploads\/2016\/01\/CaptureLogo-300x130.png 300w, https:\/\/www.atmf.org\/wp-content\/uploads\/2016\/01\/CaptureLogo.png 495w\" sizes=\"auto, (max-width: 300px) 100vw, 300px\" \/><\/a><\/p>\n<p>APPEL du MOUSSEM de BARBES, association membre de l&rsquo;ATMF<\/p>\n<p>Aujourd\u2019hui, Samedi 19 d\u00e9cembre 2015, Journ\u00e9e Internationale des R\u00e9fugi\u00e9s<\/p>\n<div class=\"text_exposed_show\">\n<p>Hier vendredi 18 d\u00e9cembre, veille de cette journ\u00e9e pour la d\u00e9fense de leurs droits, plusieurs centaines de r\u00e9fugi\u00e9s se sont retrouv\u00e9s \u00e0 faire la queue devant les locaux de France Terre d\u2019Asile pour demander le versement de leur Allocation Temporaire d&rsquo;Attente (ATA), sorte de RSA de second coll\u00e8ge sp\u00e9cifique aux migrants, vers\u00e9e par l&rsquo;OFII (Office Fran\u00e7ais de l&rsquo;Immigration et de l&rsquo;Int\u00e9gration, d\u00e9pendant du Minist\u00e8re de l\u2019Int\u00e9rieur) plut\u00f4t que par P\u00f4le-Emploi depuis peu, et que les migrants en attente de d\u00e9cision de l\u2019Ofpra auraient d\u00fb avoir per\u00e7u depuis le 2 d\u00e9cembre d\u00e9j\u00e0.<br \/>\nL&rsquo;OFII, pr\u00e9textant qu\u2019elle s\u2019est vu attribuer la gestion de cette allocation r\u00e9cemment retardait chaque jour le paiement, pour finalement pr\u00e9tendre que, \u00ab pour des raisons techniques \u00bb, elle ne pourra finalement rien leur verser avant le 5 janvier. Cette \u00ab erreur technique \u00bb prive des milliers de personnes et de familles, qui sont dans des situations d\u00e9j\u00e0 tr\u00e8s pr\u00e9caris\u00e9es, de leur seul moyen de subsistance.<\/p>\n<p>Aujourd\u2019hui, de nombreux migrants sont toujours \u00e0 la rue, gal\u00e8rent dans les centre-ville et sont sans-cesse harcel\u00e9s et humili\u00e9s par la police et les autorit\u00e9s.<\/p>\n<p>Hier, la police a dispers\u00e9 par la force les personnes qui demandaient le r\u00e8glement de leur allocation sans que les autorit\u00e9s ne leur propose de solution ni d\u2019autre explication.<\/p>\n<p>Nous appelons toutes les personnes, toutes les associations, tous les collectifs \u00e0 rester mobilis\u00e9-e-s malgr\u00e9 l\u2019\u00e9tat d\u2019urgence autour de ces probl\u00e8mes que rencontrent les r\u00e9fugi\u00e9s \u00e0 Paris, en France, en Europe et dans le monde.<\/p>\n<p>Nous appelons plus pr\u00e9cis\u00e9ment \u00e0 une r\u00e9union de toutes les personnes, associations et collectifs de l\u2019immigration, sur le sujet du versement des ATA et sur la continuit\u00e9 de la lutte en soutien aux migrants, exil\u00e9s et r\u00e9fugi\u00e9s<br \/>\n&gt; R\u00c9UNION :<br \/>\nDemain, dimanche 20 d\u00e9cembre \u00e0 16h30<br \/>\ndans les locaux de la FTCR, 23 rue du Maroc, 75019 Paris. M. Stalingrad<\/p>\n<\/div>\n","protected":false},"excerpt":{"rendered":"<p>&nbsp; APPEL du MOUSSEM de BARBES, association membre de l&rsquo;ATMF Aujourd\u2019hui, Samedi 19 d\u00e9cembre 2015, Journ\u00e9e Internationale des R\u00e9fugi\u00e9s Hier vendredi 18 d\u00e9cembre, veille de cette journ\u00e9e pour la d\u00e9fense de leurs droits, plusieurs centaines de r\u00e9fugi\u00e9s se sont retrouv\u00e9s &hellip; <a href=\"https:\/\/www.atmf.org\/?p=4624\">Continue reading <span class=\"meta-nav\">&rarr;<\/span><\/a><\/p>\n","protected":false},"author":1,"featured_media":0,"comment_status":"closed","ping_status":"closed","sticky":false,"template":"","format":"standard","meta":{"ngg_post_thumbnail":0,"_monsterinsights_skip_tracking":false,"_monsterinsights_sitenote_active":false,"_monsterinsights_sitenote_note":"","_monsterinsights_sitenote_category":0,"footnotes":""},"categories":[47,122],"tags":[],"class_list":["post-4624","post","type-post","status-publish","format-standard","hentry","category-migrants-sans-frontieres","category-moussem-barbes"],"_links":{"self":[{"href":"https:\/\/www.atmf.org\/index.php?rest_route=\/wp\/v2\/posts\/4624","targetHints":{"allow":["GET"]}}],"collection":[{"href":"https:\/\/www.atmf.org\/index.php?rest_route=\/wp\/v2\/posts"}],"about":[{"href":"https:\/\/www.atmf.org\/index.php?rest_route=\/wp\/v2\/types\/post"}],"author":[{"embeddable":true,"href":"https:\/\/www.atmf.org\/index.php?rest_route=\/wp\/v2\/users\/1"}],"replies":[{"embeddable":true,"href":"https:\/\/www.atmf.org\/index.php?rest_route=%2Fwp%2Fv2%2Fcomments&post=4624"}],"version-history":[{"count":3,"href":"https:\/\/www.atmf.org\/index.php?rest_route=\/wp\/v2\/posts\/4624\/revisions"}],"predecessor-version":[{"id":4650,"href":"https:\/\/www.atmf.org\/index.php?rest_route=\/wp\/v2\/posts\/4624\/revisions\/4650"}],"wp:attachment":[{"href":"https:\/\/www.atmf.org\/index.php?rest_route=%2Fwp%2Fv2%2Fmedia&parent=4624"}],"wp:term":[{"taxonomy":"category","embeddable":true,"href":"https:\/\/www.atmf.org\/index.php?rest_route=%2Fwp%2Fv2%2Fcategories&post=4624"},{"taxonomy":"post_tag","embeddable":true,"href":"https:\/\/www.atmf.org\/index.php?rest_route=%2Fwp%2Fv2%2Ftags&post=4624"}],"curies":[{"name":"wp","href":"https:\/\/api.w.org\/{rel}","templated":true}]}}