{"id":4655,"date":"2015-12-05T12:01:07","date_gmt":"2015-12-05T11:01:07","guid":{"rendered":"http:\/\/www.atmf.org\/?p=4655"},"modified":"2016-01-11T12:43:11","modified_gmt":"2016-01-11T11:43:11","slug":"4655","status":"publish","type":"post","link":"https:\/\/www.atmf.org\/?p=4655","title":{"rendered":"Soir\u00e9e d&rsquo;hommage \u00e0 Zhor Benchemsi"},"content":{"rendered":"<p class=\"x_MsoNormal\"><span lang=\"FR\">Le vendredi 4 d\u00e9cembre \u00e0 partir de 18h30, la famille &amp; les amis de la militante des droits humains Zhor Benchemsi ont organis\u00e9\u00a0une soir\u00e9e d&rsquo;hommage \u00e0 sa m\u00e9moire, avec la participation de l&rsquo;ATMF, l&rsquo;ASDHOM, l&rsquo;AMF, l&rsquo;APADM et le FMVJ-F.<\/span><span lang=\"FR\">\u00a0<\/span>Nous avons entendu des\u00a0 t\u00e9moignages \u00e9mouvants,\u00a0 des anecdotes,\u00a0 des r\u00e9cits merveilleux de bribes de vies sur Zhor et ses compagnons de lutte\u00a0;\u00a0 nous avons aussi \u00e9chang\u00e9 et partag\u00e9 des\u00a0 points de vues sur la situation pr\u00e9sente et les perspectives.<\/p>\n<p class=\"x_MsoNormal\">Merci \u00e0 toutes les personnes qui ont pu \u00eatre pr\u00e9sentes.<\/p>\n<p class=\"x_MsoNoSpacing\"><a href=\"http:\/\/www.atmf.org\/wp-content\/uploads\/2016\/01\/bbbafdje.png\"><img loading=\"lazy\" decoding=\"async\" class=\"aligncenter size-medium wp-image-4656\" src=\"http:\/\/www.atmf.org\/wp-content\/uploads\/2016\/01\/bbbafdje-222x300.png\" alt=\"bbbafdje\" width=\"222\" height=\"300\" data-wp-pid=\"4656\" srcset=\"https:\/\/www.atmf.org\/wp-content\/uploads\/2016\/01\/bbbafdje-222x300.png 222w, https:\/\/www.atmf.org\/wp-content\/uploads\/2016\/01\/bbbafdje-757x1024.png 757w, https:\/\/www.atmf.org\/wp-content\/uploads\/2016\/01\/bbbafdje-800x1082.png 800w, https:\/\/www.atmf.org\/wp-content\/uploads\/2016\/01\/bbbafdje.png 986w\" sizes=\"auto, (max-width: 222px) 100vw, 222px\" \/><\/a><\/p>\n","protected":false},"excerpt":{"rendered":"<p>Le vendredi 4 d\u00e9cembre \u00e0 partir de 18h30, la famille &amp; les amis de la militante des droits humains Zhor Benchemsi ont organis\u00e9\u00a0une soir\u00e9e d&rsquo;hommage \u00e0 sa m\u00e9moire, avec la participation de l&rsquo;ATMF, l&rsquo;ASDHOM, l&rsquo;AMF, l&rsquo;APADM et le FMVJ-F.\u00a0Nous avons &hellip; <a href=\"https:\/\/www.atmf.org\/?p=4655\">Continue reading <span class=\"meta-nav\">&rarr;<\/span><\/a><\/p>\n","protected":false},"author":1,"featured_media":0,"comment_status":"closed","ping_status":"closed","sticky":false,"template":"","format":"standard","meta":{"ngg_post_thumbnail":0,"_monsterinsights_skip_tracking":false,"_monsterinsights_sitenote_active":false,"_monsterinsights_sitenote_note":"","_monsterinsights_sitenote_category":0,"footnotes":""},"categories":[79],"tags":[],"class_list":["post-4655","post","type-post","status-publish","format-standard","hentry","category-maghreb"],"_links":{"self":[{"href":"https:\/\/www.atmf.org\/index.php?rest_route=\/wp\/v2\/posts\/4655","targetHints":{"allow":["GET"]}}],"collection":[{"href":"https:\/\/www.atmf.org\/index.php?rest_route=\/wp\/v2\/posts"}],"about":[{"href":"https:\/\/www.atmf.org\/index.php?rest_route=\/wp\/v2\/types\/post"}],"author":[{"embeddable":true,"href":"https:\/\/www.atmf.org\/index.php?rest_route=\/wp\/v2\/users\/1"}],"replies":[{"embeddable":true,"href":"https:\/\/www.atmf.org\/index.php?rest_route=%2Fwp%2Fv2%2Fcomments&post=4655"}],"version-history":[{"count":2,"href":"https:\/\/www.atmf.org\/index.php?rest_route=\/wp\/v2\/posts\/4655\/revisions"}],"predecessor-version":[{"id":4658,"href":"https:\/\/www.atmf.org\/index.php?rest_route=\/wp\/v2\/posts\/4655\/revisions\/4658"}],"wp:attachment":[{"href":"https:\/\/www.atmf.org\/index.php?rest_route=%2Fwp%2Fv2%2Fmedia&parent=4655"}],"wp:term":[{"taxonomy":"category","embeddable":true,"href":"https:\/\/www.atmf.org\/index.php?rest_route=%2Fwp%2Fv2%2Fcategories&post=4655"},{"taxonomy":"post_tag","embeddable":true,"href":"https:\/\/www.atmf.org\/index.php?rest_route=%2Fwp%2Fv2%2Ftags&post=4655"}],"curies":[{"name":"wp","href":"https:\/\/api.w.org\/{rel}","templated":true}]}}