{"id":4695,"date":"2016-01-20T15:35:46","date_gmt":"2016-01-20T14:35:46","guid":{"rendered":"http:\/\/www.atmf.org\/?p=4695"},"modified":"2016-01-19T15:37:54","modified_gmt":"2016-01-19T14:37:54","slug":"communique-en-hommage-a-leila-aloui","status":"publish","type":"post","link":"https:\/\/www.atmf.org\/?p=4695","title":{"rendered":"Communiqu\u00e9 en hommage \u00e0 Le\u00efla Aloui"},"content":{"rendered":"<p><a href=\"http:\/\/www.atmf.org\/wp-content\/uploads\/2016\/01\/faldi-logo0.jpg\"><img loading=\"lazy\" decoding=\"async\" class=\"aligncenter size-full wp-image-4696\" src=\"http:\/\/www.atmf.org\/wp-content\/uploads\/2016\/01\/faldi-logo0.jpg\" alt=\"faldi-logo0\" width=\"212\" height=\"126\" data-wp-pid=\"4696\" \/><\/a><\/p>\n<p><strong>\u00a0<\/strong><\/p>\n<p align=\"CENTER\"><span style=\"color: #000000;\"><span style=\"text-decoration: underline;\"><strong>Communiqu\u00e9 &#8211; Hommage<\/strong><\/span><\/span><\/p>\n<p align=\"JUSTIFY\"><span style=\"color: #000000; font-size: large;\"><strong>L\u2019attaque odieuse perp\u00e9tr\u00e9e le 15 janvier dernier par le groupe AQMI \u00e0 Ouagadougou (Burkina Faso) a caus\u00e9 la mort de 29 victimes,\u00a0dont\u00a0la\u00a0jeune photographe franco-marocaine Le\u00efla Aloui.\u00a0<\/strong><\/span><\/p>\n<p align=\"JUSTIFY\"><strong>Le choix du Burkina Faso est loin d\u2019\u00eatre un hasard car ce pays, apr\u00e8s avoir chass\u00e9 un dictateur, vient d\u2019entamer sa transition d\u00e9mocratique.\u00a0<\/strong><\/p>\n<p align=\"JUSTIFY\"><span style=\"color: #000000;\"><strong>Le\u00efla a consacr\u00e9 sa courte vie \u00e0 d\u00e9noncer,\u00a0\u00e0 travers son travail photographique,\u00a0les injustices et les in\u00e9galit\u00e9s. Elle l\u2019a centr\u00e9 sur les migrants,\u00a0que ce soit les jeunes\u00a0<\/strong><span style=\"font-size: large;\"><strong>harragas<\/strong><\/span><strong>\u00a0marocains, souvent enfants, que sur les drames v\u00e9cus par les\u00a0Subsahariens dans leur travers\u00e9e aussi bien du d\u00e9sert que de la mer. Elle disait qu\u2019elle faisait ce travail pour tout simplement rendre l\u2019humanit\u00e9 et la dignit\u00e9 \u00e0 ces migrants.\u00a0<\/strong><\/span><\/p>\n<p align=\"JUSTIFY\"><strong><span style=\"color: #000000;\">Elle envisageait de r\u00e9aliser un film donnant la parole \u00e0 de jeunes\u00a0Subsahariens\u00a0pour d\u00e9crire\u00a0le calvaire auquel ils sont soumis dans l\u2019indiff\u00e9rence g\u00e9n\u00e9rale des gouvernants,\u00a0tant\u00a0des pays du Sud que ceux du Nord.<\/span><\/strong><\/p>\n<p align=\"JUSTIFY\"><span style=\"color: #000000; font-size: large;\"><strong>Le\u00efla a \u00e9t\u00e9 fauch\u00e9e par le terrorisme aveugle. C\u2019est une perte immense pour la cause des migrants et des damn\u00e9s des temps modernes.<\/strong><\/span><\/p>\n<p align=\"RIGHT\"><span style=\"font-size: large;\"><strong>Paris<span style=\"color: #ff2458;\">,<\/span>\u00a0le 19 janvier 2016<\/strong><\/span><\/p>\n<p align=\"RIGHT\">Forum des associations des luttes d\u00e9mocratiques de l\u2019immigration (FALDI)<\/p>\n","protected":false},"excerpt":{"rendered":"<p>\u00a0 Communiqu\u00e9 &#8211; Hommage L\u2019attaque odieuse perp\u00e9tr\u00e9e le 15 janvier dernier par le groupe AQMI \u00e0 Ouagadougou (Burkina Faso) a caus\u00e9 la mort de 29 victimes,\u00a0dont\u00a0la\u00a0jeune photographe franco-marocaine Le\u00efla Aloui.\u00a0 Le choix du Burkina Faso est loin d\u2019\u00eatre un hasard &hellip; <a href=\"https:\/\/www.atmf.org\/?p=4695\">Continue reading <span class=\"meta-nav\">&rarr;<\/span><\/a><\/p>\n","protected":false},"author":1,"featured_media":0,"comment_status":"closed","ping_status":"closed","sticky":false,"template":"","format":"standard","meta":{"ngg_post_thumbnail":0,"_monsterinsights_skip_tracking":false,"_monsterinsights_sitenote_active":false,"_monsterinsights_sitenote_note":"","_monsterinsights_sitenote_category":0,"footnotes":""},"categories":[1],"tags":[],"class_list":["post-4695","post","type-post","status-publish","format-standard","hentry","category-non-classe"],"_links":{"self":[{"href":"https:\/\/www.atmf.org\/index.php?rest_route=\/wp\/v2\/posts\/4695","targetHints":{"allow":["GET"]}}],"collection":[{"href":"https:\/\/www.atmf.org\/index.php?rest_route=\/wp\/v2\/posts"}],"about":[{"href":"https:\/\/www.atmf.org\/index.php?rest_route=\/wp\/v2\/types\/post"}],"author":[{"embeddable":true,"href":"https:\/\/www.atmf.org\/index.php?rest_route=\/wp\/v2\/users\/1"}],"replies":[{"embeddable":true,"href":"https:\/\/www.atmf.org\/index.php?rest_route=%2Fwp%2Fv2%2Fcomments&post=4695"}],"version-history":[{"count":1,"href":"https:\/\/www.atmf.org\/index.php?rest_route=\/wp\/v2\/posts\/4695\/revisions"}],"predecessor-version":[{"id":4697,"href":"https:\/\/www.atmf.org\/index.php?rest_route=\/wp\/v2\/posts\/4695\/revisions\/4697"}],"wp:attachment":[{"href":"https:\/\/www.atmf.org\/index.php?rest_route=%2Fwp%2Fv2%2Fmedia&parent=4695"}],"wp:term":[{"taxonomy":"category","embeddable":true,"href":"https:\/\/www.atmf.org\/index.php?rest_route=%2Fwp%2Fv2%2Fcategories&post=4695"},{"taxonomy":"post_tag","embeddable":true,"href":"https:\/\/www.atmf.org\/index.php?rest_route=%2Fwp%2Fv2%2Ftags&post=4695"}],"curies":[{"name":"wp","href":"https:\/\/api.w.org\/{rel}","templated":true}]}}