{"id":4752,"date":"2016-02-01T13:06:52","date_gmt":"2016-02-01T12:06:52","guid":{"rendered":"http:\/\/www.atmf.org\/?p=4752"},"modified":"2016-02-01T13:15:12","modified_gmt":"2016-02-01T12:15:12","slug":"appel-au-soutien-et-aux-dons-campagne-internationale-de-soutien-a-wafa-charaf","status":"publish","type":"post","link":"https:\/\/www.atmf.org\/?p=4752","title":{"rendered":"APPEL AU SOUTIEN ET AUX DONS \/ CAMPAGNE INTERNATIONALE DE SOUTIEN A WAFA CHARAF"},"content":{"rendered":"<p><a href=\"http:\/\/www.atmf.org\/wp-content\/uploads\/2016\/02\/10375127_677675142311432_5314866430967115954_n.jpg\"><img loading=\"lazy\" decoding=\"async\" class=\"aligncenter size-medium wp-image-4753\" src=\"http:\/\/www.atmf.org\/wp-content\/uploads\/2016\/02\/10375127_677675142311432_5314866430967115954_n-300x223.jpg\" alt=\"10375127_677675142311432_5314866430967115954_n\" width=\"300\" height=\"223\" data-wp-pid=\"4753\" srcset=\"https:\/\/www.atmf.org\/wp-content\/uploads\/2016\/02\/10375127_677675142311432_5314866430967115954_n-300x223.jpg 300w, https:\/\/www.atmf.org\/wp-content\/uploads\/2016\/02\/10375127_677675142311432_5314866430967115954_n-800x593.jpg 800w, https:\/\/www.atmf.org\/wp-content\/uploads\/2016\/02\/10375127_677675142311432_5314866430967115954_n.jpg 960w\" sizes=\"auto, (max-width: 300px) 100vw, 300px\" \/><\/a><\/p>\n<p>&nbsp;<\/p>\n<p>Wafa Charaf est jeune militante associative et politique marocaine emprisonn\u00e9e le 27 avril 2014 \u00e0 Tanger au Nord du Maroc puis condamn\u00e9e le 11 ao\u00fbt 2014 \u00e0 un an de prison ferme et \u00e0 5000dh ( 500 euros) d\u2019amende et 50 000dh (5000\u20ac) de dommages pour \u00ab mensonges et diffamation \u00bb, au cours d\u2019un proc\u00e8s in\u00e9quitable. Le tribunal doublera la peine de Wafa en appel, elle sera condamn\u00e9e \u00e0 deux ans de prison. Les amendes et dommages maintenus. Rappelons que Wafa a \u00e9t\u00e9 arr\u00eat\u00e9e suite \u00e0 sa plainte pour enl\u00e8vement. En effet, \u00e0 la suite d\u2019une manifestation pacifique en soutien aux syndicalistes de la zone franche de Tanger arbitrairement licenci\u00e9s, Wafa a \u00e9t\u00e9 enlev\u00e9e et menac\u00e9e du fait de son action en soutien aux ouvrier-e-s licenci\u00e9-e-s.<br \/>\nNous vous contactons de nouveau afin de vous donner de ses nouvelles et relancer la campagne de soutien suite \u00e0 la mission du 21 d\u00e9cembre 2015. Les parrains et marraines de Wafa et des organisations fran\u00e7aises ont conduit une mission au Maroc. Les d\u00e9l\u00e9gu\u00e9s n\u2019ont pas obtenu de r\u00e9ponse \u00e0 leur demande de visite \u00e0 la militante, mais ils ont pu rencontrer ses proches \u00e0 Tanger.<br \/>\nCourageusement Wafa Charaf a entam\u00e9 des \u00e9tudes de droit en prison et reste tr\u00e8s d\u00e9termin\u00e9e. Elle est actuellement \u00e0 la prison de Larache o\u00f9 elle a \u00e9t\u00e9 transf\u00e9r\u00e9e l\u2019\u00e9t\u00e9 2015. Elle a \u00e9t\u00e9 d\u00e9lib\u00e9r\u00e9ment \u00e9loign\u00e9e de sa famille et de ses amis.<br \/>\nNous rappelons qu\u2019elle doit s\u2019acquitter d\u2019une somme de 5500 euros. Sa famille au revenu modeste, n\u2019a pas les moyens de payer cette somme. Les organisations et les personnes de son comit\u00e9 de soutien ont ouvert une souscription pour l\u2019aider financi\u00e8rement \u00e0 s\u2019acquitter de son amende.<br \/>\nLe lien pour souscrire est :\u00a0<a href=\"https:\/\/xc33.mail.ovh.net\/owa\/redir.aspx?C=c8b82c1779344486b1440294a83fe78e&amp;URL=https%3a%2f%2fwww.facebook.com%2fl.php%3fu%3dhttps%3a%2f%2fwww.lepotcommun.fr%2fpot%2fue7mu6lo%26h%3dJAQHEaCDkAQFYmmpFG_6jhYe37ifPwPqvpFIW4OmlvjsEiQ%26enc%3dAZOCyFnnG4KQxXUBMcMjz_p-nFT5booKyTYipdAETLuNf7fzhCHEnwh6mGTSQTWZ4zURZ2R7ma9dRG2jX1ZANocD__AdVeZrNsaheqpRvuRqtzN43IUqlwR37TsaiyyLpfEI2eZJHpcpjIDkFaj9G7Bt_HuLmbljwLfGPni-eiJi8w0tD1otY8f-9R-qYLu8QbYg77gla1CvgdjTdFpSb5wz%26s%3d1\" target=\"_blank\" rel=\"nofollow\">https:\/\/www.lepotcommun.fr\/pot\/ue7mu6lo<\/a><br \/>\nC\u2019est le prix de sa libert\u00e9 que notre solidarit\u00e9 doit l\u2019aider \u00e0 retrouver.<br \/>\nNous demandons la lib\u00e9ration de Wafa Charaf ainsi que l\u2019arr\u00eat des poursuites contre elle. Comme Wafa, nous demandons l\u2019instruction de sa plainte pour l\u2019enl\u00e8vement dont elle a \u00e9t\u00e9 la victime.<br \/>\n<b><span style=\"text-decoration: underline;\">Premiers Signataires:<\/span><\/b><br \/>\nMarie \u2013Christine Vergiat, dd\u00e9put\u00e9e Europ\u00e9enne<br \/>\nL\u2019AFASPA, (Association Fran\u00e7aise d\u2019amiti\u00e9 et de Solidarit\u00e9 avec les peuples d\u2019Afrique)<br \/>\nL\u2019organisation femmes-\u00e9galit\u00e9<br \/>\nL\u2019association AILES femmes du Maroc (association interculturelle pour la la\u00efcit\u00e9 , l\u00e9galit\u00e9 et la solidarit\u00e9 avec les femmes du Maroc)<br \/>\nLe MRAP (Mouvement contre le Racisme et pour l\u2019Amiti\u00e9 entre les peuples)<br \/>\nLE PCF (Parti Communiste Fran\u00e7ais)<br \/>\nAMF (F\u00e9d\u00e9ration des Associations des Marocains de France)<br \/>\n<strong>L\u2019ATMF (Association des Travailleurs Maghr\u00e9bins de France)<\/strong><br \/>\nCORELSO (Comit\u00e9 pour le respect des libert\u00e9s au Sahara occidental)<br \/>\nAPEL-\u00c9galit\u00e9<br \/>\nComit\u00e9 pour le Respect des Libert\u00e9s et des Droits de l&rsquo;Homme en Tunisie<br \/>\nASDHOM (Association de d\u00e9fense des droits de l\u2019Homme au Maroc)<br \/>\nl&rsquo;AFAPREDESA (Association des Familles des Prisonniers et Disparus Sahraouis)<br \/>\nLa voie d\u00e9mocratique \u2013 Europe.<\/p>\n<p>Gilles Manceron, historien ; Dr Irene Fern\u00e1ndez-Molina, University of Exeter(UK); Mercedes Jim\u00e9nez , Universit\u00e9 de Barcelone.<\/p>\n","protected":false},"excerpt":{"rendered":"<p>&nbsp; Wafa Charaf est jeune militante associative et politique marocaine emprisonn\u00e9e le 27 avril 2014 \u00e0 Tanger au Nord du Maroc puis condamn\u00e9e le 11 ao\u00fbt 2014 \u00e0 un an de prison ferme et \u00e0 5000dh ( 500 euros) d\u2019amende &hellip; <a href=\"https:\/\/www.atmf.org\/?p=4752\">Continue reading <span class=\"meta-nav\">&rarr;<\/span><\/a><\/p>\n","protected":false},"author":1,"featured_media":0,"comment_status":"closed","ping_status":"closed","sticky":false,"template":"","format":"standard","meta":{"ngg_post_thumbnail":0,"_monsterinsights_skip_tracking":false,"_monsterinsights_sitenote_active":false,"_monsterinsights_sitenote_note":"","_monsterinsights_sitenote_category":0,"footnotes":""},"categories":[79],"tags":[],"class_list":["post-4752","post","type-post","status-publish","format-standard","hentry","category-maghreb"],"_links":{"self":[{"href":"https:\/\/www.atmf.org\/index.php?rest_route=\/wp\/v2\/posts\/4752","targetHints":{"allow":["GET"]}}],"collection":[{"href":"https:\/\/www.atmf.org\/index.php?rest_route=\/wp\/v2\/posts"}],"about":[{"href":"https:\/\/www.atmf.org\/index.php?rest_route=\/wp\/v2\/types\/post"}],"author":[{"embeddable":true,"href":"https:\/\/www.atmf.org\/index.php?rest_route=\/wp\/v2\/users\/1"}],"replies":[{"embeddable":true,"href":"https:\/\/www.atmf.org\/index.php?rest_route=%2Fwp%2Fv2%2Fcomments&post=4752"}],"version-history":[{"count":1,"href":"https:\/\/www.atmf.org\/index.php?rest_route=\/wp\/v2\/posts\/4752\/revisions"}],"predecessor-version":[{"id":4754,"href":"https:\/\/www.atmf.org\/index.php?rest_route=\/wp\/v2\/posts\/4752\/revisions\/4754"}],"wp:attachment":[{"href":"https:\/\/www.atmf.org\/index.php?rest_route=%2Fwp%2Fv2%2Fmedia&parent=4752"}],"wp:term":[{"taxonomy":"category","embeddable":true,"href":"https:\/\/www.atmf.org\/index.php?rest_route=%2Fwp%2Fv2%2Fcategories&post=4752"},{"taxonomy":"post_tag","embeddable":true,"href":"https:\/\/www.atmf.org\/index.php?rest_route=%2Fwp%2Fv2%2Ftags&post=4752"}],"curies":[{"name":"wp","href":"https:\/\/api.w.org\/{rel}","templated":true}]}}