{"id":4792,"date":"2016-02-16T10:57:06","date_gmt":"2016-02-16T09:57:06","guid":{"rendered":"http:\/\/www.atmf.org\/?p=4792"},"modified":"2016-02-17T10:54:36","modified_gmt":"2016-02-17T09:54:36","slug":"solidarite-avec-les-contestations-du-peuple-marocain-et-a-loccasion-du-5eme-anniversaire-du-mouvement-du-20-fevrier","status":"publish","type":"post","link":"https:\/\/www.atmf.org\/?p=4792","title":{"rendered":"Solidarit\u00e9 avec les contestations du peuple marocain Et \u00e0 l\u2019occasion du 5\u00e8me anniversaire du mouvement du 20 f\u00e9vrier"},"content":{"rendered":"<p><a href=\"http:\/\/www.atmf.org\/wp-content\/uploads\/2016\/02\/20F1.jpg\"><img loading=\"lazy\" decoding=\"async\" class=\"aligncenter size-medium wp-image-4795\" src=\"http:\/\/www.atmf.org\/wp-content\/uploads\/2016\/02\/20F1-300x217.jpg\" alt=\"20F\" width=\"300\" height=\"217\" data-wp-pid=\"4795\" srcset=\"https:\/\/www.atmf.org\/wp-content\/uploads\/2016\/02\/20F1-300x217.jpg 300w, https:\/\/www.atmf.org\/wp-content\/uploads\/2016\/02\/20F1.jpg 402w\" sizes=\"auto, (max-width: 300px) 100vw, 300px\" \/><\/a>Face \u00e0 la pr\u00e9dation \u00e9conomique et \u00e0 l\u2019explosion des in\u00e9galit\u00e9s sociales, les marocain(e)s se soul\u00e8vent encore, 5 ans apr\u00e8s la naissance de ce mouvement en scandant les m\u00eames revendications. En effet, les villes du Nord ont connu un soul\u00e8vement populaire avec l\u2019un des slogans du mouvement du 20 f\u00e9vrier : \u00ab Amendis d\u00e9gage ! \u00bb, les \u00e9tudiants en m\u00e9decine ont pacifiquement manifest\u00e9 pour leur droits l\u00e9gitimes, les habitants des r\u00e9gions les plus marginalis\u00e9es du Maroc \u00e0 l\u2019image d\u2019Imider, de Bouarfa, du Rif\u2026etc. continuent leur lutte contre les politiques d\u2019exclusion et d\u2019appauvrissement, les enseignants stagiaires poursuivent depuis plusieurs mois leur lutte contre les r\u00e9formes gouvernementales et pour la d\u00e9fense de l\u2019enseignement public. C\u2019est une large frange de la population qui fait entendre sa voix et ce malgr\u00e9 la r\u00e9pression sauvage dont elle est victime.<\/p>\n<p>&nbsp;<\/p>\n<p>Les indicateurs \u00e9conomiques et les rapports nationaux et internationaux refl\u00e8tent cette situation alarmante que vivent les Marocain(e)s. En 2014, l\u2019Unesco a class\u00e9 le syst\u00e8me \u00e9ducatif marocain parmi les \u00ab 21 pires syst\u00e8mes \u00e9ducatifs\u00bb au monde. En 2015, le rapport du PNUD sur le d\u00e9veloppement humain a plac\u00e9 le pays \u00e0 la 126\u00e8me position (sur 188 pays analys\u00e9s). Les rapports de l\u2019Organisation International du Travail, d\u2019Amnesty, de Transparency, de Reporters Sans Fronti\u00e8res, de Human Rights Watch, de l\u2019AMDH, de l\u2019ASDHOM\u2026 n\u2019\u00e9chappent pas \u00e0 cette tendance.<\/p>\n<p>Menaces, tabassages, prisons ou tortures, sont le lot quotidien des militant(e)s et des marocain(e)s libres qui luttent chaque jour pour un Maroc meilleur. On r\u00e9prime les organisations des droits humains, on mus\u00e8le les journalistes, mais on honore les pr\u00e9sum\u00e9s tortionnaires. L\u2019un d\u2019entre eux, Abdellatif HAMMOUCHI, a \u00e9t\u00e9 promu \u00e0 la l\u00e9gion d\u2019honneur par le Ministre de l\u2019Int\u00e9rieur fran\u00e7ais en 2014 malgr\u00e9 les plaintes en cours. Ce triste \u00e9v\u00e9nement marque ainsi un nouvel \u00e9pisode du soutien de l\u2019\u00e9tat fran\u00e7ais au r\u00e9gime marocain.<\/p>\n<p>&nbsp;<\/p>\n<p>Le mouvement marocain du 20 f\u00e9vrier a ouvert une br\u00e8che pour un r\u00e9el changement et un avenir meilleur pour tou(te)s les marocain(e)s. Il reste l\u2019un des points d\u2019appui pour amplifier la r\u00e9sistance face \u00e0 la pr\u00e9dation \u00e9conomique et la politique r\u00e9pressive du pouvoir en place.<\/p>\n<p>\u00c0 travers cet appel, les organisations signataires accompagn\u00e9es de toutes les personnes voulant exprimer leur solidarit\u00e9 avec les luttes du peuple marocain appellent \u00e0 manifester pour :<\/p>\n<p><strong>\u00a0<\/strong><\/p>\n<p style=\"text-align: center;\"><strong>La libert\u00e9, l\u2019\u00e9galit\u00e9, la dignit\u00e9 et la justice sociale<\/strong><\/p>\n<p style=\"text-align: center;\"><span style=\"color: #0000ff;\"><strong>Rendez-vous, le samedi 20 f\u00e9vrier 2016 \u00e0 15h<\/strong><\/span><\/p>\n<p style=\"text-align: center;\"><span style=\"color: #0000ff;\"><strong>Devant l\u2019ambassade du Maroc \u00e0 Paris<\/strong><\/span><\/p>\n<p style=\"text-align: center;\"><span style=\"color: #0000ff;\"><strong>(5 Rue le Tass\u00e9, Paris, M\u00e9tro 6 ou 9, station Trocad\u00e9ro).<\/strong><\/span><\/p>\n<p><strong>\u00a0<\/strong><\/p>\n<p><strong>Premiers signataires : <\/strong>Mouvement du 20 F\u00e9vrier Paris\/IDF, Association Marocaine des Droits Humains Paris\/IDF (AMDH Paris\/IDF), Association des Travailleurs Maghr\u00e9bins de France (ATMF), Collectif des Amazighs de France pour le Changement D\u00e9mocratique au Maroc, Taharour Dimocrati \/Emancipation d\u00e9mocratique, Association des Marocains en France (AMF), La Voie D\u00e9mocratique Paris (Annahj-Paris), Le Nouveau Parti Anticapitaliste (NPA), Association Marocaine des Droits Humains Nord\/France (AMDH Nord\/France) \u2026<\/p>\n<p><a href=\"http:\/\/www.atmf.org\/wp-content\/uploads\/2016\/02\/Appel-\u00e0-manifester-\u00e0-Paris-En-solidarit\u00e9-avec-les-contestations-du-peuple-marocain.pdf\">Appel \u00e0 manifester \u00e0 Paris En solidarit\u00e9 avec les contestations du peuple marocain<\/a><\/p>\n","protected":false},"excerpt":{"rendered":"<p>Face \u00e0 la pr\u00e9dation \u00e9conomique et \u00e0 l\u2019explosion des in\u00e9galit\u00e9s sociales, les marocain(e)s se soul\u00e8vent encore, 5 ans apr\u00e8s la naissance de ce mouvement en scandant les m\u00eames revendications. En effet, les villes du Nord ont connu un soul\u00e8vement populaire &hellip; <a href=\"https:\/\/www.atmf.org\/?p=4792\">Continue reading <span class=\"meta-nav\">&rarr;<\/span><\/a><\/p>\n","protected":false},"author":1,"featured_media":4794,"comment_status":"closed","ping_status":"closed","sticky":false,"template":"","format":"standard","meta":{"ngg_post_thumbnail":0,"_monsterinsights_skip_tracking":false,"_monsterinsights_sitenote_active":false,"_monsterinsights_sitenote_note":"","_monsterinsights_sitenote_category":0,"footnotes":""},"categories":[79,5],"tags":[126,128,127],"class_list":["post-4792","post","type-post","status-publish","format-standard","has-post-thumbnail","hentry","category-maghreb","category-solidarite-internationale","tag-maroc","tag-mouvement-marocain-du-20-fevrier","tag-repression"],"_links":{"self":[{"href":"https:\/\/www.atmf.org\/index.php?rest_route=\/wp\/v2\/posts\/4792","targetHints":{"allow":["GET"]}}],"collection":[{"href":"https:\/\/www.atmf.org\/index.php?rest_route=\/wp\/v2\/posts"}],"about":[{"href":"https:\/\/www.atmf.org\/index.php?rest_route=\/wp\/v2\/types\/post"}],"author":[{"embeddable":true,"href":"https:\/\/www.atmf.org\/index.php?rest_route=\/wp\/v2\/users\/1"}],"replies":[{"embeddable":true,"href":"https:\/\/www.atmf.org\/index.php?rest_route=%2Fwp%2Fv2%2Fcomments&post=4792"}],"version-history":[{"count":3,"href":"https:\/\/www.atmf.org\/index.php?rest_route=\/wp\/v2\/posts\/4792\/revisions"}],"predecessor-version":[{"id":4803,"href":"https:\/\/www.atmf.org\/index.php?rest_route=\/wp\/v2\/posts\/4792\/revisions\/4803"}],"wp:featuredmedia":[{"embeddable":true,"href":"https:\/\/www.atmf.org\/index.php?rest_route=\/wp\/v2\/media\/4794"}],"wp:attachment":[{"href":"https:\/\/www.atmf.org\/index.php?rest_route=%2Fwp%2Fv2%2Fmedia&parent=4792"}],"wp:term":[{"taxonomy":"category","embeddable":true,"href":"https:\/\/www.atmf.org\/index.php?rest_route=%2Fwp%2Fv2%2Fcategories&post=4792"},{"taxonomy":"post_tag","embeddable":true,"href":"https:\/\/www.atmf.org\/index.php?rest_route=%2Fwp%2Fv2%2Ftags&post=4792"}],"curies":[{"name":"wp","href":"https:\/\/api.w.org\/{rel}","templated":true}]}}