{"id":4882,"date":"2016-03-16T08:04:01","date_gmt":"2016-03-16T07:04:01","guid":{"rendered":"http:\/\/www.atmf.org\/?p=4882"},"modified":"2016-03-16T08:12:41","modified_gmt":"2016-03-16T07:12:41","slug":"journee-internationale-des-luttes-pour-les-droits-des-femmes","status":"publish","type":"post","link":"https:\/\/www.atmf.org\/?p=4882","title":{"rendered":"Journ\u00e9e internationale des luttes pour les droits des femmes"},"content":{"rendered":"<div id=\"yiv6768041671yui_3_16_0_1_1457434525480_4763\" style=\"text-align: left;\" align=\"center\"><b id=\"yiv6768041671yui_3_16_0_1_1457434525480_5385\"><span id=\"yiv6768041671yui_3_16_0_1_1457434525480_5384\">A l\u2019occasion de la journ\u00e9e internationale des luttes pour les droits des femmes,<span id=\"yiv6768041671yui_3_16_0_1_1457434525480_2759\">\u00a0<\/span><\/span><\/b><\/div>\n<div id=\"yiv6768041671yui_3_16_0_1_1457434525480_2941\" style=\"text-align: left;\" align=\"center\"><b id=\"yiv6768041671yui_3_16_0_1_1457546850822_9307\"><span id=\"yiv6768041671yui_3_16_0_1_1457546850822_9309\"><span id=\"yiv6768041671yui_3_16_0_1_1457546850822_9311\"><\/span><span id=\"yiv6768041671yui_3_16_0_1_1457434525480_2762\">\u00a0\u00a0\u00a0<\/span><\/span><\/b><b id=\"yiv6768041671yui_3_16_0_1_1457434525480_2763\"><i id=\"yiv6768041671yui_3_16_0_1_1457434525480_2764\"><span id=\"yiv6768041671yui_3_16_0_1_1457434525480_2765\">L\u2019espace<span id=\"yiv6768041671yui_3_16_0_1_1457434525480_2766\">\u00a0 <\/span>Femmes Citoyennes de l\u2019ATMF<\/span><\/i><\/b><\/div>\n<div id=\"yiv6768041671yui_3_16_0_1_1457434525480_2767\" style=\"text-align: left;\" align=\"center\"><\/div>\n<div id=\"yiv6768041671yui_3_16_0_1_1457434525480_2769\" style=\"text-align: left;\" align=\"center\"><b id=\"yiv6768041671yui_3_16_0_1_1457434525480_2770\"><span id=\"yiv6768041671yui_3_16_0_1_1457434525480_2771\"><span id=\"yiv6768041671yui_3_16_0_1_1457434525480_2772\">\u00a0\u00a0\u00a0\u00a0\u00a0\u00a0\u00a0\u00a0\u00a0\u00a0\u00a0\u00a0\u00a0\u00a0\u00a0\u00a0\u00a0\u00a0\u00a0\u00a0\u00a0<\/span><\/span><\/b><span id=\"yiv6768041671yui_3_16_0_1_1457434525480_2771\"><span id=\"yiv6768041671yui_3_16_0_1_1457434525480_2772\"> <\/span><\/span><strong><span id=\"yiv6768041671yui_3_16_0_1_1457434525480_2771\">Rend hommage aux<span id=\"yiv6768041671yui_3_16_0_1_1457434525480_2773\">\u00a0 <\/span>femmes migrantes<span id=\"yiv6768041671yui_3_16_0_1_1457434525480_2774\">\u00a0<\/span><\/span><\/strong><\/div>\n<div style=\"text-align: left;\" align=\"center\"><\/div>\n<div style=\"text-align: left;\" align=\"center\"><\/div>\n<div style=\"text-align: left;\" align=\"center\"><\/div>\n<div id=\"yiv6768041671yui_3_16_0_1_1457434525480_2775\">\n<div id=\"yiv6768041671yui_3_16_0_1_1457434525480_2894\" style=\"text-align: center;\"><span id=\"yiv6768041671yui_3_16_0_1_1457434525480_2895\">\u00a0<\/span><strong><span id=\"yiv6768041671yui_3_16_0_1_1457434525480_2793\">Le 25 mars \u00e0 14h<\/span><\/strong><\/div>\n<div id=\"yiv6768041671yui_3_16_0_1_1457434525480_2896\">\n<p style=\"text-align: center;\"><strong><span id=\"yiv6768041671yui_3_16_0_1_1457434525480_2796\">\u00e0 L\u2019espace Nelson Mand\u00e9la<\/span><\/strong><\/p>\n<p style=\"text-align: center;\"><strong><span id=\"yiv6768041671yui_3_16_0_1_1457434525480_2799\">Au 82 BD du G\u00e9n\u00e9ral Leclerc<span id=\"yiv6768041671yui_3_16_0_1_1457434525480_2800\">\u00a0 <\/span>Argenteuil 95100<\/span><\/strong><\/p>\n<\/div>\n<div id=\"yiv6768041671yui_3_16_0_1_1457434525480_2898\"><span id=\"yiv6768041671yui_3_16_0_1_1457434525480_2899\">\u00a0<\/span><\/div>\n<div id=\"yiv6768041671yui_3_16_0_1_1457434525480_2900\">\u00a0<span id=\"yiv6768041671yui_3_16_0_1_1457434525480_2903\">\u00a0<\/span><\/div>\n<div id=\"yiv6768041671yui_3_16_0_1_1457434525480_2904\"><\/div>\n<div id=\"yiv6768041671yui_3_16_0_1_1457434525480_2906\"><span id=\"yiv6768041671yui_3_16_0_1_1457434525480_2907\">\u00a0<b id=\"yiv6768041671yui_3_16_0_1_1457434525480_2819\"><span id=\"yiv6768041671yui_3_16_0_1_1457434525480_2820\">Au programme\u00a0:<\/span><\/b><\/span><\/div>\n<div id=\"yiv6768041671yui_3_16_0_1_1457434525480_2910\"><span id=\"yiv6768041671yui_3_16_0_1_1457434525480_2911\">\u00a0<\/span><\/div>\n<\/div>\n<div id=\"yiv6768041671yui_3_16_0_1_1457434525480_2822\"><\/div>\n<div id=\"yiv6768041671yui_3_16_0_1_1457434525480_2824\"><span id=\"yiv6768041671yui_3_16_0_1_1457434525480_2826\"><strong>14h<\/strong> : Accueil<\/span><\/div>\n<div id=\"yiv6768041671yui_3_16_0_1_1457434525480_2827\"><\/div>\n<div id=\"yiv6768041671yui_3_16_0_1_1457434525480_2829\"><strong><span id=\"yiv6768041671yui_3_16_0_1_1457434525480_2831\">14h30<\/span><\/strong><span id=\"yiv6768041671yui_3_16_0_1_1457434525480_2831\"> : Film documentaire<\/span><\/div>\n<div id=\"yiv6768041671yui_3_16_0_1_1457434525480_2832\"><\/div>\n<div id=\"yiv6768041671yui_3_16_0_1_1457434525480_2834\"><strong><span id=\"yiv6768041671yui_3_16_0_1_1457434525480_2836\">15h15<\/span><\/strong><span id=\"yiv6768041671yui_3_16_0_1_1457434525480_2836\"> : Interventions:<\/span><\/div>\n<div id=\"yiv6768041671yui_3_16_0_1_1457434525480_2837\"><\/div>\n<div><\/div>\n<div id=\"yiv6768041671yui_3_16_0_1_1457434525480_2839\"><span id=\"yiv6768041671yui_3_16_0_1_1457434525480_2840\">3 sujets de discussions seront amorc\u00e9s les intervenantes\u00a0:<\/span><\/div>\n<div id=\"yiv6768041671yui_3_16_0_1_1457434525480_2844\"><span id=\"yiv6768041671yui_3_16_0_1_1457434525480_2845\">\u00a0<\/span><\/div>\n<div id=\"yiv6768041671yui_3_16_0_1_1457434525480_2848\"><span id=\"yiv6768041671yui_3_16_0_1_1457434525480_2849\">1-Une sociologue: Fatima Ouassak, Politologue, coordinatrice du R\u00e9seau Classe\/Genre\/Race, auteure de \u00ab\u00a0Discriminations Classe\/Genre\/Race, rep\u00e8res pour comprendre et agir\u00a0\u00bb paru en juin 2015.<\/span><\/div>\n<div id=\"yiv6768041671yui_3_16_0_1_1457434525480_2850\"><\/div>\n<div><\/div>\n<div id=\"yiv6768041671yui_3_16_0_1_1457434525480_2852\"><span id=\"yiv6768041671yui_3_16_0_1_1457434525480_2853\"><strong>15h45<\/strong>\u00a0: Une avocate sp\u00e9cialis\u00e9e en droit de la famille, Kamilia ABCI<\/span><\/div>\n<div id=\"yiv6768041671yui_3_16_0_1_1457434525480_2854\"><\/div>\n<div><\/div>\n<div id=\"yiv6768041671yui_3_16_0_1_1457434525480_2856\"><span id=\"yiv6768041671yui_3_16_0_1_1457434525480_2857\"><strong>16h<\/strong>\u00a0: Deux <span id=\"yiv6768041671yui_3_16_0_1_1457434525480_2858\">\u00a0<\/span>femmes pour parler de leurs exp\u00e9riences,<span id=\"yiv6768041671yui_3_16_0_1_1457434525480_2859\">\u00a0 <\/span>suivis d\u2019un \u00e9change avec le public.<br id=\"yiv6768041671yui_3_16_0_1_1457434525480_2860\" clear=\"none\" \/><br id=\"yiv6768041671yui_3_16_0_1_1457434525480_2861\" clear=\"none\" \/>Th\u00e8mes qui seront abord\u00e9s par les intervenantes\u00a0:<\/span><\/div>\n<div id=\"yiv6768041671yui_3_16_0_1_1457434525480_2862\"><\/div>\n<div id=\"yiv6768041671yui_3_16_0_1_1457434525480_2864\"><span id=\"yiv6768041671yui_3_16_0_1_1457434525480_2865\">1- Discriminations: classe, genre et race <br id=\"yiv6768041671yui_3_16_0_1_1457434525480_2866\" clear=\"none\" \/>2 &#8211; Statut personnel des femmes maghr\u00e9bines en France, quel enjeu\u00a0?<br id=\"yiv6768041671yui_3_16_0_1_1457434525480_2867\" clear=\"none\" \/>3 &#8211; Egalit\u00e9 Femmes\/ Hommes entre modernit\u00e9 et tradition ?<\/span><\/div>\n<div><\/div>\n<div><\/div>\n<div id=\"yiv6768041671yui_3_16_0_1_1457434525480_2754\"><strong><span id=\"yiv6768041671yui_3_16_0_1_1457434525480_2752\">16h30<\/span><\/strong><b id=\"yiv6768041671yui_3_16_0_1_1457434525480_2753\"><span id=\"yiv6768041671yui_3_16_0_1_1457434525480_2752\">\u00a0: D\u00e9bat avec la salle<\/span><\/b><\/div>\n<div id=\"yiv6768041671yui_3_16_0_1_1457434525480_2878\"><\/div>\n<div><\/div>\n<div id=\"yiv6768041671yui_3_16_0_1_1457434525480_2884\"><\/div>\n<div id=\"yiv6768041671yui_3_16_0_1_1457434525480_2886\"><span id=\"yiv6768041671yui_3_16_0_1_1457434525480_2887\">Nous comptons sur votre pr\u00e9sence \u00e0 cette manifestation exceptionnelle qui se terminera <\/span><span id=\"yiv6768041671yui_3_16_0_1_1457434525480_2888\"><span id=\"yiv6768041671yui_3_16_0_1_1457434525480_2889\">\u00a0<\/span>autour de lectures de po\u00e8mes r\u00e9alis\u00e9s par<span id=\"yiv6768041671yui_3_16_0_1_1457434525480_2890\">\u00a0 <\/span>l\u2019atelier photo langage encadr\u00e9 par Sarah Dhorman<span id=\"yiv6768041671yui_3_16_0_1_1457434525480_2891\">\u00a0 <\/span>Pour finir le pot de l\u2019amiti\u00e9 vous sera offert par l\u2019atelier Art Culinaire.<\/span><\/div>\n<div id=\"yiv6768041671yui_3_16_0_1_1457434525480_2892\"><\/div>\n<div id=\"yiv6768041671yui_3_16_0_1_1457434525480_2894\"><span id=\"yiv6768041671yui_3_16_0_1_1457434525480_2895\">\u00a0<img loading=\"lazy\" decoding=\"async\" class=\"aligncenter wp-image-4883 size-full\" src=\"http:\/\/www.atmf.org\/wp-content\/uploads\/2016\/03\/image001.png\" alt=\"image001\" width=\"564\" height=\"800\" data-wp-pid=\"4883\" srcset=\"https:\/\/www.atmf.org\/wp-content\/uploads\/2016\/03\/image001.png 564w, https:\/\/www.atmf.org\/wp-content\/uploads\/2016\/03\/image001-212x300.png 212w\" sizes=\"auto, (max-width: 564px) 100vw, 564px\" \/><\/span><\/div>\n<div id=\"yiv6768041671yui_3_16_0_1_1457434525480_2898\"><span id=\"yiv6768041671yui_3_16_0_1_1457434525480_2899\">\u00a0<\/span><\/div>\n<div id=\"yiv6768041671yui_3_16_0_1_1457434525480_2906\"><span id=\"yiv6768041671yui_3_16_0_1_1457434525480_2907\">\u00a0<\/span><\/div>\n<div id=\"yiv6768041671yui_3_16_0_1_1457434525480_2908\"><\/div>\n<div id=\"yiv6768041671yui_3_16_0_1_1457434525480_2910\"><span id=\"yiv6768041671yui_3_16_0_1_1457434525480_2911\">\u00a0<\/span><\/div>\n<div id=\"yiv6768041671yui_3_16_0_1_1457434525480_2912\">\u00a0&#8212;&#8212;<\/div>\n<div id=\"yiv6768041671yui_3_16_0_1_1457434525480_2914\"><b id=\"yiv6768041671yui_3_16_0_1_1457434525480_2915\"><span id=\"yiv6768041671yui_3_16_0_1_1457434525480_2916\"><span id=\"yiv6768041671yui_3_16_0_1_1457434525480_2917\" style=\"font-size: medium;\">Association des Travailleurs Maghr\u00e9bins de France. 26 Bd G. Leclerc 95100 Argenteuil<\/span><\/span><\/b><span id=\"yiv6768041671yui_3_16_0_1_1457434525480_2918\">.<\/span><\/div>\n<div id=\"yiv6768041671yui_3_16_0_1_1457434525480_2919\"><\/div>\n<div id=\"yiv6768041671yui_3_16_0_1_1457550034947_5178\"><b id=\"yiv6768041671yui_3_16_0_1_1457434525480_2922\"><span id=\"yiv6768041671yui_3_16_0_1_1457434525480_2923\"><span id=\"yiv6768041671yui_3_16_0_1_1457434525480_2924\" style=\"font-size: medium;\">T\u00e9l\/Fax\u00a0: 01.39.80.<span id=\"yiv6768041671yui_3_16_0_1_1457434525480_2925\">\u00a0 <\/span><\/span><span id=\"yiv6768041671yui_3_16_0_1_1457434525480_2926\" style=\"font-size: medium;\">45.40 \u2013 E.mail\u00a0: <\/span><\/span><\/b><b id=\"yiv6768041671yui_3_16_0_1_1457434525480_2928\"><span id=\"yiv6768041671yui_3_16_0_1_1457434525480_2929\"><span id=\"yiv6768041671yui_3_16_0_1_1457434525480_2930\" style=\"font-size: medium;\">atmfargent@yahoo.fr<\/span><\/span><\/b><\/div>\n","protected":false},"excerpt":{"rendered":"<p>A l\u2019occasion de la journ\u00e9e internationale des luttes pour les droits des femmes,\u00a0 \u00a0\u00a0\u00a0L\u2019espace\u00a0 Femmes Citoyennes de l\u2019ATMF \u00a0\u00a0\u00a0\u00a0\u00a0\u00a0\u00a0\u00a0\u00a0\u00a0\u00a0\u00a0\u00a0\u00a0\u00a0\u00a0\u00a0\u00a0\u00a0\u00a0\u00a0 Rend hommage aux\u00a0 femmes migrantes\u00a0 \u00a0Le 25 mars \u00e0 14h \u00e0 L\u2019espace Nelson Mand\u00e9la Au 82 BD du G\u00e9n\u00e9ral Leclerc\u00a0 Argenteuil &hellip; <a href=\"https:\/\/www.atmf.org\/?p=4882\">Continue reading <span class=\"meta-nav\">&rarr;<\/span><\/a><\/p>\n","protected":false},"author":1,"featured_media":4884,"comment_status":"closed","ping_status":"closed","sticky":false,"template":"","format":"standard","meta":{"ngg_post_thumbnail":0,"_monsterinsights_skip_tracking":false,"_monsterinsights_sitenote_active":false,"_monsterinsights_sitenote_note":"","_monsterinsights_sitenote_category":0,"footnotes":""},"categories":[84,89,107],"tags":[],"class_list":["post-4882","post","type-post","status-publish","format-standard","has-post-thumbnail","hentry","category-activites-membres","category-argenteuil","category-droit-des-femmes"],"_links":{"self":[{"href":"https:\/\/www.atmf.org\/index.php?rest_route=\/wp\/v2\/posts\/4882","targetHints":{"allow":["GET"]}}],"collection":[{"href":"https:\/\/www.atmf.org\/index.php?rest_route=\/wp\/v2\/posts"}],"about":[{"href":"https:\/\/www.atmf.org\/index.php?rest_route=\/wp\/v2\/types\/post"}],"author":[{"embeddable":true,"href":"https:\/\/www.atmf.org\/index.php?rest_route=\/wp\/v2\/users\/1"}],"replies":[{"embeddable":true,"href":"https:\/\/www.atmf.org\/index.php?rest_route=%2Fwp%2Fv2%2Fcomments&post=4882"}],"version-history":[{"count":9,"href":"https:\/\/www.atmf.org\/index.php?rest_route=\/wp\/v2\/posts\/4882\/revisions"}],"predecessor-version":[{"id":4893,"href":"https:\/\/www.atmf.org\/index.php?rest_route=\/wp\/v2\/posts\/4882\/revisions\/4893"}],"wp:featuredmedia":[{"embeddable":true,"href":"https:\/\/www.atmf.org\/index.php?rest_route=\/wp\/v2\/media\/4884"}],"wp:attachment":[{"href":"https:\/\/www.atmf.org\/index.php?rest_route=%2Fwp%2Fv2%2Fmedia&parent=4882"}],"wp:term":[{"taxonomy":"category","embeddable":true,"href":"https:\/\/www.atmf.org\/index.php?rest_route=%2Fwp%2Fv2%2Fcategories&post=4882"},{"taxonomy":"post_tag","embeddable":true,"href":"https:\/\/www.atmf.org\/index.php?rest_route=%2Fwp%2Fv2%2Ftags&post=4882"}],"curies":[{"name":"wp","href":"https:\/\/api.w.org\/{rel}","templated":true}]}}