{"id":4909,"date":"2016-03-22T16:48:46","date_gmt":"2016-03-22T15:48:46","guid":{"rendered":"http:\/\/www.atmf.org\/?p=4909"},"modified":"2016-03-22T16:48:46","modified_gmt":"2016-03-22T15:48:46","slug":"solidarite-avec-les-refugie-e-s-a-calais","status":"publish","type":"post","link":"https:\/\/www.atmf.org\/?p=4909","title":{"rendered":"Solidarit\u00e9 avec les R\u00e9fugi\u00e9-e-s \u00e0 Calais"},"content":{"rendered":"<p>L&rsquo;ATMF section du Bas Rhin et le Watch The Med Alarm-Phone organisent le 25 mars 2016, un convoi depuis Strasbourg pour apporter aux r\u00e9fugi\u00e9s des biens essentiels \u00e0 leur survie.<\/p>\n<p>&nbsp;<\/p>\n<p>Voici d\u00e9j\u00e0 pour les besoins actuels \u00e0 Calais et \u00e0 Dunkerque :<\/p>\n<p><strong><u>Alimentaire<\/u><\/strong>\u00a0:<\/p>\n<p>huile \u2013 riz \u2013 sucre \u2013 conserves de poisson (thon, sardines, maquereau) \u2013 paquets de biscuits \u2013 conserves (tomates, pois chiches, haricots) \u2013 th\u00e9 et caf\u00e9 \u2013 sel \u2013 conserves de fruits et l\u00e9gumes &#8211; l\u00e9gumes cubes de bouillon \u2013 lait UHT..<\/p>\n<p><strong><u>DIVERS<\/u><\/strong> :<\/p>\n<p>Couvertures \u2013 sacs de couchage \u2013 tentes (3 places et plus) \u2013 b\u00e2ches \u2013 tapis de camp \u2013 bois de chauffage \u2013 extincteurs \u2013 torches et lanternes solaires \u2013 Chaussettes et sous-v\u00eatements &#8211; chapeaux, gants et foulards \u2013 parapluies<\/p>\n<p><strong><u>Produits hygi\u00e9niques<\/u><\/strong>\u00a0:<\/p>\n<p>d\u00e9odorant \u2013 lingettes pour\u00a0b\u00e9b\u00e9s \u2013 shampooing \u2013 cr\u00e8me \u00e0 raser \u2013 mouchoirs &#8211; papier toilette<\/p>\n<p><strong><u>FEMMES<\/u><\/strong> :<\/p>\n<p>Bottes \/ chaussures jusqu\u2019au 39. Pas de talons ! Soutien-gorge (petite taille), manteaux et pantalons chauds et imperm\u00e9ables, hauts manches longues, pulls et sweats (S et M)<\/p>\n<p><strong><u>HOMMES<\/u><\/strong> :<\/p>\n<p>Manteaux et pantalons chauds et imperm\u00e9ables (tailles S et M principalement), chaussures de marche imperm\u00e9ables (taille 42 et 43 principalement), tops \u00e0 manches longues, pulls et sweats (S)<\/p>\n<p>(Le stock concernant les v\u00eatements hors mentionn\u00e9s ci-dessus est suffisamment approvisionn\u00e9, merci de ne pas en apporter)<\/p>\n<p>&nbsp;<\/p>\n<p>L\u2019argent collect\u00e9 servira \u00e0 acheter :<\/p>\n<p>&#8211; Du mat\u00e9riel pour le camp : grandes tentes et b\u00e2ches<\/p>\n<p>&#8211; Des kits pour la construction d\u2019un local de stockage dans le camp.<\/p>\n<p>L&rsquo;argent collect\u00e9 ira enti\u00e8rement aux migrants ! Les frais pour le ou les aller-retour(s) seront \u00e0 notre charge.<\/p>\n<p style=\"text-align: center;\">\u00a0<strong>Op\u00e9ration Grande collecte pour les refugi\u00e9es. A d\u00e9poser au local de l&rsquo;ATMF section du Bas Rhin <\/strong><\/p>\n<p style=\"text-align: center;\"><strong>44 Rue de Schirmeck 67200 Strasbourg.<\/strong><\/p>\n<p>&nbsp;<\/p>\n<p>Les permanences :<\/p>\n<ul>\n<li>Mardi : de 18h30 \u00e0 20h30<\/li>\n<li>Dimanche : de 17h \u00e019h<\/li>\n<\/ul>\n<p>Votre soutien nous est essentiel.<\/p>\n<p>N&rsquo;h\u00e9sitez pas \u00e0 nous contacter soit\u00a0:<\/p>\n<ul>\n<li>Par mail\u00a0: <a href=\"mailto:atmf.strasbourg@gmail.com\">strasbourg@gmail.com<\/a><\/li>\n<li>Par t\u00e9l\u00e9phone\u00a0:<\/li>\n<\/ul>\n<p>Mehdi: 06 58 03 37 51 || Audr\u00e9: 06 87 11 91 21 || MK: 06 18 58 82 38 || Hatem: 06 70 54 45 21<\/p>\n<p>&nbsp;<\/p>\n<p>Mais surtout &#8211; Partagez, Aimez, Faites Suivre !<\/p>\n<p>\u00c9v\u00e9nement sur Facebook\u00a0: https:\/\/www.facebook.com\/events\/1543423502639610\/<\/p>\n<p>&nbsp;<\/p>\n<p><img loading=\"lazy\" decoding=\"async\" class=\"aligncenter wp-image-4911 size-full\" src=\"http:\/\/www.atmf.org\/wp-content\/uploads\/2016\/03\/convoi-25-03-2016.jpg\" alt=\"convoi 25 03 2016\" width=\"794\" height=\"1123\" data-wp-pid=\"4911\" srcset=\"https:\/\/www.atmf.org\/wp-content\/uploads\/2016\/03\/convoi-25-03-2016.jpg 794w, https:\/\/www.atmf.org\/wp-content\/uploads\/2016\/03\/convoi-25-03-2016-212x300.jpg 212w, https:\/\/www.atmf.org\/wp-content\/uploads\/2016\/03\/convoi-25-03-2016-768x1086.jpg 768w, https:\/\/www.atmf.org\/wp-content\/uploads\/2016\/03\/convoi-25-03-2016-724x1024.jpg 724w\" sizes=\"auto, (max-width: 794px) 100vw, 794px\" \/><\/p>\n","protected":false},"excerpt":{"rendered":"<p>L&rsquo;ATMF section du Bas Rhin et le Watch The Med Alarm-Phone organisent le 25 mars 2016, un convoi depuis Strasbourg pour apporter aux r\u00e9fugi\u00e9s des biens essentiels \u00e0 leur survie. &nbsp; Voici d\u00e9j\u00e0 pour les besoins actuels \u00e0 Calais et &hellip; <a href=\"https:\/\/www.atmf.org\/?p=4909\">Continue reading <span class=\"meta-nav\">&rarr;<\/span><\/a><\/p>\n","protected":false},"author":1,"featured_media":4910,"comment_status":"closed","ping_status":"closed","sticky":false,"template":"","format":"standard","meta":{"ngg_post_thumbnail":0,"_monsterinsights_skip_tracking":false,"_monsterinsights_sitenote_active":false,"_monsterinsights_sitenote_note":"","_monsterinsights_sitenote_category":0,"footnotes":""},"categories":[1],"tags":[130,189,132,190],"class_list":["post-4909","post","type-post","status-publish","format-standard","has-post-thumbnail","hentry","category-non-classe","tag-calais","tag-dunkerque","tag-migrants","tag-refugie-e-s"],"_links":{"self":[{"href":"https:\/\/www.atmf.org\/index.php?rest_route=\/wp\/v2\/posts\/4909","targetHints":{"allow":["GET"]}}],"collection":[{"href":"https:\/\/www.atmf.org\/index.php?rest_route=\/wp\/v2\/posts"}],"about":[{"href":"https:\/\/www.atmf.org\/index.php?rest_route=\/wp\/v2\/types\/post"}],"author":[{"embeddable":true,"href":"https:\/\/www.atmf.org\/index.php?rest_route=\/wp\/v2\/users\/1"}],"replies":[{"embeddable":true,"href":"https:\/\/www.atmf.org\/index.php?rest_route=%2Fwp%2Fv2%2Fcomments&post=4909"}],"version-history":[{"count":1,"href":"https:\/\/www.atmf.org\/index.php?rest_route=\/wp\/v2\/posts\/4909\/revisions"}],"predecessor-version":[{"id":4912,"href":"https:\/\/www.atmf.org\/index.php?rest_route=\/wp\/v2\/posts\/4909\/revisions\/4912"}],"wp:featuredmedia":[{"embeddable":true,"href":"https:\/\/www.atmf.org\/index.php?rest_route=\/wp\/v2\/media\/4910"}],"wp:attachment":[{"href":"https:\/\/www.atmf.org\/index.php?rest_route=%2Fwp%2Fv2%2Fmedia&parent=4909"}],"wp:term":[{"taxonomy":"category","embeddable":true,"href":"https:\/\/www.atmf.org\/index.php?rest_route=%2Fwp%2Fv2%2Fcategories&post=4909"},{"taxonomy":"post_tag","embeddable":true,"href":"https:\/\/www.atmf.org\/index.php?rest_route=%2Fwp%2Fv2%2Ftags&post=4909"}],"curies":[{"name":"wp","href":"https:\/\/api.w.org\/{rel}","templated":true}]}}