{"id":5033,"date":"2016-06-02T10:01:07","date_gmt":"2016-06-02T08:01:07","guid":{"rendered":"http:\/\/www.atmf.org\/?p=5033"},"modified":"2016-06-02T10:01:07","modified_gmt":"2016-06-02T08:01:07","slug":"hommage-aux-luttes-hommage-aux-resistances","status":"publish","type":"post","link":"https:\/\/www.atmf.org\/?p=5033","title":{"rendered":"Hommage aux luttes, hommage aux r\u00e9sistances !"},"content":{"rendered":"<p>L\u2019ATMF salue avec respect le mouvement social d\u2019envergure massive et populaire, exemplairement d\u00e9termin\u00e9 avec ses organisations syndicales CGT- FO- Solidaires- FSU- UNEF-FILD, cons\u00e9quentes et responsables, qui ont fait le choix de la dignit\u00e9 et de l\u2019honneur.<\/p>\n<p>C\u2019est aussi avec fiert\u00e9 que nous nous retrouvons avec la jeunesse en g\u00e9n\u00e9ral, la jeunesse mobilis\u00e9e partout en France de \u00ab\u00a0Nuit Debout\u00a0\u00bb, la jeunesse des cit\u00e9s et des banlieues qui d\u00e9couvrent que l\u2019espoir, un autre sens historique, le droit \u00e0 une vie digne sont possibles.<\/p>\n<p>Dans ce combat port\u00e9 par les salari\u00e9s en premi\u00e8re ligne et tr\u00e8s majoritairement soutenu par une grande partie du peuple fran\u00e7ais, nous ne pouvons que le faire notre et le soutenir.<\/p>\n<p>Ce mouvement social vient conforter la l\u00e9gitimit\u00e9 des utopies pratiques, sans lesquelles aucun progr\u00e8s n\u2019est possible ni m\u00eame envisageable.<\/p>\n<p>Devant le r\u00eave du MEDF ainsi r\u00e9alis\u00e9 par un gouvernement \u00e9lu pour \u00eatre un &lt;&lt;peu&gt;&gt; socialiste dans la gestion du capitalisme des &lt;&lt; maitres du monde &gt;&gt; de Davos, devant l\u2019autoritarisme simplement inacceptable, la d\u00e9cision de recourir au 49.3 ne fera que cristalliser encore plus le rejet d\u2019un projet de loi sur la d\u00e9molition des acquis du code du travail auquel les gouvernements droite r\u00e9fl\u00e9chissaient depuis longtemps sans oser s\u2019y attaquer.<\/p>\n<p>Dans tous les cas, quelques soient les issues de ce conflit historique, et avec tous ceux qui nous ont restitu\u00e9 l\u2019essentiel de notre fiert\u00e9 et ouvert des exemples de voies d\u2019avenir possibles et praticables aux g\u00e9n\u00e9rations \u00e0 venir, nous affirmons que dans notre esprit et dans notre existence sociale, nous avons d\u00e9j\u00e0 gagn\u00e9. Cumul\u00e9 \u00e0 d\u2019autres luttes en Europe et \u00e0 travers le monde, nous pouvons r\u00e9affirmer qu\u2019un &lt;&lt; autre monde est possible &gt;&gt;, dans la r\u00e9alit\u00e9 en devenir.<\/p>\n<p>Il y aura d\u00e9sormais un avant et un apr\u00e8s projet loi travail dit &lt;&lt;El Khomri&gt;&gt;.<\/p>\n<p>Quelque chose d&rsquo;essentielle vient de se casser et peut-\u00eatre de fa\u00e7on irr\u00e9m\u00e9diable.<\/p>\n<p>Les m\u00e9moires des peuples se nourrissent et se d\u00e9veloppent de pens\u00e9es et d\u2019actions qui, m\u00eame anesth\u00e9si\u00e9es de force, restent toujours vivantes et fertiles-m\u00eame devant le pire.<\/p>\n<p>&nbsp;<\/p>\n<p>A Paris, le 1<sup>er<\/sup> juin 2016<\/p>\n<p>&nbsp;<\/p>\n<p><a href=\"http:\/\/www.atmf.org\/wp-content\/uploads\/2016\/06\/ATMF-Hommage-aux-luttes-hommage-aux-r\u00e9sistances.pdf\" rel=\"\">ATMF &#8211; Hommage aux luttes hommage aux r\u00e9sistances<\/a><\/p>\n<p>&nbsp;<\/p>\n<p><img loading=\"lazy\" decoding=\"async\" class=\"aligncenter wp-image-5035 size-full\" src=\"http:\/\/www.atmf.org\/wp-content\/uploads\/2016\/06\/ATMF-Hommage-aux-luttes-hommage-aux-r\u00e9sistances.jpg\" alt=\"ATMF - Hommage aux luttes hommage aux r\u00e9sistances\" width=\"1240\" height=\"1754\" data-wp-pid=\"5035\" srcset=\"https:\/\/www.atmf.org\/wp-content\/uploads\/2016\/06\/ATMF-Hommage-aux-luttes-hommage-aux-r\u00e9sistances.jpg 1240w, https:\/\/www.atmf.org\/wp-content\/uploads\/2016\/06\/ATMF-Hommage-aux-luttes-hommage-aux-r\u00e9sistances-212x300.jpg 212w, https:\/\/www.atmf.org\/wp-content\/uploads\/2016\/06\/ATMF-Hommage-aux-luttes-hommage-aux-r\u00e9sistances-768x1086.jpg 768w, https:\/\/www.atmf.org\/wp-content\/uploads\/2016\/06\/ATMF-Hommage-aux-luttes-hommage-aux-r\u00e9sistances-724x1024.jpg 724w, https:\/\/www.atmf.org\/wp-content\/uploads\/2016\/06\/ATMF-Hommage-aux-luttes-hommage-aux-r\u00e9sistances-800x1132.jpg 800w\" sizes=\"auto, (max-width: 1240px) 100vw, 1240px\" \/><\/p>\n","protected":false},"excerpt":{"rendered":"<p>L\u2019ATMF salue avec respect le mouvement social d\u2019envergure massive et populaire, exemplairement d\u00e9termin\u00e9 avec ses organisations syndicales CGT- FO- Solidaires- FSU- UNEF-FILD, cons\u00e9quentes et responsables, qui ont fait le choix de la dignit\u00e9 et de l\u2019honneur. C\u2019est aussi avec fiert\u00e9 &hellip; <a href=\"https:\/\/www.atmf.org\/?p=5033\">Continue reading <span class=\"meta-nav\">&rarr;<\/span><\/a><\/p>\n","protected":false},"author":1,"featured_media":0,"comment_status":"closed","ping_status":"closed","sticky":false,"template":"","format":"standard","meta":{"ngg_post_thumbnail":0,"_monsterinsights_skip_tracking":false,"_monsterinsights_sitenote_active":false,"_monsterinsights_sitenote_note":"","_monsterinsights_sitenote_category":0,"footnotes":""},"categories":[82],"tags":[207,205,206,204,201,203,202],"class_list":["post-5033","post","type-post","status-publish","format-standard","hentry","category-communiques","tag-banlieues","tag-el-khomri","tag-jeunnes","tag-loi-travail","tag-luttes","tag-nuit-debout","tag-resistances"],"_links":{"self":[{"href":"https:\/\/www.atmf.org\/index.php?rest_route=\/wp\/v2\/posts\/5033","targetHints":{"allow":["GET"]}}],"collection":[{"href":"https:\/\/www.atmf.org\/index.php?rest_route=\/wp\/v2\/posts"}],"about":[{"href":"https:\/\/www.atmf.org\/index.php?rest_route=\/wp\/v2\/types\/post"}],"author":[{"embeddable":true,"href":"https:\/\/www.atmf.org\/index.php?rest_route=\/wp\/v2\/users\/1"}],"replies":[{"embeddable":true,"href":"https:\/\/www.atmf.org\/index.php?rest_route=%2Fwp%2Fv2%2Fcomments&post=5033"}],"version-history":[{"count":1,"href":"https:\/\/www.atmf.org\/index.php?rest_route=\/wp\/v2\/posts\/5033\/revisions"}],"predecessor-version":[{"id":5036,"href":"https:\/\/www.atmf.org\/index.php?rest_route=\/wp\/v2\/posts\/5033\/revisions\/5036"}],"wp:attachment":[{"href":"https:\/\/www.atmf.org\/index.php?rest_route=%2Fwp%2Fv2%2Fmedia&parent=5033"}],"wp:term":[{"taxonomy":"category","embeddable":true,"href":"https:\/\/www.atmf.org\/index.php?rest_route=%2Fwp%2Fv2%2Fcategories&post=5033"},{"taxonomy":"post_tag","embeddable":true,"href":"https:\/\/www.atmf.org\/index.php?rest_route=%2Fwp%2Fv2%2Ftags&post=5033"}],"curies":[{"name":"wp","href":"https:\/\/api.w.org\/{rel}","templated":true}]}}