{"id":5062,"date":"2016-06-17T15:34:02","date_gmt":"2016-06-17T13:34:02","guid":{"rendered":"http:\/\/www.atmf.org\/?p=5062"},"modified":"2016-06-17T15:34:02","modified_gmt":"2016-06-17T13:34:02","slug":"iftar-repas-solidaire","status":"publish","type":"post","link":"https:\/\/www.atmf.org\/?p=5062","title":{"rendered":"\u00ab IFTAR \u00bb   REPAS SOLIDAIRE"},"content":{"rendered":"<p>Comme chaque ann\u00e9e \u00e0 l&rsquo;occasion du mois de ramadan, mois de partage et de solidarit\u00e9 envers les plus d\u00e9munis, ATMF Argenteuil \u00a0a\u00a0\u00a0le plaisir de vous inviter au repas solidaire organis\u00e9 par l&rsquo;espace Femmes Citoyennes de notre association et qui aura lieu le 17 juin 2016 \u00e0 la r\u00e9sidence sociale ADOMA de la Butte Blanche \u00e0 partir de 21h .<\/p>\n<p>&nbsp;<\/p>\n<p>&nbsp;<\/p>\n<p><img loading=\"lazy\" decoding=\"async\" class=\"aligncenter size-medium wp-image-5063\" src=\"http:\/\/www.atmf.org\/wp-content\/uploads\/2016\/06\/123-240x300.jpg\" alt=\"123\" width=\"240\" height=\"300\" data-wp-pid=\"5063\" srcset=\"https:\/\/www.atmf.org\/wp-content\/uploads\/2016\/06\/123-240x300.jpg 240w, https:\/\/www.atmf.org\/wp-content\/uploads\/2016\/06\/123.jpg 685w\" sizes=\"auto, (max-width: 240px) 100vw, 240px\" \/><\/p>\n<p style=\"text-align: center;\">\n","protected":false},"excerpt":{"rendered":"<p>Comme chaque ann\u00e9e \u00e0 l&rsquo;occasion du mois de ramadan, mois de partage et de solidarit\u00e9 envers les plus d\u00e9munis, ATMF Argenteuil \u00a0a\u00a0\u00a0le plaisir de vous inviter au repas solidaire organis\u00e9 par l&rsquo;espace Femmes Citoyennes de notre association et qui aura &hellip; <a href=\"https:\/\/www.atmf.org\/?p=5062\">Continue reading <span class=\"meta-nav\">&rarr;<\/span><\/a><\/p>\n","protected":false},"author":1,"featured_media":0,"comment_status":"closed","ping_status":"closed","sticky":false,"template":"","format":"standard","meta":{"ngg_post_thumbnail":0,"_monsterinsights_skip_tracking":false,"_monsterinsights_sitenote_active":false,"_monsterinsights_sitenote_note":"","_monsterinsights_sitenote_category":0,"footnotes":""},"categories":[84,89,47,46,43],"tags":[],"class_list":["post-5062","post","type-post","status-publish","format-standard","hentry","category-activites-membres","category-argenteuil","category-migrants-sans-frontieres","category-migrants-viellissants","category-sans-papiers"],"_links":{"self":[{"href":"https:\/\/www.atmf.org\/index.php?rest_route=\/wp\/v2\/posts\/5062","targetHints":{"allow":["GET"]}}],"collection":[{"href":"https:\/\/www.atmf.org\/index.php?rest_route=\/wp\/v2\/posts"}],"about":[{"href":"https:\/\/www.atmf.org\/index.php?rest_route=\/wp\/v2\/types\/post"}],"author":[{"embeddable":true,"href":"https:\/\/www.atmf.org\/index.php?rest_route=\/wp\/v2\/users\/1"}],"replies":[{"embeddable":true,"href":"https:\/\/www.atmf.org\/index.php?rest_route=%2Fwp%2Fv2%2Fcomments&post=5062"}],"version-history":[{"count":1,"href":"https:\/\/www.atmf.org\/index.php?rest_route=\/wp\/v2\/posts\/5062\/revisions"}],"predecessor-version":[{"id":5064,"href":"https:\/\/www.atmf.org\/index.php?rest_route=\/wp\/v2\/posts\/5062\/revisions\/5064"}],"wp:attachment":[{"href":"https:\/\/www.atmf.org\/index.php?rest_route=%2Fwp%2Fv2%2Fmedia&parent=5062"}],"wp:term":[{"taxonomy":"category","embeddable":true,"href":"https:\/\/www.atmf.org\/index.php?rest_route=%2Fwp%2Fv2%2Fcategories&post=5062"},{"taxonomy":"post_tag","embeddable":true,"href":"https:\/\/www.atmf.org\/index.php?rest_route=%2Fwp%2Fv2%2Ftags&post=5062"}],"curies":[{"name":"wp","href":"https:\/\/api.w.org\/{rel}","templated":true}]}}