{"id":5154,"date":"2016-06-01T14:35:47","date_gmt":"2016-06-01T12:35:47","guid":{"rendered":"http:\/\/www.atmf.org\/?p=5154"},"modified":"2016-10-07T14:41:40","modified_gmt":"2016-10-07T12:41:40","slug":"collectif-pour-une-paix-juste-et-durable-entre-palestiniens-et-israeliens-appels-au-boycott-au-desinvestissement-et-aux-sanctions-contre-israel-un-droit-dexpression-legitime","status":"publish","type":"post","link":"https:\/\/www.atmf.org\/?p=5154","title":{"rendered":"Collectif pour une Paix Juste et Durable entre Palestiniens et Isra\u00e9liens : Appels au boycott, au d\u00e9sinvestissement et aux sanctions contre Isra\u00ebl Un droit d\u2019expression l\u00e9gitime"},"content":{"rendered":"<h3><strong>Semaine d\u2019action du 30 mai au 5 juin 2015<\/strong><\/h3>\n<blockquote>\n<div id=\"x_ygrp-mlmsg\">\n<div id=\"x_ygrp-msg\">\n<div id=\"x_ygrp-text\">\n<div>\n<div id=\"x_yiv6096222174\">\n<div id=\"x_yui_3_16_0_ym19_1_1462876374097_3035\">\n<div id=\"x_yui_3_16_0_ym19_1_1462876374097_3034\">\n<div id=\"x_yiv6096222174yui_3_16_0_ym19_1_1462876171823_3044\"><span id=\"x_yiv6096222174yui_3_16_0_ym19_1_1462876171823_3045\">Dans le contexte g\u00e9n\u00e9ral d\u2019atteintes aux libert\u00e9s que nous connaissons, la condamnation de militants appelant au boycott et \u00e0 des sanctions contre l\u2019Etat d\u2019Isra\u00ebl afin qu\u2019il respecte le droit international et l\u2019ensemble des r\u00e9solutions de l\u2019O.N.U est une grave atteinte aux libert\u00e9s citoyennes.<\/span><span id=\"x_yiv6096222174yui_3_16_0_ym19_1_1462876171823_3046\"><\/span><\/div>\n<div id=\"x_yiv6096222174yui_3_16_0_ym19_1_1462876171823_3044\"><\/div>\n<div id=\"x_yiv6096222174yui_3_16_0_ym19_1_1462876171823_3048\"><span id=\"x_yiv6096222174yui_3_16_0_ym19_1_1462876171823_3049\">C\u2019est pour avoir demand\u00e9 dans le cadre de la campagne internationale \u00ab Boycott-D\u00e9sinvestissement-Sanctions \u00bb (BDS) \u00e0 des clients de supermarch\u00e9s de s\u2019abstenir d\u2019acheter des produits export\u00e9s par Isra\u00ebl que 12 militants de Mulhouse ont \u00e9t\u00e9 r\u00e9cemment condamn\u00e9s par la Cour de cassation apr\u00e8s avoir \u00e9t\u00e9 relax\u00e9s par le tribunal de Grande Instance puis \u00a0condamn\u00e9s, \u00e0 nouveau par la cour d\u2019appel de Colmar. Aujourd\u2019hui, ces derniers en appellent \u00e0 la Cour europ\u00e9enne des droits de l\u2019homme, dernier rempart contre la volont\u00e9 des autorit\u00e9s fran\u00e7aise de museler toute d\u00e9nonciation de la politique isra\u00e9lienne.<\/span><span id=\"x_yiv6096222174yui_3_16_0_ym19_1_1462876171823_3050\"><\/span><\/div>\n<div id=\"x_yiv6096222174yui_3_16_0_ym19_1_1462876171823_3048\"><\/div>\n<div id=\"x_yiv6096222174yui_3_16_0_ym19_1_1462876171823_3052\"><span id=\"x_yiv6096222174yui_3_16_0_ym19_1_1462876171823_3053\">\u00a0Car la France est le seul pays d\u2019Europe qui agit de la sorte pour faire de l\u2019appel au boycott un d\u00e9lit. Devant une atteinte aussi grave aux libert\u00e9s, Il faut que se mobilisent toutes celles et ceux qui refusent de voir ces militants condamn\u00e9s\u00a0et cette expression r\u00e9prim\u00e9e.<\/span><\/div>\n<div><\/div>\n<div id=\"x_yiv6096222174yui_3_16_0_ym19_1_1462876171823_3056\"><span id=\"x_yiv6096222174yui_3_16_0_ym19_1_1462876171823_3057\">C\u2019est pourquoi, le Collectif national pour une Paix Juste et Durable entre Palestiniens et Isra\u00e9liens appelle \u00e0 <b id=\"x_yiv6096222174yui_3_16_0_ym19_1_1462876171823_3058\">une semaine d\u2019action du 30 mai au 5 juin 2015 pour la d\u00e9fense des libert\u00e9s et du droit au boycott, le droit \u00e0 la solidarit\u00e9, la fin de l\u2019occupation, et l&rsquo;exigence de sanctions contre l&rsquo;Etat d&rsquo;Isra\u00ebl tant qu&rsquo;il viole le droit international et nie les droits nationaux du peuple palestinien.<\/b><\/span><span id=\"x_yiv6096222174yui_3_16_0_ym19_1_1462876171823_3059\"><\/span><\/div>\n<div id=\"x_yiv6096222174yui_3_16_0_ym19_1_1462876171823_3056\"><b>\u00a0<\/b><\/div>\n<div id=\"x_yiv6096222174yui_3_16_0_ym19_1_1462876171823_3061\"><span id=\"x_yiv6096222174yui_3_16_0_ym19_1_1462876171823_3062\">Il invite \u00e0 prendre localement toutes initiatives pour interpeller dans l\u2019unit\u00e9 la plus large les autorit\u00e9s de l\u2019Etat et demander l\u2019abrogation des circulaires Alliot-Marie et Mercier.<\/span><\/div>\n<div id=\"x_yiv6096222174yui_3_16_0_ym19_1_1462876171823_3064\"><\/div>\n<div id=\"x_yiv6096222174yui_3_16_0_ym19_1_1462876171823_3066\"><b id=\"x_yiv6096222174yui_3_16_0_ym19_1_1462876171823_3067\"><span id=\"x_yiv6096222174yui_3_16_0_ym19_1_1462876171823_3068\">signataires membres du Collectif pour une Paix Juste et Durable entre Isra\u00e9liens et Palestiniens<\/span><\/b><\/div>\n<div id=\"x_yiv6096222174yui_3_16_0_ym19_1_1462876171823_3070\"><b id=\"x_yiv6096222174yui_3_16_0_ym19_1_1462876171823_3071\"><span id=\"x_yiv6096222174yui_3_16_0_ym19_1_1462876171823_3072\">\u00a0<\/span><\/b><\/div>\n<div id=\"x_yiv6096222174yui_3_16_0_ym19_1_1462876171823_3073\"><span id=\"x_yiv6096222174yui_3_16_0_ym19_1_1462876171823_3074\">\u00a0<\/span><span id=\"x_yiv6096222174yui_3_16_0_ym19_1_1462876171823_3075\">Agir Contre le Colonialisme Aujourd\u2019hui (ACCA) \u2013 AFD International \u2013 AILES Femmes du Maroc &#8211; Alternative Libertaire (AL) &#8211; Am\u00e9ricains contre la guerre (AAW) &#8211; Association des Travailleurs Maghr\u00e9bins de France (ATMF) &#8211; Association des Tunisiens en France (ATF) &#8211; Association France Palestine Solidarit\u00e9 (AFPS) &#8211; Association Nationale des Elus Communistes et R\u00e9publicains (ANECR) &#8211; Association pour la Taxation des Transactions financi\u00e8res et pour l\u2019Action Citoyenne (ATTAC) &#8211; Association pour les Jumelages entre les camps de r\u00e9fugi\u00e9s Palestiniens et les villes Fran\u00e7aises (AJPF) &#8211; Association R\u00e9publicaine des Anciens Combattants (ARAC) &#8211; Association Universitaire pour le Respect du Droit International en Palestine (AURDIP) &#8211; Campagne Civile Internationale pour la Protection du Peuple Palestinien (CCIPPP) &#8211; Cedetim \/ IPAM &#8211; Collectif des Musulmans de France (CMF) &#8211; Collectif Faty Koumba\u00a0: <strong id=\"x_yiv6096222174yui_3_16_0_ym19_1_1462876171823_3076\"><span id=\"x_yiv6096222174yui_3_16_0_ym19_1_1462876171823_3077\">Association des Libert\u00e9s, Droits de<\/span><\/strong><span id=\"x_yiv6096222174yui_3_16_0_ym19_1_1462876171823_3078\"> l&rsquo;Homme<\/span> <strong id=\"x_yiv6096222174yui_3_16_0_ym19_1_1462876171823_3079\"><span id=\"x_yiv6096222174yui_3_16_0_ym19_1_1462876171823_3080\">et non-violence<\/span><\/strong> &#8211; Collectif interuniversitaire pour la coop\u00e9ration avec les Universit\u00e9s Palestiniennes (CICUP)<sub id=\"x_yiv6096222174yui_3_16_0_ym19_1_1462876171823_3081\"> <\/sub>&#8211; Collectif Jud\u00e9o-Arabe et Citoyen pour la Palestine (CJACP) &#8211; Collectif Paix Palestine Isra\u00ebl (CPPI Saint-Denis) &#8211; Comit\u00e9 de Vigilance pour une Paix R\u00e9elle au Proche-Orient (CVPR PO) &#8211; Comit\u00e9 Justice et Paix en Palestine et au Proche-Orient du 5<sup id=\"x_yiv6096222174yui_3_16_0_ym19_1_1462876171823_3082\">e<\/sup> arrt (CJPP5) &#8211; Droit-Solidarit\u00e9 \u2013 Ensemble\u00a0! &#8211; Europe Ecologie les Verts (EELV) \u2013 F\u00e9d\u00e9ration des Tunisiens pour une Citoyennet\u00e9 des deux Rives (FTCR) &#8211; F\u00e9d\u00e9ration Syndicale Unitaire (FSU) \u2013 Forum Palestine Citoyennet\u00e9 &#8211; G\u00e9n\u00e9ration Palestine &#8211; La Courneuve-Palestine &#8211; le Mouvement de la Paix &#8211; les Femmes en noir &#8211; Ligue des Droits de l\u2019Homme (LDH) &#8211; Ligue Internationale des Femmes pour la Paix et la Libert\u00e9, section fran\u00e7aise de la Women\u2019s International League for Peace and Freedom (WILPF) (LIFPL) &#8211; Mouvement contre le Racisme et pour l\u2019Amiti\u00e9 entre les Peuples (MRAP) &#8211; Mouvement Jeunes Communistes de France (MJCF) \u2013 Nouveau Parti Anticapitaliste (NPA) &#8211; Organisation de Femmes Egalit\u00e9 &#8211; Parti Communiste des Ouvriers de France (PCOF) &#8211; Parti Communiste Fran\u00e7ais (PCF) &#8211; Parti de Gauche (PG) &#8211; Parti de l&rsquo;\u00e9mancipation du peuple &#8211; Participation et Spiritualit\u00e9 Musulmanes (PSM) \u2013 Socialistes pour la Paix \u2013 Sortir du colonialisme &#8211; Une Autre Voix Juive (UAVJ) \u2013 Union des Travailleurs Immigr\u00e9s Tunisiens (UTIT) \u2013 Union Juive Fran\u00e7aise pour la Paix (UJFP) &#8211; Union Nationale des Etudiants de France (UNEF) &#8211; Union syndicale Solidaires<\/span><\/div>\n<\/div>\n<\/div>\n<\/div>\n<\/div>\n<\/div>\n<\/div>\n<\/div>\n<\/blockquote>\n","protected":false},"excerpt":{"rendered":"<p>Semaine d\u2019action du 30 mai au 5 juin 2015 Dans le contexte g\u00e9n\u00e9ral d\u2019atteintes aux libert\u00e9s que nous connaissons, la condamnation de militants appelant au boycott et \u00e0 des sanctions contre l\u2019Etat d\u2019Isra\u00ebl afin qu\u2019il respecte le droit international et &hellip; <a href=\"https:\/\/www.atmf.org\/?p=5154\">Continue reading <span class=\"meta-nav\">&rarr;<\/span><\/a><\/p>\n","protected":false},"author":1,"featured_media":0,"comment_status":"closed","ping_status":"closed","sticky":false,"template":"","format":"standard","meta":{"ngg_post_thumbnail":0,"_monsterinsights_skip_tracking":false,"_monsterinsights_sitenote_active":false,"_monsterinsights_sitenote_note":"","_monsterinsights_sitenote_category":0,"footnotes":""},"categories":[80,50,5],"tags":[],"class_list":["post-5154","post","type-post","status-publish","format-standard","hentry","category-moyen-orient","category-palestine","category-solidarite-internationale"],"_links":{"self":[{"href":"https:\/\/www.atmf.org\/index.php?rest_route=\/wp\/v2\/posts\/5154","targetHints":{"allow":["GET"]}}],"collection":[{"href":"https:\/\/www.atmf.org\/index.php?rest_route=\/wp\/v2\/posts"}],"about":[{"href":"https:\/\/www.atmf.org\/index.php?rest_route=\/wp\/v2\/types\/post"}],"author":[{"embeddable":true,"href":"https:\/\/www.atmf.org\/index.php?rest_route=\/wp\/v2\/users\/1"}],"replies":[{"embeddable":true,"href":"https:\/\/www.atmf.org\/index.php?rest_route=%2Fwp%2Fv2%2Fcomments&post=5154"}],"version-history":[{"count":1,"href":"https:\/\/www.atmf.org\/index.php?rest_route=\/wp\/v2\/posts\/5154\/revisions"}],"predecessor-version":[{"id":5155,"href":"https:\/\/www.atmf.org\/index.php?rest_route=\/wp\/v2\/posts\/5154\/revisions\/5155"}],"wp:attachment":[{"href":"https:\/\/www.atmf.org\/index.php?rest_route=%2Fwp%2Fv2%2Fmedia&parent=5154"}],"wp:term":[{"taxonomy":"category","embeddable":true,"href":"https:\/\/www.atmf.org\/index.php?rest_route=%2Fwp%2Fv2%2Fcategories&post=5154"},{"taxonomy":"post_tag","embeddable":true,"href":"https:\/\/www.atmf.org\/index.php?rest_route=%2Fwp%2Fv2%2Ftags&post=5154"}],"curies":[{"name":"wp","href":"https:\/\/api.w.org\/{rel}","templated":true}]}}