{"id":5248,"date":"2016-11-10T12:18:52","date_gmt":"2016-11-10T11:18:52","guid":{"rendered":"http:\/\/www.atmf.org\/?p=5248"},"modified":"2016-12-02T17:00:03","modified_gmt":"2016-12-02T16:00:03","slug":"cercle-de-silence-daix-en-provence","status":"publish","type":"post","link":"https:\/\/www.atmf.org\/?p=5248","title":{"rendered":"Cercle de silence d&rsquo;Aix-en-Provence"},"content":{"rendered":"<h2 align=\"center\"><\/h2>\n<div align=\"center\">\n<h1><strong>Nous vous invitons \u00e0 venir en nombre au cercle de silence de<\/strong><\/h1>\n<h1><strong>samedi prochain 12 novembre, \u00e0 l&rsquo;or\u00e9e des All\u00e9es Proven\u00e7ales, de 11h30 \u00e0 midi.<\/strong><\/h1>\n<h2><\/h2>\n<h1 style=\"text-align: left;\"><strong>\u00a0<\/strong><\/h1>\n<table style=\"height: 744px;\" border=\"1\" width=\"597\" cellspacing=\"2\" cellpadding=\"2\">\n<tbody>\n<tr>\n<td valign=\"top\" bgcolor=\"#ffff66\">\n<div align=\"center\"><span style=\"color: #006600; font-family: Calibri; font-size: small;\"><b>CERCLE de SILENCE<\/b> d&rsquo;Aix-en-Provence <\/span><span style=\"color: #000066; font-family: Calibri; font-size: xx-small;\"><br \/>\n<\/span><span style=\"color: #000066; font-family: Calibri; font-size: xx-small;\"><b>comme tous les 2e samedi de chaque mois \u00e0 Aix<br \/>\n<\/b><\/span><span style=\"color: #660000; font-family: Calibri; font-size: medium;\"><strong><b><span style=\"color: #660000;\">samedi 12 novembre 2016<\/span><\/b><\/strong><\/span><span style=\"color: #000066; font-family: Calibri; font-size: xx-small;\"><strong><br \/>\n<\/strong><\/span><span style=\"color: #000066; font-family: Calibri; font-size: small;\"><strong><span style=\"color: #660000;\">de 11h30 \u00e0 12h.<\/span><\/strong><\/span><span style=\"color: #000066; font-family: Calibri; font-size: xx-small;\"> <span style=\"color: #660000;\"><br \/>\n<\/span><\/span><span style=\"color: #000066; font-family: Calibri; font-size: xx-small;\"><b><br \/>\n<\/b><\/span><span style=\"color: #000066; font-family: Calibri; font-size: xx-small;\"><b>sur la place de la Rotonde\u00a0&#8211;\u00a0du c\u00f4t\u00e9 des all\u00e9es proven\u00e7ales<\/b><\/span><span style=\"color: #000066; font-family: Calibri; font-size: xx-small;\"><br \/>\n<b>afin de protester contre l&rsquo;enfermement des \u00e9trangers,\u00a0les conditions de\u00a0cet enfermement<br \/>\net les expulsions quotidiennes<br \/>\nque nous constatons au m\u00e9pris\u00a0total des droits fondamentaux de la personne.<\/b><br \/>\n<\/span><\/div>\n<div align=\"right\"><span style=\"color: #000066; font-family: Calibri; font-size: xx-small;\"><br \/>\n<\/span><\/p>\n<blockquote>\n<div>\n<p><span style=\"color: #000066; font-family: Calibri; font-size: xx-small;\">Pour le groupe de coordination du cercle de silence d&rsquo;Aix-en-Provence<\/span><\/p>\n<p>&nbsp;<\/p>\n<div align=\"left\"><i><b>Rappel : <\/b>Le Cercle de Silence d&rsquo;Aix-en-Provence est compos\u00e9 de citoyen (ne)s et de membres engag\u00e9s individuellement au sein de divers mouvements et associations qui le soutiennent :<\/i><\/div>\n<p align=\"justify\">ACAT Aix, AIX-SOLIDARITE, AJC Amiti\u00e9 Jud\u00e9o-Chr\u00e9tienne Aix, AMNESTY International Aix, ASTI d&rsquo;Aix-Marseille, ATMF Pays d&rsquo;Aix, ATTAC Pays d&rsquo;Aix, CADTM Aix, CCFD-Terre Solidaire Aix, CIMADE Pays d\u2019Aix, EMMAUS Cabri\u00e8s, ENTRAIDE de l&rsquo;EPU l\u2019Eglise Protestante Unie &#8211; Aix, FPPA F\u00e9minin Pluriel en Pays d&rsquo;Aix, FRATERNITE FRANCISCAINE Aix, JRS France (Accueil J\u00e9suite des R\u00e9fugi\u00e9s) LDH Ligue des droits de l&rsquo;homme Aix, MAIS International, OMI Missionnaires OBLATS Aix, PASTORALE DES MIGRANTS Aix, RELAIS ST DONAT, REPAIRE DU PAYS D&rsquo;AIX, RESISTER Aujourd&rsquo;hui, RESF13, SECOURS CATHOLIQUE Aix, SAF Syndicat des Avocats de France Aix.<\/p>\n<\/div>\n<\/blockquote>\n<\/div>\n<\/td>\n<\/tr>\n<\/tbody>\n<\/table>\n<h1 style=\"text-align: left;\"><strong><span style=\"color: #000066; font-family: Calibri; font-size: xx-small;\">\u00a0<\/span><\/strong><\/h1>\n<table style=\"height: 930px;\" border=\"1\" width=\"610\" cellspacing=\"2\" cellpadding=\"2\">\n<tbody>\n<tr>\n<td valign=\"top\" bgcolor=\"#ffff99\">\n<p align=\"center\"><span style=\"font-family: Calibri; font-size: xx-small;\">\u00a0\u00a0\u00a0<\/span><\/p>\n<div><span style=\"font-size: medium;\">En France un mineur \u00e9tranger n&rsquo;est pas trait\u00e9 comme les autres mineurs : il est bien mineur <strong><em>mais il est avant tout \u00e9tranger<\/em><\/strong>.<br \/>\n<\/span><\/div>\n<div><\/div>\n<div><span style=\"font-size: medium;\">On l&rsquo;a vu \u00e0 Calais pendant plusieurs ann\u00e9es malgr\u00e9 l&rsquo;interpellation insistante des pouvoirs publics par les associations de solidarit\u00e9, on le voit<\/span>\u00a0<span style=\"font-size: medium;\">tous les jours \u00e0 Marseille o\u00f9 ils dorment, mangent et ne se lavent que de mani\u00e8re intermittente, et encore \u00e0 condition d&rsquo;avoir \u00e9t\u00e9 reconnus comme mineurs (au faci\u00e8s la plupart du temps ou sur la base de test osseux sans fiabilit\u00e9).<\/span><\/div>\n<div><\/div>\n<div><span style=\"font-size: medium;\">Plus grave, on les chasse carr\u00e9ment dans le d\u00e9partement des Alpes-Maritimes selon les t\u00e9moignages rapport\u00e9s par Habitat\u00a0et Citoyennet\u00e9 et signal\u00e9s par la Cimade :\u00a0<\/span><a id=\"LPlnk838165\" href=\"http:\/\/www.habitatetcitoyennete.fr\/scenes-de-chasse-aux-refugies-alpes-maritimes\/\" target=\"_blank\">http:\/\/www.habitatetcitoyennete.fr\/scenes-de-chasse-aux-refugies-alpes-maritimes\/<\/a><\/div>\n<div><\/div>\n<div><span style=\"font-size: medium;\">Ainsi d\u2019apr\u00e8s\u00a0C\u00e9dric, un membre de l\u2019association Roya citoyenne,\u00a0\u00ab\u00a0<em> on voit beaucoup de mineurs isol\u00e9s ces derniers jours \u00ab\u00a0.<\/em> Cet agriculteur raconte par exemple l\u2019interpellation, un dimanche matin [fin septembre dernier], d\u2019environ six\u00a0<span class=\"x_apple-converted-space\">\u00ab\u00a0<\/span><em> jeunes filles de treize \u00e0 quinze ans \u00ab\u00a0<\/em>, reconduites ensuite \u00e0 Vintimille par le poste\u00a0fronti\u00e8re de Menton. Durant la course-poursuite,\u00a0il parvient tout de m\u00eame \u00e0 recueillir une douzaine d\u2019autres jeunes.<\/span><\/div>\n<div><\/div>\n<div><span style=\"font-size: medium;\">Un autre jour C\u00e9dric assure qu&rsquo;un t\u00e9moin lui ayant signal\u00e9 \u00a0\u00bb <em>que l&rsquo;arm\u00e9e court apr\u00e8s des gamins<\/em> \u00a0\u00bb\u00a0il a \u00e9t\u00e9 sur place et a vu des enfants sauter dans un ravin d&rsquo;une dizaine de m\u00e8tres. Avec des camarades il est parvenu \u00e0 les retrouver, mouill\u00e9s mais indemnes.<\/span><\/div>\n<div><\/div>\n<div><span style=\"font-size: medium;\"><strong>Et pourtant &#8230; la France a sign\u00e9 et ratifi\u00e9 la <em>Convention Internationale des Droits de l&rsquo;Enfant<\/em>, elle est donc tenue d&rsquo;en respecter les principes et elle a une obligation de r\u00e9sultats.<\/strong><\/span><\/div>\n<div><\/div>\n<div>\n<p><span style=\"font-size: medium;\">Nous en sommes bien loin.<\/span><\/p>\n<p>Nous vous donnons rendez-vous pour le prochain Cercle de Silence, \u00e0 l&rsquo;or\u00e9e des All\u00e9es Proven\u00e7ales, samedi 12 novembre de 11h30 \u00e0 12h.<\/p>\n<\/div>\n<div><\/div>\n<\/td>\n<\/tr>\n<\/tbody>\n<\/table>\n<\/div>\n<h1 align=\"center\"><\/h1>\n<div><span style=\"font-family: Calibri; font-size: xx-small;\"><b><span style=\"color: #000099;\">\u00a0<\/span><\/b><\/span><\/div>\n","protected":false},"excerpt":{"rendered":"<p>Nous vous invitons \u00e0 venir en nombre au cercle de silence de samedi prochain 12 novembre, \u00e0 l&rsquo;or\u00e9e des All\u00e9es Proven\u00e7ales, de 11h30 \u00e0 midi. \u00a0 CERCLE de SILENCE d&rsquo;Aix-en-Provence comme tous les 2e samedi de chaque mois \u00e0 Aix &hellip; <a href=\"https:\/\/www.atmf.org\/?p=5248\">Continue reading <span class=\"meta-nav\">&rarr;<\/span><\/a><\/p>\n","protected":false},"author":1,"featured_media":0,"comment_status":"closed","ping_status":"closed","sticky":false,"template":"","format":"standard","meta":{"ngg_post_thumbnail":0,"_monsterinsights_skip_tracking":false,"_monsterinsights_sitenote_active":false,"_monsterinsights_sitenote_note":"","_monsterinsights_sitenote_category":0,"footnotes":""},"categories":[84,88],"tags":[],"class_list":["post-5248","post","type-post","status-publish","format-standard","hentry","category-activites-membres","category-aix-en-provence"],"_links":{"self":[{"href":"https:\/\/www.atmf.org\/index.php?rest_route=\/wp\/v2\/posts\/5248","targetHints":{"allow":["GET"]}}],"collection":[{"href":"https:\/\/www.atmf.org\/index.php?rest_route=\/wp\/v2\/posts"}],"about":[{"href":"https:\/\/www.atmf.org\/index.php?rest_route=\/wp\/v2\/types\/post"}],"author":[{"embeddable":true,"href":"https:\/\/www.atmf.org\/index.php?rest_route=\/wp\/v2\/users\/1"}],"replies":[{"embeddable":true,"href":"https:\/\/www.atmf.org\/index.php?rest_route=%2Fwp%2Fv2%2Fcomments&post=5248"}],"version-history":[{"count":5,"href":"https:\/\/www.atmf.org\/index.php?rest_route=\/wp\/v2\/posts\/5248\/revisions"}],"predecessor-version":[{"id":5315,"href":"https:\/\/www.atmf.org\/index.php?rest_route=\/wp\/v2\/posts\/5248\/revisions\/5315"}],"wp:attachment":[{"href":"https:\/\/www.atmf.org\/index.php?rest_route=%2Fwp%2Fv2%2Fmedia&parent=5248"}],"wp:term":[{"taxonomy":"category","embeddable":true,"href":"https:\/\/www.atmf.org\/index.php?rest_route=%2Fwp%2Fv2%2Fcategories&post=5248"},{"taxonomy":"post_tag","embeddable":true,"href":"https:\/\/www.atmf.org\/index.php?rest_route=%2Fwp%2Fv2%2Ftags&post=5248"}],"curies":[{"name":"wp","href":"https:\/\/api.w.org\/{rel}","templated":true}]}}