{"id":5299,"date":"2016-11-24T12:39:56","date_gmt":"2016-11-24T11:39:56","guid":{"rendered":"http:\/\/www.atmf.org\/?p=5299"},"modified":"2016-11-24T12:39:56","modified_gmt":"2016-11-24T11:39:56","slug":"meeting-de-solidarite-pour-la-dignite-du-peuple-marocain-et-contre-limpunite","status":"publish","type":"post","link":"https:\/\/www.atmf.org\/?p=5299","title":{"rendered":"Meeting de solidarit\u00e9 \u00abPour la Dignit\u00e9 du Peuple Marocain et Contre l\u2019Impunit\u00e9\u00bb"},"content":{"rendered":"<div>\n<div align=\"justify\"><\/div>\n<div align=\"justify\"><span style=\"color: black; font-family: 'Times New Roman', serif; font-size: medium;\"><img loading=\"lazy\" decoding=\"async\" class=\"aligncenter size-medium wp-image-5300\" src=\"http:\/\/www.atmf.org\/wp-content\/uploads\/2016\/11\/Meeting-25-11-2016-01-212x300.jpg\" alt=\"meeting-25-11-2016-01\" width=\"212\" height=\"300\" data-wp-pid=\"5300\" srcset=\"https:\/\/www.atmf.org\/wp-content\/uploads\/2016\/11\/Meeting-25-11-2016-01-212x300.jpg 212w, https:\/\/www.atmf.org\/wp-content\/uploads\/2016\/11\/Meeting-25-11-2016-01.jpg 678w\" sizes=\"auto, (max-width: 212px) 100vw, 212px\" \/><\/span><\/div>\n<div align=\"justify\"><span style=\"color: black; font-family: 'Times New Roman', serif; font-size: medium;\"><br \/>\nLe vendredi 28 octobre, la mort du citoyen marocain Mohcine Fikri dans des conditions terrifiantes et inqualifiables, a secou\u00e9 et choqu\u00e9 l\u2019opinion nationale et internationale. Et pour cause. Mohcine Fikri, \u00e2g\u00e9 d\u2019une trentaine d\u2019ann\u00e9es et poissonnier de son \u00e9tat, a \u00e9t\u00e9 broy\u00e9 avec sa marchandise par le compacteur d\u2019un camion-benne \u00e0 ordures. Il venait d\u2019acheter presque une demie-tonne d\u2019espadon au port d\u2019Al-Hoceima (au nord du Maroc) pour la revendre en ville.<\/span><\/div>\n<div align=\"justify\"><span style=\"color: black; font-family: 'Times New Roman', serif; font-size: medium;\">\u00a0<\/span><\/div>\n<div align=\"justify\"><span style=\"color: black; font-family: 'Times New Roman', serif; font-size: medium;\">Intercept\u00e9e par des agents de la police locale, cette marchandise va \u00eatre jet\u00e9e dans la benne du camion \u00e0 ordures, appel\u00e9 pour proc\u00e9der \u00e0 la destruction du poisson \u00ab\u00a0 jug\u00e9 impropre \u00e0 la consommation\u00a0\u00bb\u00a0!<\/span><\/div>\n<div align=\"justify\"><span style=\"color: black; font-family: 'Times New Roman', serif; font-size: medium;\">Voulant s\u2019interposer avec quelques-uns de ses camarades \u00e0 cette destruction, il monte sur la benne et c\u2019est \u00e0 ce moment-l\u00e0 que le machiniste a actionn\u00e9 le compacteur qui ne laissera aucune chance \u00e0 Mohcine Fikri.<\/span><\/div>\n<div align=\"justify\"><span style=\"color: black; font-family: 'Times New Roman', serif; font-size: medium;\">\u00a0<\/span><\/div>\n<div align=\"justify\"><span style=\"color: black; font-family: 'Times New Roman', serif; font-size: medium;\">Nous, organisations des droits humains, de l\u2019immigration et partis d\u00e9mocratiques marocains en France, signataires de cet appel, partageons la peine immense de la famille et des amis de Mohcine Fikri. Nous exprimons avec force <b>notre indignation la plus totale face \u00e0 ce crime <\/b>\u00a0et <b>nous d\u00e9non\u00e7ons cet acte barbare<\/b> qui a \u00f4t\u00e9 \u00e0 Mohcine Kikri tout ce qu\u2019il avait de plus pr\u00e9cieux\u00a0: <b>la vie<\/b>.<\/span><\/div>\n<div align=\"justify\"><span style=\"color: black; font-family: 'Times New Roman', serif; font-size: medium;\">\u00a0<\/span><\/div>\n<div align=\"justify\"><span style=\"color: black; font-family: 'Times New Roman', serif; font-size: medium;\">Ce drame n\u2019est pas sans nous rappeler malheureusement des drames similaires dont ont \u00e9t\u00e9 victimes d\u2019autres citoyens marocains comme ce fut le cas de \u00ab\u00a0 Mi\u00a0\u00bb Fatiha qui s\u2019est immol\u00e9e apr\u00e8s que des agents de l\u2019autorit\u00e9 l\u2019aient \u00e9galement dessaisie de sa marchandise\u00a0; des galettes en l\u2019occurrence.<\/span><\/div>\n<div align=\"justify\"><span style=\"color: black; font-family: 'Times New Roman', serif; font-size: medium;\">Ces drames d\u00e9notent le manque de consid\u00e9ration et de respect de la part des agents de l\u2019Etat eu \u00e9gard \u00e0 des citoyens marocains. Encourag\u00e9s par l\u2019impunit\u00e9 r\u00e9gnante au Maroc, des charg\u00e9s du maintien de l\u2019ordre se croient au-dessus des lois et abusent de leurs pouvoirs dans l\u2019exercice de leur mission.<\/span><\/div>\n<div align=\"justify\"><span style=\"color: black; font-family: 'Times New Roman', serif; font-size: medium;\">\u00a0<\/span><\/div>\n<div align=\"justify\"><span style=\"color: black; font-family: 'Times New Roman', serif; font-size: medium;\">Nous nous joignons aux protestations pacifiques et l\u00e9gitimes qui ont secou\u00e9 tout le Maroc en solidarit\u00e9 avec Mohcine Fikri et sa famille.<\/span><\/div>\n<div align=\"justify\"><span style=\"color: black; font-family: 'Times New Roman', serif; font-size: medium;\"><b>Ce crime ne doit pas rester impuni<\/b>. Nous interpellons l\u2019Etat marocain et nous exigeons de lui de faire toute la lumi\u00e8re sur ce drame et de mener une <b>enqu\u00eate impartiale<\/b> pour d\u00e9terminer toutes les responsabilit\u00e9s. Nous le mettons en garde contre toute justice exp\u00e9ditive qui tentera d\u2019\u00e9touffer l\u2019affaire en faisant payer le prix \u00e0 quelques \u00ab\u00a0boucs \u00e9missaires\u00a0\u00bb.<\/span><\/div>\n<div align=\"justify\"><span style=\"color: black; font-family: 'Times New Roman', serif; font-size: medium;\">\u00a0<\/span><\/div>\n<div align=\"justify\"><span style=\"color: black; font-family: 'Times New Roman', serif; font-size: medium;\">Nous restons vigilants quant \u00e0 l\u2019issue de l\u2019enqu\u00eate que m\u00e8nent les autorit\u00e9s judiciaires marocaines.<\/span><\/div>\n<div align=\"justify\"><span style=\"color: black; font-family: 'Times New Roman', serif; font-size: medium;\">\u00a0<\/span><\/div>\n<div align=\"justify\"><span style=\"color: black; font-family: 'Times New Roman', serif; font-size: medium;\">Pour exprimer notre r\u00e9probation et permettre \u00e0 des voix solidaires de s\u2019exprimer sur le sujet, nous organisons un meeting. <b>Nous vous invitons \u00e0 nous rejoindre pour exprimer votre solidarit\u00e9 et indignation<\/b>.<\/span><\/div>\n<div align=\"justify\"><span style=\"color: black; font-family: 'Times New Roman', serif; font-size: medium;\">\u00a0<\/span><\/div>\n<div align=\"center\"><\/div>\n<div align=\"center\"><img loading=\"lazy\" decoding=\"async\" class=\"aligncenter size-medium wp-image-5301\" src=\"http:\/\/www.atmf.org\/wp-content\/uploads\/2016\/11\/AppelMeeting25-11-2016-P1V2-227x300.jpg\" alt=\"appelmeeting25-11-2016-p1v2\" width=\"227\" height=\"300\" data-wp-pid=\"5301\" srcset=\"https:\/\/www.atmf.org\/wp-content\/uploads\/2016\/11\/AppelMeeting25-11-2016-P1V2-227x300.jpg 227w, https:\/\/www.atmf.org\/wp-content\/uploads\/2016\/11\/AppelMeeting25-11-2016-P1V2.jpg 485w\" sizes=\"auto, (max-width: 227px) 100vw, 227px\" \/><\/div>\n<div align=\"center\"><\/div>\n<div align=\"center\"><span style=\"color: black; font-family: 'Times New Roman', serif; font-size: medium;\"><span style=\"font-size: large;\"><b>Le vendredi 25 novembre 2016 \u00e0 19h \u00e0 la Bourse du Travail de Saint-Denis.<\/b><\/span><\/span><\/div>\n<div><span style=\"color: black; font-family: 'Times New Roman', serif; font-size: medium;\"><span style=\"font-family: Wingdings; font-size: x-large;\">\u00a7<\/span><span style=\"font-size: xx-small;\">\u00a0 <\/span><span style=\"font-size: x-large;\"><b>Bourse du Travail<\/b><\/span><span style=\"font-size: x-large;\"> 9-11 rue Genin 93200 Saint Denis (Station Saint-Denis Porte de Paris, ligne 13)<\/span><\/span><\/div>\n<\/div>\n<div><\/div>\n<div><span style=\"color: black; font-family: 'Times New Roman', serif; font-size: medium;\"><span style=\"color: windowtext;\">\u00a0<\/span><\/span><\/div>\n<div>\n<div><span style=\"color: black; font-family: 'Times New Roman', serif; font-size: medium;\"><b><u>Signataires\u00a0:<\/u><\/b><\/span><\/div>\n<div><span style=\"color: black; font-family: Calibri, sans-serif; font-size: small;\"><span style=\"font-family: Symbol;\"><span lang=\"en-US\">\u00b7<\/span><\/span><span style=\"font-size: xx-small;\">\u00a0\u00a0\u00a0\u00a0\u00a0\u00a0\u00a0\u00a0 <\/span>Association de D\u00e9fense des Droits de l\u2019Homme au Maroc (ASDHOM-France)<\/span><\/div>\n<div><span style=\"color: black; font-family: Calibri, sans-serif; font-size: small;\"><span style=\"font-family: Symbol;\"><span lang=\"en-US\">\u00b7<\/span><\/span><span style=\"font-size: xx-small;\"><span lang=\"en-US\">\u00a0\u00a0\u00a0\u00a0\u00a0\u00a0\u00a0\u00a0 <\/span><\/span><span lang=\"en-US\">\u00a0Association Marocaine des Droits Humains (AMDH-Paris)<\/span><\/span><\/div>\n<div><span style=\"color: black; font-family: Calibri, sans-serif; font-size: small;\"><span style=\"font-family: Symbol;\"><span lang=\"en-US\">\u00b7<\/span><\/span><span style=\"font-size: xx-small;\"><span lang=\"en-US\">\u00a0\u00a0\u00a0\u00a0\u00a0\u00a0\u00a0\u00a0 <\/span><\/span><span lang=\"en-US\">F\u00e9d\u00e9ration des Association des Marocains en France (AMF)<\/span><\/span><\/div>\n<div><span style=\"color: black; font-family: Calibri, sans-serif; font-size: small;\"><span style=\"font-family: Symbol;\"><span lang=\"en-US\">\u00b7<\/span><\/span><span style=\"font-size: xx-small;\"><span lang=\"en-US\">\u00a0\u00a0\u00a0\u00a0\u00a0\u00a0\u00a0\u00a0 <\/span><\/span><span lang=\"en-US\">Association des travailleurs Maghr\u00e9bins en France (ATMF)<\/span><\/span><\/div>\n<div><span style=\"color: black; font-family: Calibri, sans-serif; font-size: small;\"><span style=\"font-family: Symbol;\"><span lang=\"en-US\">\u00b7<\/span><\/span><span style=\"font-size: xx-small;\"><span lang=\"en-US\">\u00a0\u00a0\u00a0\u00a0\u00a0\u00a0\u00a0\u00a0 <\/span><\/span><span lang=\"en-US\">Forum Marocain pour la V\u00e9rit\u00e9 et la Justice (FMVJ-France)\u00a0<\/span><\/span><\/div>\n<div><span style=\"color: black; font-family: Calibri, sans-serif; font-size: small;\"><span style=\"font-family: Symbol;\"><span lang=\"en-US\">\u00b7<\/span><\/span><span style=\"font-size: xx-small;\"><span lang=\"en-US\">\u00a0\u00a0\u00a0\u00a0\u00a0\u00a0\u00a0\u00a0 <\/span><\/span><span lang=\"en-US\">Autre Maroc<\/span><\/span><\/div>\n<div><span style=\"color: black; font-family: Calibri, sans-serif; font-size: small;\"><span style=\"font-family: Symbol;\"><span lang=\"en-US\">\u00b7<\/span><\/span><span style=\"font-size: xx-small;\"><span lang=\"en-US\">\u00a0\u00a0\u00a0\u00a0\u00a0\u00a0\u00a0\u00a0 <\/span><\/span><span lang=\"en-US\">Ailes femmes du maroc<\/span><\/span><\/div>\n<div><span style=\"color: black; font-family: Calibri, sans-serif; font-size: small;\"><span style=\"font-family: Symbol;\"><span lang=\"en-US\">\u00b7<\/span><\/span><span style=\"font-size: xx-small;\"><span lang=\"en-US\">\u00a0\u00a0\u00a0\u00a0\u00a0\u00a0\u00a0\u00a0 <\/span><\/span><span lang=\"en-US\">Solidarit\u00e9 plurielle 95<\/span><\/span><\/div>\n<div><span style=\"color: black; font-family: Calibri, sans-serif; font-size: small;\"><span style=\"font-family: Symbol;\"><span lang=\"en-US\">\u00b7<\/span><\/span><span style=\"font-size: xx-small;\"><span lang=\"en-US\">\u00a0\u00a0\u00a0\u00a0\u00a0\u00a0\u00a0\u00a0 <\/span><\/span><span lang=\"en-US\">Association Clart\u00e9 Ambition Courage France<\/span><\/span><\/div>\n<div><span style=\"color: black; font-family: Calibri, sans-serif; font-size: small;\"><span style=\"font-family: Symbol;\"><span lang=\"en-US\">\u00b7<\/span><\/span><span style=\"font-size: xx-small;\"><span lang=\"en-US\">\u00a0\u00a0\u00a0\u00a0\u00a0\u00a0\u00a0\u00a0 <\/span><\/span><span lang=\"en-US\">Rassemblement IFNI AIT BAAMRANE<\/span><\/span><\/div>\n<div><span style=\"color: black; font-family: Calibri, sans-serif; font-size: small;\"><span style=\"font-family: Symbol;\"><span lang=\"en-US\">\u00b7<\/span><\/span><span style=\"font-size: xx-small;\"><span lang=\"en-US\">\u00a0\u00a0\u00a0\u00a0\u00a0\u00a0\u00a0\u00a0 <\/span><\/span><span lang=\"en-US\">Association TAMAYNUT France<\/span><\/span><\/div>\n<div><span style=\"color: black; font-family: Calibri, sans-serif; font-size: small;\"><span style=\"font-family: Symbol;\"><span lang=\"en-US\">\u00b7<\/span><\/span><span style=\"font-size: xx-small;\"><span lang=\"en-US\">\u00a0\u00a0\u00a0\u00a0\u00a0\u00a0\u00a0\u00a0 <\/span><\/span><span lang=\"en-US\">Association ACAL<\/span><\/span><\/div>\n<div><span style=\"color: black; font-family: Calibri, sans-serif; font-size: small;\"><span style=\"font-family: Symbol;\"><span lang=\"en-US\">\u00b7<\/span><\/span><span style=\"font-size: xx-small;\"><span lang=\"en-US\">\u00a0\u00a0\u00a0\u00a0\u00a0\u00a0\u00a0\u00a0 <\/span><\/span><span lang=\"en-US\">Association TIDI \u2013 France<\/span><\/span><\/div>\n<div><span style=\"color: black; font-family: Calibri, sans-serif; font-size: small;\"><span style=\"font-family: Symbol;\"><span lang=\"en-US\">\u00b7<\/span><\/span><span style=\"font-size: xx-small;\"><span lang=\"en-US\">\u00a0\u00a0\u00a0\u00a0\u00a0\u00a0\u00a0\u00a0 <\/span><\/span><span lang=\"en-US\">Associations Espace Solidaire 02<\/span><\/span><\/div>\n<div><span style=\"color: black; font-family: Calibri, sans-serif; font-size: small;\"><span style=\"font-family: Symbol;\"><span lang=\"en-US\">\u00b7<\/span><\/span><span style=\"font-size: xx-small;\"><span lang=\"en-US\">\u00a0\u00a0\u00a0\u00a0\u00a0\u00a0\u00a0\u00a0 <\/span><\/span><span lang=\"en-US\">Association Espace Solidaire 93<\/span><\/span><\/div>\n<div><span style=\"color: black; font-family: Calibri, sans-serif; font-size: small;\"><span style=\"font-family: Symbol;\"><span lang=\"en-US\">\u00b7<\/span><\/span><span style=\"font-size: xx-small;\"><span lang=\"en-US\">\u00a0\u00a0\u00a0\u00a0\u00a0\u00a0\u00a0\u00a0 <\/span><\/span><span lang=\"en-US\">Association Culturelle Pour la la\u00efcit\u00e9, l\u2019\u00e9galit\u00e9 et la solidarit\u00e9 avec les femmes du Maroc<\/span><\/span><\/div>\n<div><span style=\"color: black; font-family: Calibri, sans-serif; font-size: small;\"><span style=\"font-family: Symbol;\"><span lang=\"en-US\">\u00b7<\/span><\/span><span style=\"font-size: xx-small;\"><span lang=\"en-US\">\u00a0\u00a0\u00a0\u00a0\u00a0\u00a0\u00a0\u00a0 <\/span><\/span><span lang=\"en-US\">Collectif international pour d\u00e9fendre les victimes de la mafia immobili\u00e8re et de la d\u00e9limitation foresti\u00e8re<\/span><\/span><\/div>\n<div><span style=\"color: black; font-family: Calibri, sans-serif; font-size: small;\"><span style=\"font-family: Symbol;\"><span lang=\"en-US\">\u00b7<\/span><\/span><span style=\"font-size: xx-small;\"><span lang=\"en-US\">\u00a0\u00a0\u00a0\u00a0\u00a0\u00a0\u00a0\u00a0 <\/span><\/span><span lang=\"en-US\">La Voie D\u00e9mocratique (R\u00e9gion Europe)<\/span><\/span><\/div>\n<div><span style=\"color: black; font-family: Calibri, sans-serif; font-size: small;\"><span style=\"font-family: Symbol; font-size: small;\"><span lang=\"en-US\">\u00b7<\/span><\/span><span style=\"font-size: xx-small;\"><span lang=\"en-US\">\u00a0\u00a0\u00a0\u00a0\u00a0\u00a0\u00a0\u00a0 <\/span><\/span><span lang=\"en-US\">Le Parti d&rsquo;Avant garde D\u00e9mocratique et Socialiste (PADS-Europe)<\/span><\/span><\/div>\n<ul>\n<li><span style=\"color: black; font-family: 'Times New Roman', serif; font-size: medium;\"><span style=\"font-family: Calibri, sans-serif;\">Association F\u00e9d\u00e9ration de la Gauche D\u00e9mocratique \u2013 France<\/span><\/span><\/li>\n<\/ul>\n<div><span style=\"color: black; font-family: Calibri, sans-serif; font-size: small;\"><span style=\"font-family: Symbol; font-size: small;\"><span lang=\"en-US\">\u00b7<\/span><\/span><span style=\"font-size: xx-small;\"><span lang=\"en-US\">\u00a0\u00a0\u00a0\u00a0\u00a0\u00a0\u00a0\u00a0 <\/span><\/span><span lang=\"en-US\">Le Parti Socialiste Unifi\u00e9 (PSU-France)<\/span><\/span><\/div>\n<div><span style=\"color: black; font-family: Calibri, sans-serif; font-size: small;\"><span lang=\"en-US\">\u00a0<\/span><\/span><\/div>\n<div><span style=\"color: black; font-family: 'Times New Roman', serif; font-size: medium;\"><b><u>Soutenu par\u00a0<\/u><\/b><b>:\u00a0\u00a0\u00a0\u00a0\u00a0\u00a0\u00a0 \u00a0<\/b>\u00a0<\/span><\/div>\n<div><span style=\"color: black; font-family: Calibri, sans-serif; font-size: small;\"><span style=\"font-family: Symbol;\"><span lang=\"en-US\">\u00b7<\/span><\/span><span style=\"font-size: xx-small;\"><span lang=\"en-US\">\u00a0\u00a0\u00a0\u00a0\u00a0\u00a0\u00a0\u00a0 <\/span><\/span><span lang=\"en-US\">L&rsquo;assembl\u00e9e Citoyenne des Originaires de Turquie (ACORT)<\/span><\/span><\/div>\n<div><span style=\"color: black; font-family: Calibri, sans-serif; font-size: small;\"><span style=\"font-family: Symbol;\"><span lang=\"en-US\">\u00b7<\/span><\/span><span style=\"font-size: xx-small;\"><span lang=\"en-US\">\u00a0\u00a0\u00a0\u00a0\u00a0\u00a0\u00a0\u00a0 <\/span><\/span><span lang=\"en-US\">Forum citoyen Solidarit\u00e9 des Marocains en Europe<\/span><\/span><\/div>\n<div><span style=\"color: black; font-family: Calibri, sans-serif; font-size: small;\"><span style=\"font-family: Symbol;\"><span lang=\"en-US\">\u00b7<\/span><\/span><span style=\"font-size: xx-small;\"><span lang=\"en-US\">\u00a0\u00a0\u00a0\u00a0\u00a0\u00a0\u00a0\u00a0 <\/span><\/span><span lang=\"en-US\">Association des Travailleurs et des Jeunes \u2013DIDF- Turquie<\/span><\/span><\/div>\n<div><span style=\"color: black; font-family: Calibri, sans-serif; font-size: small;\"><span style=\"font-family: Symbol;\"><span lang=\"en-US\">\u00b7<\/span><\/span><span style=\"font-size: xx-small;\"><span lang=\"en-US\">\u00a0\u00a0\u00a0\u00a0\u00a0\u00a0\u00a0\u00a0 <\/span><\/span><span lang=\"en-US\">Comit\u00e9 pour le Respect des Libert\u00e9s et des Droits de l\u2019Homme en Tunisie( \u00a0C.R.L.D.H.Tunisie )<\/span><\/span><\/div>\n<div><span style=\"color: black; font-family: Calibri, sans-serif; font-size: small;\"><span style=\"font-family: Symbol;\"><span lang=\"en-US\">\u00b7<\/span><\/span><span style=\"font-size: xx-small;\"><span lang=\"en-US\">\u00a0\u00a0\u00a0\u00a0\u00a0\u00a0\u00a0\u00a0 <\/span><\/span><span lang=\"en-US\">La f\u00e9d\u00e9ration tunisienne pour une \u00a0citoyennet\u00e9 des deux rives ( FTCR)<\/span><\/span><\/div>\n<div><span style=\"color: black; font-family: Calibri, sans-serif; font-size: small;\"><span style=\"font-family: Symbol;\"><span lang=\"en-US\">\u00b7<\/span><\/span><span style=\"font-size: xx-small;\"><span lang=\"en-US\">\u00a0\u00a0\u00a0\u00a0\u00a0\u00a0\u00a0\u00a0 <\/span><\/span><span lang=\"en-US\">La ligue Alg\u00e9rienne des Droits de l&rsquo;Homme\u00a0<\/span><\/span><\/div>\n<div><span style=\"color: black; font-family: Calibri, sans-serif; font-size: small;\"><span style=\"font-family: Symbol; font-size: small;\"><span lang=\"en-US\">\u00b7<\/span><\/span><span style=\"font-size: xx-small;\"><span lang=\"en-US\">\u00a0\u00a0\u00a0\u00a0\u00a0\u00a0\u00a0\u00a0 <\/span><\/span><span lang=\"en-US\">Le Parti Communiste Fran\u00e7ais (PCF<\/span><\/span><\/div>\n<div><span style=\"color: black; font-family: Calibri, sans-serif; font-size: small;\"><span style=\"font-family: Symbol; font-size: small;\"><span lang=\"en-US\">\u00b7<\/span><\/span><span style=\"font-size: xx-small;\"><span lang=\"en-US\">\u00a0\u00a0\u00a0\u00a0\u00a0\u00a0\u00a0\u00a0 <\/span><\/span><span lang=\"en-US\">Le Nouveau Parti Anticapitaliste (NPA)<\/span><\/span><\/div>\n<div><span style=\"color: black; font-family: Calibri, sans-serif; font-size: small;\"><span style=\"font-family: Symbol; font-size: small;\"><span lang=\"en-US\">\u00b7<\/span><\/span><span style=\"font-size: xx-small;\"><span lang=\"en-US\">\u00a0\u00a0\u00a0\u00a0\u00a0\u00a0\u00a0\u00a0 <\/span><\/span><span lang=\"en-US\">Le Parti Communiste des Ouvriers de France (PCOF<\/span><\/span><\/div>\n<div><span style=\"color: black; font-family: Calibri, sans-serif; font-size: small;\"><span style=\"font-family: Symbol; font-size: small;\"><span lang=\"en-US\">\u00b7<\/span><\/span><span style=\"font-size: xx-small;\"><span lang=\"en-US\">\u00a0\u00a0\u00a0\u00a0\u00a0\u00a0\u00a0\u00a0 <\/span><\/span><span lang=\"en-US\">Le Front Populaire Tunisie<\/span><\/span><\/div>\n<div><span style=\"color: black; font-family: Calibri, sans-serif; font-size: small;\"><span style=\"font-family: Symbol;\"><span lang=\"en-US\">\u00b7<\/span><\/span><span style=\"font-size: xx-small;\"><span lang=\"en-US\">\u00a0\u00a0\u00a0\u00a0\u00a0\u00a0\u00a0\u00a0 <\/span><\/span><span lang=\"en-US\">Le Parti Patriotique et D\u00e9mocratique (WATAD) Tunisie<\/span><\/span><\/div>\n<div><span style=\"color: black; font-family: Calibri, sans-serif; font-size: small;\"><span style=\"font-family: Symbol;\"><span lang=\"en-US\">\u00b7<\/span><\/span><span style=\"font-size: xx-small;\"><span lang=\"en-US\">\u00a0\u00a0\u00a0\u00a0\u00a0\u00a0\u00a0\u00a0 <\/span><\/span><span lang=\"en-US\">Le Parti Alg\u00e9rien pour le Socialisme et la D\u00e9mocratie (PADS) Alg\u00e9rie<\/span><\/span><\/div>\n<div><span style=\"color: black; font-family: Calibri, sans-serif; font-size: small;\"><span style=\"font-family: Symbol;\"><span lang=\"en-US\">\u00b7<\/span><\/span><span style=\"font-size: xx-small;\"><span lang=\"en-US\">\u00a0\u00a0\u00a0\u00a0\u00a0\u00a0\u00a0\u00a0 <\/span><\/span><span lang=\"en-US\">Le Parti des Travailleurs \u2013 Tunisie<\/span><\/span><\/div>\n<div><span style=\"color: black; font-family: Calibri, sans-serif; font-size: small;\"><span style=\"font-family: Symbol;\"><span lang=\"en-US\">\u00b7<\/span><\/span><span style=\"font-size: xx-small;\"><span lang=\"en-US\">\u00a0\u00a0\u00a0\u00a0\u00a0\u00a0\u00a0\u00a0 <\/span><\/span><span lang=\"en-US\">Le Parti de Gauche<\/span><\/span><\/div>\n<div><span style=\"color: black; font-family: Calibri, sans-serif; font-size: small;\"><span style=\"font-family: Symbol;\"><span lang=\"en-US\">\u00b7<\/span><\/span><span style=\"font-size: xx-small;\"><span lang=\"en-US\">\u00a0\u00a0\u00a0\u00a0\u00a0\u00a0\u00a0\u00a0 <\/span><\/span><span lang=\"en-US\">Le Parti Communiste Libanais<\/span><\/span><\/div>\n<\/div>\n","protected":false},"excerpt":{"rendered":"<p>Le vendredi 28 octobre, la mort du citoyen marocain Mohcine Fikri dans des conditions terrifiantes et inqualifiables, a secou\u00e9 et choqu\u00e9 l\u2019opinion nationale et internationale. Et pour cause. Mohcine Fikri, \u00e2g\u00e9 d\u2019une trentaine d\u2019ann\u00e9es et poissonnier de son \u00e9tat, a &hellip; <a href=\"https:\/\/www.atmf.org\/?p=5299\">Continue reading <span class=\"meta-nav\">&rarr;<\/span><\/a><\/p>\n","protected":false},"author":1,"featured_media":0,"comment_status":"closed","ping_status":"closed","sticky":false,"template":"","format":"standard","meta":{"ngg_post_thumbnail":0,"_monsterinsights_skip_tracking":false,"_monsterinsights_sitenote_active":false,"_monsterinsights_sitenote_note":"","_monsterinsights_sitenote_category":0,"footnotes":""},"categories":[79,13,5],"tags":[],"class_list":["post-5299","post","type-post","status-publish","format-standard","hentry","category-maghreb","category-mobilisations","category-solidarite-internationale"],"_links":{"self":[{"href":"https:\/\/www.atmf.org\/index.php?rest_route=\/wp\/v2\/posts\/5299","targetHints":{"allow":["GET"]}}],"collection":[{"href":"https:\/\/www.atmf.org\/index.php?rest_route=\/wp\/v2\/posts"}],"about":[{"href":"https:\/\/www.atmf.org\/index.php?rest_route=\/wp\/v2\/types\/post"}],"author":[{"embeddable":true,"href":"https:\/\/www.atmf.org\/index.php?rest_route=\/wp\/v2\/users\/1"}],"replies":[{"embeddable":true,"href":"https:\/\/www.atmf.org\/index.php?rest_route=%2Fwp%2Fv2%2Fcomments&post=5299"}],"version-history":[{"count":2,"href":"https:\/\/www.atmf.org\/index.php?rest_route=\/wp\/v2\/posts\/5299\/revisions"}],"predecessor-version":[{"id":5303,"href":"https:\/\/www.atmf.org\/index.php?rest_route=\/wp\/v2\/posts\/5299\/revisions\/5303"}],"wp:attachment":[{"href":"https:\/\/www.atmf.org\/index.php?rest_route=%2Fwp%2Fv2%2Fmedia&parent=5299"}],"wp:term":[{"taxonomy":"category","embeddable":true,"href":"https:\/\/www.atmf.org\/index.php?rest_route=%2Fwp%2Fv2%2Fcategories&post=5299"},{"taxonomy":"post_tag","embeddable":true,"href":"https:\/\/www.atmf.org\/index.php?rest_route=%2Fwp%2Fv2%2Ftags&post=5299"}],"curies":[{"name":"wp","href":"https:\/\/api.w.org\/{rel}","templated":true}]}}