{"id":5376,"date":"2016-12-17T15:51:03","date_gmt":"2016-12-17T14:51:03","guid":{"rendered":"http:\/\/www.atmf.org\/?p=5376"},"modified":"2017-01-20T12:28:01","modified_gmt":"2017-01-20T11:28:01","slug":"islamophobie-et-xenophobie-a-lheure-de-la-presidentielle","status":"publish","type":"post","link":"https:\/\/www.atmf.org\/?p=5376","title":{"rendered":"\u00ab Islamophobie et x\u00e9nophobie \u00e0 l\u2019heure de la pr\u00e9sidentielle \u00bb"},"content":{"rendered":"<div class=\"main-container container\">\n<div class=\"row\">\n<div class=\"col-md-10 col-sm-9\">\n<div class=\"row\">\n<div class=\"col-md-12\">\n<div class=\"row\">\n<section class=\"col-sm-12\">\n<div class=\"row\">\n<div class=\"col-md-12\">\n<div class=\"region region-content\">\n<section id=\"block-system-main\" class=\"block block-system clearfix\">\n<div class=\"inner\">\n<div class=\"node node-article view-mode-full \">\n<div class=\"row\">\n<div class=\"col-sm-9 \">\n<div class=\"field field-name-body field-type-text-with-summary field-label-hidden\">\n<div class=\"field-items\">\n<p><img loading=\"lazy\" decoding=\"async\" class=\"aligncenter wp-image-5377\" src=\"http:\/\/www.atmf.org\/wp-content\/uploads\/2017\/01\/Conf\u00e9rence-internationale-18-12-300x114.jpg\" alt=\"conference-internationale-18-12\" width=\"355\" height=\"135\" data-wp-pid=\"5377\" srcset=\"https:\/\/www.atmf.org\/wp-content\/uploads\/2017\/01\/Conf\u00e9rence-internationale-18-12-300x114.jpg 300w, https:\/\/www.atmf.org\/wp-content\/uploads\/2017\/01\/Conf\u00e9rence-internationale-18-12.jpg 632w\" sizes=\"auto, (max-width: 355px) 100vw, 355px\" \/><\/p>\n<div class=\"field-item even\">\n<p>La s\u00e9quence des attentats criminels de Daesh et la mise en place de l&rsquo;\u00e9tat d&rsquo;urgence loin de r\u00e9pondre efficacement aux objectifs affich\u00e9s contre le terrorisme, facilitent la r\u00e9pression des mouvements sociaux, la radicalisation des pratiques et discours islamophobes et une logique de guerre interne et externe aux cons\u00e9quences d\u00e9sastreuses.<\/p>\n<p>Apr\u00e8s un \u00e9t\u00e9 marqu\u00e9 par une offensive contre les musulmans, une pol\u00e9mique sur le burkini, la mort tragique d&rsquo;Adama Traor\u00e9 aux mains de la police, des ratonnades en Corse, la campagne pr\u00e9sidentielle a bel et bien commenc\u00e9. Comme toujours, la surench\u00e8re islamophobe est au rendez-vous chez nombre de politiques relay\u00e9s par les m\u00e9dias : il faudrait expulser les fich\u00e9s S (pr\u00e9sum\u00e9s musulmans\/coupables ?) pour les uns, interdire les symboles religieux dans le secteur priv\u00e9 voire dans la rue pour les autres. Chaque jour compte une nouvelle ignominie. Dans ce contexte, celles et ceux qui combattent le racisme sont stigmatis\u00e9s et calomni\u00e9s. Mais le spectacle pr\u00e9sidentiel ne fait que commencer.<br \/>\nL&rsquo;exigence d&rsquo;une r\u00e9ponse large \u00e0 la situation engendr\u00e9e par le gouvernement socialiste se fait plus imp\u00e9rieuse que jamais, alors que l\u2019on agite le cauchemar d&rsquo;une guerre civile et que se profile la cooptation de l&rsquo;extr\u00eame droite au sein du gouvernement.<br \/>\nC&rsquo;est pourquoi nous sommes nombreux \u00e0 croire \u00e0 l\u2019urgente n\u00e9cessit\u00e9 d\u2019une r\u00e9sistance collective, sous condition de justice et de dignit\u00e9 pour tous et toutes comme nous sommes nombreux \u00e0 refuser les strat\u00e9gies de tension qui opposent Fran\u00e7ais et r\u00e9fugi\u00e9s, Musulmans et non-musulmans, militants et soci\u00e9t\u00e9 civile.<\/p>\n<p>Cette exigence s&rsquo;adresse \u00e0 toutes et \u00e0 tous, \u00e0 l\u2019ensemble du mouvement social : elle est solidaire avec les migrants et r\u00e9fugi\u00e9s parce qu&rsquo;elle est solidaire des populations civiles victimes de discriminations, de r\u00e9gressions sociales ou de r\u00e9pression de leurs mouvements protestataires, solidaire des victimes des attentats ou des bombardements de divers bords, oppos\u00e9e aux attaques liberticides et islamophobes en France et aux logiques de \u00ab\u00a0guerres de civilisation. Elle s&rsquo;inscrit dans la volont\u00e9 d&rsquo;une r\u00e9elle politique \u00e9galitaire.<\/p>\n<p>C&rsquo;est cette politique \u00e9galitaire qui a mis dans la rue des millions de personnes contre la loi travail. Ce mouvement, sans pr\u00e9c\u00e9dent depuis plusieurs ann\u00e9es a, lui aussi, eu \u00e0 subir la force de frappe de l&rsquo;\u00c9tat : perquisitions, assignations \u00e0 r\u00e9sidence, mutilations par les projectiles de la police, arrestations, gardes \u00e0 vue, proc\u00e8s exp\u00e9ditifs. Ainsi, la r\u00e9pression du mouvement social a bel et bien \u00e9t\u00e9 facilit\u00e9e par la s\u00e9quence des attentats et de l&rsquo;\u00e9tat d&rsquo;urgence.<\/p>\n<p>Il est temps de s\u2019unir et de penser l&rsquo;alternative.<\/p>\n<p>Parce que nous refusons les termes de cette campagne pr\u00e9sidentielle, ses faux d\u00e9bats et ses surench\u00e8res, nous vous invitons \u00e0 participer nombreux \u00e0 la 3\u00e8me \u00e9dition de la conf\u00e9rence internationale contre l&rsquo;islamophobie et la x\u00e9nophobie qui se tiendra \u00e0 la <strong>Bourse du travail de St Denis, le 18 d\u00e9cembre 2016 de 9h \u00e0 21h.<\/strong><\/p>\n<p>9h30 : accueil<\/p>\n<p>Mot de bienvenue de la mairie de Saint-Denis<\/p>\n<p>10h : L&rsquo;islamophobie depuis les attentats<\/p>\n<p>Lila Charef (CCIF), M. Gom\u00e8s (victime de l&rsquo;Etat d&rsquo;urgence), St\u00e9phane Lavignotte (Pasteur), Mathieu Lopes (Survie), Alain Gresh (Orient XXI)<\/p>\n<p>11h30 : De la politique de guerre au rejet des migrants<\/p>\n<p>Houssam El Assimi (collectif La chapelle Debout), Genevi\u00e8ve Garrigos (ancienne pr\u00e9sidente d&rsquo;Amnesty International), Jean Courtaudi\u00e8re (pr\u00eatre \u00e0 St Denis et membre du service national des relations avec les Musulmans aupr\u00e8s de la conf\u00e9rence des Ev\u00eaques de France), Christine Delphy (collectif anti-guerre), Karine Parrot (Gisti), Stathis Kouv\u00e9lakis (universitaire)<\/p>\n<p>D\u00e9bat avec la salle<\/p>\n<p>14h30 : L&rsquo;islamophobie au coeur de la campagne pr\u00e9sidentielle<\/p>\n<p>Ismahane Chouder (CFPE, PSM), Said Bouamama (FUIQP), Amina Damerdji (doctorante), Philippe Marli\u00e8re (universitaire)<\/p>\n<p>16h00 : Face \u00e0 la r\u00e9pression de l&rsquo;antiracisme politique et du mouvement social : quelles perspectives ?<\/p>\n<p>Marwan Muhammad (CCIF), Omar Slaouti (membre du collectif Ali Ziri), Sihame Assebague (Contre-attaques et camp d\u00e9colonial), Verveine Ang\u00e9li(syndicaliste Solidaires), Meriem Belhadj (Alcir), Thomas Coutrot (militant altermondialiste), Pierre Tartakowsky (LDH)<\/p>\n<p>D\u00e9bat avec la salle<\/p>\n<p>18h30 : Conclusion : Omar Slaouti, Amal Bentounsi (UNPA)<\/p>\n<p><strong>Organisations signataires :<\/strong><\/p>\n<p>&nbsp;<\/p>\n<p>AFD International &#8211; ATTAC &#8211; ALCIR &#8211; Association Dell\u2019Arte (Toulouse) &#8211; Association des marcheurs de 1983 &#8211; Association Marocaine des Droits Humains section Paris\/IDF (AMDH-Paris\/IDF) &#8211; Association de Lutte Contre l\u2019Islamophobie et les Racismes, Paris 20 \u00e8me (ALCIR) &#8211; <strong>Association des Travailleurs Maghr\u00e9bins (ATMF)<\/strong> &#8211; Association Radio Droit de Cit\u00e9 &#8211; Autre Maroc &#8211; Bruxelles Panth\u00e8res &#8211; CAPJPO-EuroPalestine &#8211; Cedetim &#8211; Centre d\u2019\u00e9tudes postcoloniales de Lyon &#8211; Collectif contre l\u2019islamophobie en France (CCIF) &#8211; Collectif des Enseignant.es pour l\u2019Abrogation de Loi de 2004 (CEAL) &#8211; Collectif des F\u00e9ministes Pour l\u2019\u00c9galit\u00e9 (CFPE) &#8211; Collectif des Musulmans de France (CMF) &#8211; Convergence Citoyenne Ivryenne (CCI) &#8211; Collectif \u201cNi guerres ni \u00e9tat de guerre\u201d &#8211; Coordination Nationale Pas Sans Nous &#8211; Droit \u00e0 la diff\u00e9rence &#8211; Ensemble ! &#8211; Europe solidaire sans fronti\u00e8res (ESSF) &#8211; Femmes plurielles &#8211; Fondation Frantz Fanon &#8211; Fran\u00e7ais &amp; Musulmans &#8211; Front Antiraciste Alsacien &#8211; Front Uni des Immigrations et des Quartiers Populaires (FUIQP) &#8211; Gauche Unitaire europ\u00e9enne &#8211; Identit\u00e9 Plurielle &#8211; International Jewish Antizionist Network (IJAN) &#8211; Le 93 au c\u0153ur de la R\u00e9publique &#8211; Les Indivisibles &#8211; Mouvement du christianisme social &#8211; MRAP de Saint-Denis &#8211; Nouveau Parti Anticapitaliste (NPA) &#8211; Participation et Spiritualit\u00e9 Musulmane (PSM) &#8211; Parti des Indig\u00e8nes de la R\u00e9publique (PIR) &#8211; Politique et Islam &#8211; Reprenons l\u2019Initiative (RI) &#8211; Survie &#8211; Union Juive Fran\u00e7aise pour la Paix (UJFP)<\/p>\n<\/div>\n<\/div>\n<\/div>\n<\/div>\n<div class=\"col-sm-3 \"><\/div>\n<\/div>\n<\/div>\n<\/div>\n<\/section>\n<\/div>\n<\/div>\n<\/div>\n<\/section>\n<\/div>\n<\/div>\n<\/div>\n<\/div>\n<\/div>\n<div class=\"row\"><\/div>\n<\/div>\n<footer class=\"footer container\">\n<div class=\"region region-footer\">\n<section id=\"block-block-11\" class=\"block block-block clearfix\">\n<div class=\"inner\">\n<p>&nbsp;<\/p>\n<\/div>\n<\/section>\n<\/div>\n<\/footer>\n","protected":false},"excerpt":{"rendered":"<p>La s\u00e9quence des attentats criminels de Daesh et la mise en place de l&rsquo;\u00e9tat d&rsquo;urgence loin de r\u00e9pondre efficacement aux objectifs affich\u00e9s contre le terrorisme, facilitent la r\u00e9pression des mouvements sociaux, la radicalisation des pratiques et discours islamophobes et une &hellip; <a href=\"https:\/\/www.atmf.org\/?p=5376\">Continue reading <span class=\"meta-nav\">&rarr;<\/span><\/a><\/p>\n","protected":false},"author":1,"featured_media":0,"comment_status":"closed","ping_status":"closed","sticky":false,"template":"","format":"standard","meta":{"ngg_post_thumbnail":0,"_monsterinsights_skip_tracking":false,"_monsterinsights_sitenote_active":false,"_monsterinsights_sitenote_note":"","_monsterinsights_sitenote_category":0,"footnotes":""},"categories":[13],"tags":[],"class_list":["post-5376","post","type-post","status-publish","format-standard","hentry","category-mobilisations"],"_links":{"self":[{"href":"https:\/\/www.atmf.org\/index.php?rest_route=\/wp\/v2\/posts\/5376","targetHints":{"allow":["GET"]}}],"collection":[{"href":"https:\/\/www.atmf.org\/index.php?rest_route=\/wp\/v2\/posts"}],"about":[{"href":"https:\/\/www.atmf.org\/index.php?rest_route=\/wp\/v2\/types\/post"}],"author":[{"embeddable":true,"href":"https:\/\/www.atmf.org\/index.php?rest_route=\/wp\/v2\/users\/1"}],"replies":[{"embeddable":true,"href":"https:\/\/www.atmf.org\/index.php?rest_route=%2Fwp%2Fv2%2Fcomments&post=5376"}],"version-history":[{"count":3,"href":"https:\/\/www.atmf.org\/index.php?rest_route=\/wp\/v2\/posts\/5376\/revisions"}],"predecessor-version":[{"id":5417,"href":"https:\/\/www.atmf.org\/index.php?rest_route=\/wp\/v2\/posts\/5376\/revisions\/5417"}],"wp:attachment":[{"href":"https:\/\/www.atmf.org\/index.php?rest_route=%2Fwp%2Fv2%2Fmedia&parent=5376"}],"wp:term":[{"taxonomy":"category","embeddable":true,"href":"https:\/\/www.atmf.org\/index.php?rest_route=%2Fwp%2Fv2%2Fcategories&post=5376"},{"taxonomy":"post_tag","embeddable":true,"href":"https:\/\/www.atmf.org\/index.php?rest_route=%2Fwp%2Fv2%2Ftags&post=5376"}],"curies":[{"name":"wp","href":"https:\/\/api.w.org\/{rel}","templated":true}]}}