{"id":5466,"date":"2017-02-14T14:20:34","date_gmt":"2017-02-14T13:20:34","guid":{"rendered":"http:\/\/www.atmf.org\/?p=5466"},"modified":"2017-02-14T14:20:34","modified_gmt":"2017-02-14T13:20:34","slug":"semaine-anticoloniale-et-antiraciste-2017","status":"publish","type":"post","link":"https:\/\/www.atmf.org\/?p=5466","title":{"rendered":"Semaine ANTICOLONIALE et ANTIRACISTE 2017"},"content":{"rendered":"<div class=\"titre\">\n<h4><\/h4>\n<h4><img loading=\"lazy\" decoding=\"async\" class=\"aligncenter size-medium wp-image-5467\" src=\"http:\/\/www.atmf.org\/wp-content\/uploads\/2017\/02\/affiche_semaine_2017_web-200x300.jpg\" alt=\"affiche_semaine_2017_web\" width=\"200\" height=\"300\" data-wp-pid=\"5467\" srcset=\"https:\/\/www.atmf.org\/wp-content\/uploads\/2017\/02\/affiche_semaine_2017_web-200x300.jpg 200w, https:\/\/www.atmf.org\/wp-content\/uploads\/2017\/02\/affiche_semaine_2017_web-768x1152.jpg 768w, https:\/\/www.atmf.org\/wp-content\/uploads\/2017\/02\/affiche_semaine_2017_web-683x1024.jpg 683w, https:\/\/www.atmf.org\/wp-content\/uploads\/2017\/02\/affiche_semaine_2017_web-800x1200.jpg 800w, https:\/\/www.atmf.org\/wp-content\/uploads\/2017\/02\/affiche_semaine_2017_web.jpg 822w\" sizes=\"auto, (max-width: 200px) 100vw, 200px\" \/><\/h4>\n<h4><strong><em><span style=\"text-decoration: underline;\">Programme Paris\/\u00cele de France<\/span><\/em><\/strong><\/h4>\n<\/div>\n<div class=\"description\">\n<div class=\"texte\">\n<p><strong>MARDI 21 FEVRIER 11h<\/strong><\/p>\n<p><strong>Rassemblement Hommage \u00e0 Missak Manouchian et aux FTP MOI\u00a0(Francs Tireurs et Partisans de la Main d\u2019Oeuvre Immigr\u00e9e)<\/strong><\/p>\n<p>RDV devant le 11 rue de Plaisance Paris 14\u00e8<\/p>\n<p>M\u00b0Plaisance<\/p>\n<p><strong>JEUDI 23\u200b\u00a0FEVRIER<\/strong><\/p>\n<p><strong>18h30 <\/strong>INAUGURATION Soir\u00e9e de pr\u00e9sentation de la campagne<\/p>\n<p><strong>\u00a0\u00bb Suspension de l\u2019Accord d\u2019Association UE-Isra\u00ebl \u00ab\u00a0<\/strong><\/p>\n<p>organis\u00e9e par le Collectif National pour une Paix Juste et Durable entre Palestiniens et Isra\u00e9liens et le Collectif \u00ab\u00a0Trop, c\u2019est Trop\u00a0!\u00a0\u00bb<\/p>\n<p>Avec les soutiens de la Plateforme des ONG fran\u00e7aises pour la Palestine<\/p>\n<p>Espace Oscar Niemeyer 2 Place du Colonel Fabien Paris 19\u00e8me<\/p>\n<p>M\u00b0\u00a0Colonel Fabien<\/p>\n<p>La soir\u00e9e se prolongera par un temps convivial.<\/p>\n<p>Inscriptions \u00e0\u00a0:\u00a0international@pcf.fr<\/p>\n<p><strong>19 h 00<\/strong> <strong>L\u2019 Afrique des clich\u00e9s, des st\u00e9r\u00e9otypes et des pr\u00e9jug\u00e9s<\/strong><\/p>\n<p>avec Georges Courade (auteur du livre\u00a0L\u2019Afrique des id\u00e9es re\u00e7ues, 2016, Belin)<\/p>\n<p>La Belle Etoile &#8211; Jolie M\u00f4me, 14, all\u00e9e Saint-Just, La Plaine Saint-Denis<\/p>\n<p>M\u00b0Front Populaire<\/p>\n<p><strong>VENDREDI 24 FEVRIER<\/strong><\/p>\n<p><strong>19h<\/strong> <strong>Fernand Iveton, communiste alg\u00e9rien victime du colonialisme<\/strong><\/p>\n<p>Il y a 60 ans, le 11 f\u00e9vrier 1957, Fernand Iveton, militant communiste ralli\u00e9 au FLN, \u00e9tait guillotin\u00e9 sur l\u2019ordre de l\u2019\u00c9tat fran\u00e7ais. Il avait commis comme \u00ab\u00a0crime\u00a0\u00bb un acte de solidarit\u00e9 avec son peuple, le peuple alg\u00e9rien. La guerre d\u2019Alg\u00e9rie durait alors depuis trois ans. Le peuple alg\u00e9rien paya un lourd tribut \u00e0 la cause de son ind\u00e9pendance, certains europ\u00e9ens d\u2019Alg\u00e9rie, aux premiers rangs desquels les communistes, furent partie prenante de ce combat.<\/p>\n<p>Rencontre en pr\u00e9sence de\u00a0:<\/p>\n<p>Sadek Hadjer\u00e8s, ancien secr\u00e9taire du Parti Communiste Alg\u00e9rien (PCA)<\/p>\n<p>Alain Ruscio, historien<\/p>\n<p>Hassan Zerrouky, journaliste \u00e0 l\u2019Humanit\u00e9<\/p>\n<p>Lecture par Sonia Masson, com\u00e9dienne, de documents d\u2019archive et de lettres de Fernand Iveton.<\/p>\n<p>Espace Niemeyer<\/p>\n<p>2 place du Colonel Fabien 75019 Paris<\/p>\n<p>M\u00b0Colonel Fabien<\/p>\n<p><strong>SAMEDI 25 FEVRIER<\/strong><\/p>\n<p><strong>11h Projection du film d\u2019Emmanuel Audrain <\/strong><strong>Retour en Alg\u00e9rie<\/strong><\/p>\n<p>propos\u00e9 par 4ACG<\/p>\n<p>Rencontre avec\u00a0Tramor Quemeneur, historien<\/p>\n<p>Luminor 20 rue du Temple Paris 4\u00e8<\/p>\n<p>M\u00b0H\u00f4tel de Ville<\/p>\n<p>6 euros<\/p>\n<p><strong>VENDREDI 3 MARS<\/strong><\/p>\n<p><strong>19h30 <\/strong>Vernissage de l\u2019exposition consacr\u00e9e \u00e0 l\u2019Exposition Coloniale<\/p>\n<p>Soir\u00e9e cabaret\u00a0autour de la chanson coloniale anim\u00e9e par Alain Ruscio, historien<\/p>\n<p>ECS 100 rue de Charenton Paris 12\u00e8<\/p>\n<p>M\u00b0Ledru Rollin ou Gare de Lyon<\/p>\n<p><strong>SAMEDI 4 &amp; DIMANCHE 5 Mars SALON ANTICOLONIAL (entr\u00e9e solidaire 2 euros)<\/strong><\/p>\n<p>Programme en ligne dans la rubrique d\u00e9di\u00e9e<\/p>\n<p>RENCONTRES D\u00c9BATS ANIMATIONS ESPACE LIBRAIRIE STANDS DE LA SOLIDARITE INTERNATIONALE<\/p>\n<p>PRIX DU COLONIALISTE DE L\u2019ANNEE, PRIX DU LIVRE ANTICOLONIAL<\/p>\n<p>LA BELLEVILLOISE<\/p>\n<p>21 RUE BOYER PARIS 20\u00e8<\/p>\n<p><strong>M\u00b0M\u00e9nilmontant ou Gambetta<\/strong><\/p>\n<p><strong>SAMEDI 4 MARS<\/strong><\/p>\n<p><strong>11h Projection du film d\u2019Emmanuel Audrain <\/strong><strong>Retour en Alg\u00e9rie<\/strong><\/p>\n<p>propos\u00e9 par 4ACG<\/p>\n<p>Rencontre avec\u00a0Claude Juin, ancien appel\u00e9, sociologue<\/p>\n<p>Luminor 20 rue du Temple Paris 4\u00e8<\/p>\n<p>M\u00b0H\u00f4tel de Ville<\/p>\n<p>6 euros<\/p>\n<p><strong>14h30 <\/strong><strong>Rencontre des Soldats du refus<\/strong><\/p>\n<p>SPF &#8211; 9-11 rue Froissart Paris 3\u00e8 avec Julien Laupr\u00eatre<\/p>\n<p><strong>DIMANCHE 5 MARS<\/strong><\/p>\n<p><strong>Le R\u00e9seau indon\u00e9sie pr\u00e9sente\u00a0:<\/strong><\/p>\n<p><strong>Projections, d\u00e9bats, danses traditionnelles, buffet indon\u00e9sien<\/strong><\/p>\n<p>14\u00a0: 00 \u2013 14\u00a0: 20\u00a0ouverture, explication br\u00e8ve\u00a0des films<\/p>\n<p>14\u00a0: 20 \u2013 15\u00a0: 00\u00a0projection du film \u00ab\u00a0Les femmes et les g\u00e9n\u00e9raux\u00a0\u00bb<\/p>\n<p>15\u00a0: 00 \u2013 15\u00a0: 20\u00a0questions \u2013 r\u00e9ponses<\/p>\n<p>15\u00a0: 20 \u2013 16\u00a0: 00\u00a0projection du film \u00ab\u00a0Les femmes accus\u00e9es\u00a0\u00bb<\/p>\n<p>16\u00a0: 00 \u2013 16\u00a0:\u00a015\u00a0questions \u2013 r\u00e9ponses<\/p>\n<p>16\u00a0: 15 \u2013 16\u00a0:\u00a050\u00a0projection du film \u00ab\u00a0Sorties du silence\u00a0\u00bb<\/p>\n<p>16\u00a0:\u00a050 \u2013 17\u00a0: 10\u00a0d\u00e9bats<\/p>\n<p>17\u00a0: 10 \u2013 17\u00a0: 30\u00a0pause<\/p>\n<p>17\u00a0: 30 \u2013 18\u00a0: 30\u00a0\u00a0danse par Associations de danseuses \u00ab\u00a0Sekarjagat\u00a0\u00bb<\/p>\n<p>18\u00a0: 30 \u2013 18\u00a0: 50\u00a0jaipongan (danse populaire) par Association Srikandhi.<\/p>\n<p>18\u00a0: 50 \u2014 19\u00a0: 00\u00a0Cl\u00f4ture suivi d\u2019un buffet indon\u00e9sien \u00e0 volont\u00e9 (prix 10\u20ac)<\/p>\n<p>Ouverture et cl\u00f4ture par Iba, mod\u00e9ration par Kassia<\/p>\n<p>La Parole Errante\u00a09, rue Fran\u00e7ois Debergue<\/p>\n<p>Montreuil M\u00b0\u00a0Croix Chavaux<\/p>\n<p><strong>MARDI 7 MARS<\/strong><\/p>\n<p><strong>19h Quand les cellules se mettent \u00e0 parler<\/strong><\/p>\n<p>Lecture musicale et th\u00e9\u00e2trale propos\u00e9e par Samia El Ouazzani, accompagn\u00e9e par Kacem Mesbahi<\/p>\n<p>Maroc, ann\u00e9es 70\u2019s ann\u00e9es de plomb<\/p>\n<p>R\u00e9pressions, contr\u00f4les, arrestations de militanteEs. Enfermement.<\/p>\n<p>Il y avait Sa\u00efda Menebhi, morte le 11 D\u00e9cembre 1977 apr\u00e8s 34 jours de gr\u00e8ve, \u00e0 l\u2019\u00e2ge de 25 ans. Il y avait aussi tous les autres militantEs&#8230;<\/p>\n<p>Et il y avait leur po\u00e8mes.<\/p>\n<p>Les mots comme une arme, un outil, un espace d\u2019existence et de r\u00e9sistance\u00a0\u00bb<\/p>\n<p>\u00ab\u00a0Quand les cellules se mettent \u00e0 parler&#8230;\u00a0\u00bb nous porte, nous transporte, nous emporte dans les m\u00e9andres po\u00e9tiques des textes \u00e9crits en prison par les r\u00e9sistantEs marocainEs des ann\u00e9es 70.<\/p>\n<p>Au son du oud, de la clarinette, de la fl\u00fbte, du daff, du bendir&#8230; Kacem Mesbahi accompagne ces po\u00e8mes, ce voyage m\u00e9moriel, qui nous rappelle que l\u2019\u00e9criture est un cri humain.<\/p>\n<p>CICP<\/p>\n<p>21 ter rue Voltaire Paris 11\u00e8<\/p>\n<p>M\u00b0Rue des Boulets<\/p>\n<p>Entr\u00e9e 5 euros<\/p>\n<p><strong>19h <\/strong>Projection-d\u00e9bat\u00a0: <strong>Maurice Audin, La disparition un film de Fran\u00e7ois Demerlac<\/strong> dans le cadre du 60\u00e8me anniversaire de la Bataille d\u2019Alger<\/p>\n<p>Centre Culturel Alg\u00e9rien<\/p>\n<p>171 Rue de la Croix Nivert\u00a0Paris 15\u00e8 M\u00b0Boucicaut<\/p>\n<p><strong>19h <\/strong>R\u00e9union-d\u00e9bat\u00a0:\u00ab\u00a0Le dynamisme d\u00e9mographique africain est-il un risque et pour qui\u00a0? (Surpeuplement, condition des femmes et migrations)<\/p>\n<p>Propos\u00e9 par Les Amis du Monde Diplomatique<\/p>\n<p>Avec Georges Courade\u00a0,auteur du livre\u00a0Les Afriques au d\u00e9fi du XXI\u00e8me si\u00e8cle,2014, Belin<\/p>\n<p>Th\u00e9\u00e2tre de la Jonqui\u00e8re<\/p>\n<p>88 rue de la Jonqui\u00e8re Paris 17\u00e8 M\u00b0Guy M\u00f4quet, Brochant ou Place de Clichy<\/p>\n<p><strong>MERCREDI 8 MARS<\/strong><\/p>\n<p><strong>19h<\/strong> <strong>La solidarit\u00e9 f\u00e9minine \u00e0 l\u2019\u00e9gard des femmes exil\u00e9es<\/strong><\/p>\n<p>Table ronde organis\u00e9e par l\u2019IFAFE et K\u00c2L\u00ce<\/p>\n<p>Cette table ronde commencera par une pr\u00e9sentation des structures invit\u00e9es et de leurs projets s\u2019inscrivant dans le cadre de cette solidarit\u00e9 et se terminera par un moment d\u2019\u00e9change et de discussion avec les personnes du public.<\/p>\n<p>L\u2019IFAFE &#8211; Initiative des Femmes Africaines de France et d\u2019Europe &#8211; a \u00e9t\u00e9 cr\u00e9e en 1993 par 6 femmes d\u2019origine africaine aux profils tr\u00e8s divers. Ayant pu constater qu\u2019elles avaient r\u00e9ussi leur int\u00e9gration en France, elles ont estim\u00e9 qu\u2019elles devaient s\u2019organiser pour aider d\u2019autres femmes africaines et leurs familles.<\/p>\n<p>La F\u00e9d\u00e9ration IFAFE compte \u00e0 ce jour 23 associations membres, dont 15 pr\u00e9sid\u00e9es par des femmes, sur le territoire fran\u00e7ais.<\/p>\n<p>L\u2019IFAFE vous pr\u00e9sentera ce soir-l\u00e0 son dispositif \u00ab\u00a0Ma cousine et moi\u00a0\u00bb avec ses deux partenaires, ENDA Europe et le GREF, qui vise \u00e0 renforcer le vivre-ensemble et la participation citoyenne des femmes en Ile-de-France.<\/p>\n<p>K\u00c2L\u00ce est n\u00e9e de la mise en commun par 7 femmes de leurs \u00e9nergies et de leur volont\u00e9 \u00e0 s\u2019inscrire dans un \u00e9lan de solidarit\u00e9 \u00e0 l\u2019\u00e9gard des femmes \u00e9trang\u00e8res exil\u00e9es subissant, ou ayant subi, une situation de violence et\/ou de vuln\u00e9rabilit\u00e9 en raison de leur sexe.<\/p>\n<p>Forte de son exp\u00e9rience de terrain, elle a su r\u00e9orienter son action durant l\u2019ann\u00e9e \u00e9coul\u00e9e et est actuellement en pleine cr\u00e9ation de 2 projets, qu\u2019elle vous pr\u00e9sentera \u00e9galement, toujours dans l\u2019id\u00e9e de consolider cet \u00e9lan de solidarit\u00e9 \u00e0 l\u2019\u00e9gard des femmes exil\u00e9es.<\/p>\n<p>CICP<\/p>\n<p>21ter rue Voltaire, 75011 Paris<\/p>\n<p>M.\u00a0Rue des Boulets L9 \/ RER. Nation<\/p>\n<p><strong>19h Femmes en r\u00e9sistance\u00a0<\/strong>\u00a0Organis\u00e9 par l\u2019AFASPA<\/p>\n<p>Les femmes djiboutiennes contre l\u2019impunit\u00e9 des viols des militaires Les femmes sahraouies<\/p>\n<p>Salle des expositions<\/p>\n<p>8 rue de la Banque Paris 2\u00e8<\/p>\n<p>M\u00b0\u00a0Bourse<\/p>\n<p><strong>21h Grandes figures militantes et \u00e9volution du statut des femmes dans les\u00a0pays de l\u2019ALBA et de la CELAC<\/strong><\/p>\n<p>soir\u00e9e propos\u00e9e par France Cuba et El Otro Correo et anim\u00e9e par Hernando Calvo Ospina auteur de \u00ab\u00a0Belles, Latines et Rebelles\u00a0\u00bb<\/p>\n<p>Maison de l\u2019Am\u00e9rique Latine \u00a0 217 bd Saint Germain Paris 7\u00e8<\/p>\n<p>M\u00b0Solf\u00e9rino<\/p>\n<p><strong>JEUDI 9 MARS<\/strong><\/p>\n<p><strong>19h Quels syndicalismes dans l\u2019Etat\u00a0colonial\u00a0? Champs d\u2019activit\u00e9, interrelations, contradictions<\/strong><\/p>\n<p>A l\u2019initiative de\u00a0: Union syndicale Solidaires, Sindicatu Di I Travagliadori Corsi (STC), Langile Abertzaleen Batzordea (LAB), USTKE, CNT<\/p>\n<p>Bourse du travail de Paris<\/p>\n<p>3 rue du Ch\u00e2teau d\u2019Eau Paris 10\u00e8<\/p>\n<p>M\u00b0R\u00e9publique<\/p>\n<p><strong>19h\u00a0Bienvenue \u00e0 Madagascar<\/strong> un film de Franssou Prenant<\/p>\n<p><a class=\"spip_url spip_out\" href=\"http:\/\/www.survivance.net\/\" rel=\"nofollow external\">http:\/\/www.survivance.net\/<\/a> document\/29\/69\/Bienvenue<\/p>\n<p>Projection en avant-premi\u00e8re en pr\u00e9sence de la r\u00e9alisatrice<\/p>\n<p>Invit\u00e9 Olivier Lecour Grandmaison<\/p>\n<p>Espace Jean Dame<\/p>\n<p>17 rue L\u00e9opold Bellan Paris 2\u00e8<\/p>\n<p>M\u00b0\u00a0Sentier<\/p>\n<p><strong>19h Racisme, medias et politiques gouvernementales<\/strong><\/p>\n<p>R\u00e9union d\u00e9bat avec Vincent Gay<\/p>\n<p>En partenariat\u00a0: Amis du Monde Diplomatique de Saint-Denis et Sciences Pop de Saint-Denis<\/p>\n<p>La Belle Etoile \u2013 Jolie M\u00f4me<\/p>\n<p>14, all\u00e9e Saint-Just<\/p>\n<p>La Plaine Saint-Denis<\/p>\n<p>M\u00b0Front Populaire<\/p>\n<p><strong>VENDREDI 10 MARS<\/strong><\/p>\n<p><strong>18h30\u00a0Caf\u00e9 politique Sortir l\u2019Afrique de la servitude mon\u00e9taire . A qui profite le franc CFA\u00a0?\u00a0<\/strong> \u00a0 avec Kako Nubukpo , ancien ministre du Togo, en charge de la prospective et de l\u2019\u00e9valuation des\u00a0politiques publiques<\/p>\n<p>organis\u00e9 par Pcf 14e et Les amis du PIT (Parti de l\u2019Ind\u00e9pendance et du Travail du S\u00e9n\u00e9gal)<\/p>\n<p>32 rue Saint-Yves Paris 14e<\/p>\n<p>M\u00b0Al\u00e9sia<\/p>\n<p><strong>19h30 Rencontre avec Omar Benlaala autour de ses ouvrages La Barbe, et L\u2019Effraction<\/strong><\/p>\n<p>Librairie Libre Ere<\/p>\n<p>111 Bd de M\u00e9nilmontant Paris 20\u00e8<\/p>\n<p>M\u00b0M\u00e9nilmontant<\/p>\n<p><strong>19h30 Afrique\u00a0: comment ma\u00eetriser une urbanisation galopante\u00a0: villes ingouvernables et indociles<\/strong><\/p>\n<p>R\u00e9union d\u00e9bat avec Georges Courade<\/p>\n<p>Salle des expositions<\/p>\n<p>8 rue de la Banque 75002\u00a0Paris<\/p>\n<p>M\u00b0Bourse<\/p>\n<p><strong>SAMEDI 11 MARS<\/strong><\/p>\n<p><strong>10h30-18h Colloque\u00a0: Notre Histoire n\u2019est pas un roman<\/strong><\/p>\n<p>organis\u00e9 par R\u00e9seau International Histoire et M\u00e9moires et Sortir du Colonialisme<\/p>\n<p>La Bellevilloise<\/p>\n<p>21 rue Boyer Paris 20\u00e8<\/p>\n<p>M\u00b0M\u00e9nilmontant<\/p>\n<p><strong>14h &#8211; 23h La Nouvelle-Cal\u00e9donie en marche vers Kanaky\u00a0?<\/strong><\/p>\n<p>Point sur la d\u00e9colonisation\u00a0:<\/p>\n<p><img loading=\"lazy\" decoding=\"async\" class=\"puce\" src=\"http:\/\/www.anticolonial.net\/squelettes-dist\/puce.gif\" alt=\"-\" width=\"8\" height=\"11\" \/>\u00a0projection film<\/p>\n<p><img loading=\"lazy\" decoding=\"async\" class=\"puce\" src=\"http:\/\/www.anticolonial.net\/squelettes-dist\/puce.gif\" alt=\"-\" width=\"8\" height=\"11\" \/>\u00a01e table ronde\u00a0: situation politique et sociale en Kanaky (avec des militant-e-s de l\u2019ustke et du Mjkf (mouvement des jeune kanak en France)<\/p>\n<p><img loading=\"lazy\" decoding=\"async\" class=\"puce\" src=\"http:\/\/www.anticolonial.net\/squelettes-dist\/puce.gif\" alt=\"-\" width=\"8\" height=\"11\" \/>\u00a02e table ronde\u00a0: quelle solidarit\u00e9 en France \u00e0 l\u2019aube du referendum de 2018.. (aisdpk, collectif solidarit\u00e9 kanaky, comit\u00e9s soutien corses, basques&#8230;.)<\/p>\n<p><img loading=\"lazy\" decoding=\"async\" class=\"puce\" src=\"http:\/\/www.anticolonial.net\/squelettes-dist\/puce.gif\" alt=\"-\" width=\"8\" height=\"11\" \/>\u00a0Repas<\/p>\n<p><img loading=\"lazy\" decoding=\"async\" class=\"puce\" src=\"http:\/\/www.anticolonial.net\/squelettes-dist\/puce.gif\" alt=\"-\" width=\"8\" height=\"11\" \/>\u00a020h30 Concert du groupe kanak Pacific Family<\/p>\n<p>CICP<\/p>\n<p>21 ter rue Voltaire Paris 11-<\/p>\n<p>M\u00b0Rue des boulets<\/p>\n<p><strong>11h Retour en Alg\u00e9rie un film d\u2019Emmanuel Audrain<\/strong><\/p>\n<p>propos\u00e9 par les 4ACG<\/p>\n<p>Invit\u00e9 Jean-Claude Escaffit, journaliste<\/p>\n<p>Cin\u00e9ma\u00a0Luminor<\/p>\n<p>20 rue du Temple M\u00b0H\u00f4tel de Ville<\/p>\n<p>6 euros<\/p>\n<p><strong>12h-18h<\/strong> <strong>Le R\u00e9seau Indon\u00e9sie pr\u00e9sente\u00a0:<\/strong><\/p>\n<p>Exposition de Irendra Radjawali et Alit Ambarawa sur l\u2019accaparement de terres<\/p>\n<p>12\u00a0: 10 \u2013 12\u00a0: 20 Ouverture par\u00a0Ully<\/p>\n<p>12\u00a0: 30 \u2013 13\u00a0: 30 Projection du film de Raja \u00ab\u00a0Les drones dans la lutte des peuples autochtones<\/p>\n<p>\u00ab\u00a0La lutte des peuples autochtones pour leur terre et environnement\u00a0\u00bb<\/p>\n<p>13\u00a0: 30 \u2013 14\u00a0: 00 discussion\u00a0(mod\u00e9rateur\u00a0: Edo)<\/p>\n<p>14\u00a0: 00 \u2013 14\u00a0: 30 pause-caf\u00e9, d\u00e9jeuner<\/p>\n<p>14\u00a0: 30 \u2013 15\u00a0: 30 Projection du film sur les ouvriers<\/p>\n<p>15\u00a0: 30 \u2014 16\u00a0: 30 intervention de Ratna Saptari (prof de ISS, Institut of Social Studies, La Haye) \u00a0 \u00ab\u00a0La situation ouvri\u00e8re actuelle, notamment des ouvri\u00e8res migrantes\u00a0\u00bb.\u00a0 16\u00a0: 30 \u2013 17\u00a0: 00 Discussion<\/p>\n<p>(Mod\u00e9rateur Kassia\/ Ully)<\/p>\n<p>17 00 \u2013 18\u00a0: 00 danses par l\u2019Association \u00ab\u00a0Sekarjagat\u00a0\u00bb<\/p>\n<p><strong>19h-23h Exp\u00e9rience compar\u00e9es\u00a0des Kurdes et des Zapatistes<\/strong><\/p>\n<p>Invit\u00e9 J\u00e9r\u00f4me Baschet, historien<\/p>\n<p>D\u00e9bat suivi d\u2019un concert avec Cihan et des musiciens kurdes et sahraouis<\/p>\n<p>ECS<\/p>\n<p>100 rue de Charenton Paris 12\u00e8<\/p>\n<p>M\u00b0Ledru Rollin ou Gare de Lyon<\/p>\n<p><strong>10h<\/strong> Projection La bataille d\u2019Alger<\/p>\n<p><strong>14h<\/strong> Projection La terre parle arabe<\/p>\n<p>Collectif Faty Koumba<\/p>\n<p>1-3, rue Fr\u00e9d\u00e9rick Lema\u00eetre Paris 20\u00e8<\/p>\n<p>M\u00b0Jourdain<\/p>\n<p><strong>LUNDI 13 MARS<\/strong><\/p>\n<p><strong>19h\u00a0Soir\u00e9e politico-artistique autour de Ha\u00efti<\/strong><\/p>\n<p>Propos\u00e9e par Kreyolofoni<\/p>\n<p>Salle des Expositions<\/p>\n<p>8 rue de la Banque Paris 2\u00e8<\/p>\n<p>M\u00b0Bourse<\/p>\n<p><strong>19h L\u2019Esp\u00e8ce Humaine<\/strong><\/p>\n<p>Mise en sc\u00e8ne d\u2019extraits de \u00ab\u00a0L\u2019esp\u00e8ce humaine\u00a0\u00bb , livre \u00e9ponyme de Robert Antelme par la Compagnie Monsieur Madame<\/p>\n<p>Mise en sc\u00e8ne et dramaturgie Maylis Isabelle Bouffartigue &#8211; Co-dramaturgie Olivier Le Cour Grandmaison &#8211; Interpr\u00e9tation Diog\u00e8ne Ntarindwa (Atome)<\/p>\n<p>ECS<\/p>\n<p>100 rue de Charenton Paris 12\u00e8<\/p>\n<p>M\u00b0Ledru Rollin ou Gare de Lyon<\/p>\n<p><strong>MARDI 14 MARS<\/strong><\/p>\n<p><strong>19h\u00a0Hommage \u00e0 Jos\u00e9 Marti,\u00a0philosophe, penseur, journaliste et\u00a0po\u00e8te cubain<\/strong><\/p>\n<p>Conf\u00e9rence anim\u00e9e par Paul Estrade professeur \u00e9m\u00e9rite \u00e0 Paris 8<\/p>\n<p>Pr\u00e9sent\u00e9e par El Otro Correo<\/p>\n<p>Salle des expositions<\/p>\n<p>8 rue de la Banque Paris 2\u00e8<\/p>\n<p>M\u00b0Bourse<\/p>\n<p><strong>20h Dis leur que j\u2019existe, une histoire sahraouie\u00a0<\/strong><\/p>\n<p>Film de Manu Mosset sur le militant des droits de l\u2019Homme Sahraoui Na\u00e2ma Asfari<\/p>\n<p>Les mardis de l\u2019AFASPA<\/p>\n<p>Cin\u00e9ma La Clef<\/p>\n<p>34 rue Daubenton Paris 5e<\/p>\n<p>M\u00b0Censier-Daubenton<\/p>\n<p>5 euros<\/p>\n<p><strong>19h L\u2019Esp\u00e8ce Humaine<\/strong><\/p>\n<p>Mise en sc\u00e8ne d\u2019extraits de \u00ab\u00a0L\u2019esp\u00e8ce humaine\u00a0\u00bb , livre \u00e9ponyme de Robert Antelme par la Compagnie Monsieur Madame<\/p>\n<p>Mise en sc\u00e8ne et dramaturgie Maylis Isabelle Bouffartigue &#8211; Co-dramaturgie Olivier Le Cour Grandmaison &#8211; Interpr\u00e9tation Diog\u00e8ne Ntarindwa (Atome)<\/p>\n<p>ECS 100 rue de Charenton Paris 12\u00e8<\/p>\n<p>M\u00b0Ledru-Rollin ou Gare de Lyon<\/p>\n<p><strong>MERCREDI 15 MARS<\/strong><\/p>\n<p><strong>19h L\u2019Esp\u00e8ce Humaine<\/strong> Mise en sc\u00e8ne d\u2019extraits de \u00ab\u00a0L\u2019esp\u00e8ce humaine\u00a0\u00bb , livre \u00e9ponyme de Robert Antelme par la Compagnie Monsieur Madame<\/p>\n<p>Mise en sc\u00e8ne et dramaturgie Maylis Isabelle Bouffartigue &#8211; Co-dramaturgie Olivier Le Cour Grandmaison &#8211; Interpr\u00e9tation Diog\u00e8ne Ntarindwa (Atome)<\/p>\n<p>ECS 100 rue de Charenton Paris 12\u00e8<\/p>\n<p>M\u00b0Ledru Rollin ou Gare de Lyon<\/p>\n<p><strong>19h Soir\u00e9e organis\u00e9e par la Campagne de solidarit\u00e9 avec la Palestine BDS <\/strong>(Boycott d\u00e9sinvestissement Sanctions)<\/p>\n<p>CICP<\/p>\n<p>21 ter rue Voltaire Paris 11\u00e8<\/p>\n<p>M\u00b0Rue des Boulets<\/p>\n<p><strong>19h Quel avenir pour une Afrique divis\u00e9e et d\u00e9pendante, jeune et convoit\u00e9e\u00a0?<\/strong><\/p>\n<p>avec Georges Courade, auteur du livre\u00a0Les Afriques au d\u00e9fi du XXI\u00e8me si\u00e8cle, 2014, Belin)<\/p>\n<p>Le Lieu-dit 6 rue du Sorbier Paris\u00a020\u00e8 M\u00b0M\u00e9nilmontant<\/p>\n<p>Sortie nationale de <strong>Bienvenue \u00e0 Madagascar<\/strong>, film de Franssou Prenant \u00a0 S\u00e9ance \u00e0 13h50 et 20h du 15 au 21 mars Rencontres autour du film<\/p>\n<p>Reflet M\u00e9dicis 3 rue Champollion Paris 5\u00e8me M\u00b0Cluny-La Sorbonne \u00a0 Tarif 9.30 \u20ac et r\u00e9duit 6.90 \u20ac<\/p>\n<p><strong>JEUDI 16 MARS<\/strong><\/p>\n<p><strong>19h30\u00a0\u00ab\u00a0Peuples autochtones &#8211;\u00a0WATER IS LIFE\u00a0! AGUA ES VIDA\u00a0! &#8211; On ne peut pas coloniser l\u2019eau qui coule\u00a0! &#8211; De la Guyane dite \u00ab\u00a0fran\u00e7aise\u00a0\u00bb aux terres sioux lakota de Standing Rock\u00a0!\u00a0\u00bb<\/strong><\/p>\n<p>organis\u00e9 par le CSIA-Nitassinan<\/p>\n<p>CICP<\/p>\n<p>21 ter rue Voltaire Paris 11\u00e8<\/p>\n<p>M\u00b0Rue des Boulets<\/p>\n<p><strong>19h Alg\u00e9rie du Possible film de Viviane Candas<\/strong><\/p>\n<p>Projection en pr\u00e9sence de la r\u00e9alisatrice<\/p>\n<p>Espace Jean Dame<\/p>\n<p>17 rue L\u00e9opold Bellan Paris 2\u00e8<\/p>\n<p>M\u00b0Sentier<\/p>\n<p><strong>19h Les survivances coloniales entre la France et l\u2019Alg\u00e9rie. La solidarit\u00e9 syndicale comme arme de lutte<\/strong><\/p>\n<p>Avec St\u00e9phane Enjalran (Solidaires) Fren\u00e7ois G\u00e8ze, et un-e membre de la CGATA (conf\u00e9d\u00e9ration g\u00e9n\u00e9rale autonome des travailleurs alg\u00e9riens )<\/p>\n<p>Bourse du travail Salle H\u00e9naff 85 rue Charlot Paris 3\u00e8 M\u00b0\u00a0R\u00e9publique ou Filles du Calvaire<\/p>\n<p><strong>19h30 Pr\u00e9sentation du livre d\u2019Amel Chaouati Les Alg\u00e9riennes du Ch\u00e2teau d\u2019Amboise, en pr\u00e9sence de l\u2019auteure<\/strong><\/p>\n<p>Librairie Envie de Lire<\/p>\n<p>16 Rue Gabriel P\u00e9ri Ivry-sur-Seine M\u00b0Mairie d\u2019Ivry<\/p>\n<p><strong>VENDREDI 17 MARS<\/strong><\/p>\n<p><strong>19h Le Gang ses Antillais, film de Jean-Claude Barny<\/strong><\/p>\n<p>Projection en pr\u00e9sence du r\u00e9alisateur et de l\u2019historien Amzat Boukari Yabara<\/p>\n<p>Cin\u00e9 104<\/p>\n<p>104 avenue Jean Lolive<\/p>\n<p>M\u00b0Hoche ou Eglise de Pantin<\/p>\n<p>6 euros<\/p>\n<p><strong>19h Le r\u00f4le du Maroc dans les r\u00e9seaux Fran\u00e7afrique<\/strong><\/p>\n<p>propos\u00e9 par l\u2019AMDH<\/p>\n<p>Salle des\u00a0expositions<\/p>\n<p>8 rue de la Banque Paris 2\u00e8<\/p>\n<p>M\u00b0Bourse<\/p>\n<p><strong>Du 17 mars au 22 avril La Compagnie Jolie M\u00f4me joue L\u2019Exception et la r\u00e8gle de Bertold Brecht<\/strong><\/p>\n<p>Vendredi, samedi \u00e0 20h30, dimanche \u00e0 16h<\/p>\n<p>La Belle Etoile<\/p>\n<p>14 rue Saint-Just, La Plaine, Saint-Denis &#8211; M\u00b0\u00a0Front Populaire<\/p>\n<p>Renseignements et r\u00e9servations 01 49 98 39 20 <a class=\"spip_url spip_out\" href=\"http:\/\/www.cie-joliemome.org\/\" rel=\"nofollow external\">www.cie-joliemome.org<\/a><\/p>\n<p>Les repr\u00e9sentations des dimanches seront accompagn\u00e9es de rencontres<\/p>\n<p><strong>20h Mon Alg\u00e9rie film sur Raymond Hannon<\/strong><\/p>\n<p>Cin\u00e9ma l\u2019Etoile<\/p>\n<p>1 all\u00e9e du Progr\u00e8s La Courneuve<\/p>\n<p><strong>SAMEDI 18 MARS<\/strong><\/p>\n<p><strong>11h Retour en Alg\u00e9rie Film d\u2019Emmanuel Audrain<\/strong><\/p>\n<p>propos\u00e9 par les 4ACG<\/p>\n<p>Invit\u00e9 Gilles Manceron, historien et journaliste<\/p>\n<p>Cin\u00e9ma\u00a0Luminor<\/p>\n<p>20 rue du Temple M\u00b0H\u00f4tel de Ville 6 euros<\/p>\n<p><strong>14h Initiative du R\u00e9seau indon\u00e9sie<\/strong><\/p>\n<p>14\u00a0: 00 &#8211; 14:30 Ouverture<\/p>\n<p>14\u00a0: 30 &#8211; 15\u00a0: 15 Projection du film \u00ab\u00a0Shadow play\u00a0\u00bb (Th\u00e9\u00e2tre de marionettes\u00a0\u00bb<\/p>\n<p>15\u00a0: 15 \u2013 16\u00a0: 30 intervention de Saskia Wieringa sur le r\u00f4le de la propagande pour \u00e9tablir et faire perdurer le r\u00e9gime militaire Suharto, et son impact sur la situation actuelle en Indon\u00e9sie.<\/p>\n<p>(Le titre\u00a0: \u00ab\u00a0Le mal imaginaire continue sa communiste-phobique propagande\u00a0\u00bb)<\/p>\n<p>17\u00a000\u00a0&#8211; 17:30 Discussions<\/p>\n<p>(Mod\u00e9rateur\u00a0: Iba \/Pierre)<\/p>\n<p>17\u00a0: 30 &#8211; 18\u00a0: 30 danses par Kadek (\u00a0?), musique et danse dangdut<\/p>\n<p>Section du PCF 10 rue Victor Hugo Montreuil<\/p>\n<p>M\u00b0Croix de Chavaux ou Mairie de Montreuil<\/p>\n<p><strong>DIMANCHE 19 MARS<\/strong><\/p>\n<p><strong>Marche pour la justice et la dignit\u00e9<\/strong>, \u00e0 l\u2019appel des\u00a0familles des victimes de crimes policiers<\/p>\n<p><strong>RDV 14h Place de la Nation<\/strong><\/p>\n<p><strong>19h Po\u00e9tiques de la r\u00e9sistance<\/strong><\/p>\n<p>Maison de la Po\u00e9sie<\/p>\n<p>157 rue Saint Martin Paris 3\u00e8<\/p>\n<p>M\u00b0Rambuteau<\/p>\n<p>5 euros<\/p>\n<p><strong>LUNDI 20 MARS<\/strong><\/p>\n<p><strong>18h30\u00a0Vernissage de l\u2019exposition propos\u00e9e par les 4 ACG, \u00ab\u00a0Un appel\u00e9 en Alg\u00e9rie se souvient\u00a0\u00bb (jusqu\u2019au 30 mars)<\/strong><\/p>\n<p>Salle des\u00a0expositions<\/p>\n<p>8 rue de la Banque Paris 2\u00e8<\/p>\n<p>M\u00b0Bourse<\/p>\n<p><strong>MARDI 21 MARS<\/strong><\/p>\n<p>Du 21 mars au 11 avril <strong>Les 11 mois et 20 jours de la R\u00e9publique de Mahabad\u00a0<\/strong> \u00a0 Comment en 1946, les Kurdes d\u2019Iran se sont affranchis pendant 11 mois et 20 jours du pouvoir central iranien.<\/p>\n<p>Exposition de documents d\u2019archives par Esmaell Mameli<\/p>\n<p>Projection du film documentaire \u00ab\u00a011 mois et 20 jours de bonheur et de joie\u00a0\u00bb \u00c9crit par Esmaell Mameli<\/p>\n<p>Commune d\u2019Aligre 3 rue d\u2019Aligre Paris 12\u00e8me<\/p>\n<p><strong>SAMEDI 25 MARS<\/strong><\/p>\n<p><strong>11h Retour en Alg\u00e9rie<\/strong> D\u2019Emmanuel Audrain<\/p>\n<p>Invit\u00e9e\u00a0: Florence Beaug\u00e9, journaliste<\/p>\n<p>Luminor<\/p>\n<p>20 rue du Temple Paris 4\u00e8<\/p>\n<p>M\u00b0H\u00f4tel de Ville<\/p>\n<p>6 euros.<\/p>\n<p><strong>DIMANCHE 26 MARS<\/strong><\/p>\n<p><strong>10h <\/strong>Projection Ben Barka<\/p>\n<p><strong>14h <\/strong>Projection Les 18 fugitives<\/p>\n<p>Collectif Faty Koumba<\/p>\n<p>1-3, rue Fr\u00e9d\u00e9rick Lema\u00eetre Paris 20\u00e8 M\u00b0Jourdain<\/p>\n<p><strong>MERCREDI 29 MARS<\/strong><\/p>\n<p><strong>1947-2017\u00a0: L\u2019insurrection malgache\u00a0: Histoire universitaire- M\u00e9moires Populaires<\/strong><\/p>\n<p>organis\u00e9e par M\u00e9moires de Madagascar<\/p>\n<p>INALCO (amphi 7)<\/p>\n<p>65 Rue des Grands Moulins\u00a0Paris 13\u00e8<\/p>\n<p>M\u00b0Biblioth\u00e8que Fran\u00e7ois Mitterrand<\/p>\n<p><strong>JEUDI 30 MARS<\/strong><\/p>\n<p><strong>18h30 Mon Alg\u00e9rie Film sur Raymond Hannon<\/strong><\/p>\n<p>Hotel de Ville de Paris<\/p>\n<p>4 rue Lobeau Paris 75004<\/p>\n<\/div>\n<\/div>\n","protected":false},"excerpt":{"rendered":"<p>Programme Paris\/\u00cele de France MARDI 21 FEVRIER 11h Rassemblement Hommage \u00e0 Missak Manouchian et aux FTP MOI\u00a0(Francs Tireurs et Partisans de la Main d\u2019Oeuvre Immigr\u00e9e) RDV devant le 11 rue de Plaisance Paris 14\u00e8 M\u00b0Plaisance JEUDI 23\u200b\u00a0FEVRIER 18h30 INAUGURATION Soir\u00e9e &hellip; <a href=\"https:\/\/www.atmf.org\/?p=5466\">Continue reading <span class=\"meta-nav\">&rarr;<\/span><\/a><\/p>\n","protected":false},"author":1,"featured_media":0,"comment_status":"closed","ping_status":"closed","sticky":false,"template":"","format":"standard","meta":{"ngg_post_thumbnail":0,"_monsterinsights_skip_tracking":false,"_monsterinsights_sitenote_active":false,"_monsterinsights_sitenote_note":"","_monsterinsights_sitenote_category":0,"footnotes":""},"categories":[84,108,13],"tags":[],"class_list":["post-5466","post","type-post","status-publish","format-standard","hentry","category-activites-membres","category-lutte-contre-le-racisme","category-mobilisations"],"_links":{"self":[{"href":"https:\/\/www.atmf.org\/index.php?rest_route=\/wp\/v2\/posts\/5466","targetHints":{"allow":["GET"]}}],"collection":[{"href":"https:\/\/www.atmf.org\/index.php?rest_route=\/wp\/v2\/posts"}],"about":[{"href":"https:\/\/www.atmf.org\/index.php?rest_route=\/wp\/v2\/types\/post"}],"author":[{"embeddable":true,"href":"https:\/\/www.atmf.org\/index.php?rest_route=\/wp\/v2\/users\/1"}],"replies":[{"embeddable":true,"href":"https:\/\/www.atmf.org\/index.php?rest_route=%2Fwp%2Fv2%2Fcomments&post=5466"}],"version-history":[{"count":1,"href":"https:\/\/www.atmf.org\/index.php?rest_route=\/wp\/v2\/posts\/5466\/revisions"}],"predecessor-version":[{"id":5468,"href":"https:\/\/www.atmf.org\/index.php?rest_route=\/wp\/v2\/posts\/5466\/revisions\/5468"}],"wp:attachment":[{"href":"https:\/\/www.atmf.org\/index.php?rest_route=%2Fwp%2Fv2%2Fmedia&parent=5466"}],"wp:term":[{"taxonomy":"category","embeddable":true,"href":"https:\/\/www.atmf.org\/index.php?rest_route=%2Fwp%2Fv2%2Fcategories&post=5466"},{"taxonomy":"post_tag","embeddable":true,"href":"https:\/\/www.atmf.org\/index.php?rest_route=%2Fwp%2Fv2%2Ftags&post=5466"}],"curies":[{"name":"wp","href":"https:\/\/api.w.org\/{rel}","templated":true}]}}