{"id":5870,"date":"2017-05-01T16:04:10","date_gmt":"2017-05-01T14:04:10","guid":{"rendered":"http:\/\/www.atmf.org\/?p=5870"},"modified":"2017-06-16T16:24:54","modified_gmt":"2017-06-16T14:24:54","slug":"1er-mai-2017-rassemblement-a-la-memoire-de-brahim-bouarram-et-de-toutes-les-victimes-de-crimes-racistes","status":"publish","type":"post","link":"https:\/\/www.atmf.org\/?p=5870","title":{"rendered":"1ER Mai 2017 : Rassemblement \u00e0 la m\u00e9moire de Brahim Bouarram et de toutes les victimes de crimes racistes."},"content":{"rendered":"<blockquote>\n<blockquote>\n<div dir=\"ltr\">\n<div class=\"x_yiv0246855930gmail_default\">\n<div><\/div>\n<blockquote>\n<div id=\"x_yiv6775252261yui_3_16_0_ym19_1_1494144093012_17327\"><b id=\"x_yiv6775252261yui_3_16_0_ym19_1_1494144093012_17328\"><i id=\"x_yiv6775252261yui_3_16_0_ym19_1_1494144093012_17329\"><u id=\"x_yiv6775252261yui_3_16_0_ym19_1_1494144093012_17330\"><span id=\"x_yiv6775252261yui_3_16_0_ym19_1_1494144093012_17331\">1<sup id=\"x_yiv6775252261yui_3_16_0_ym19_1_1494144093012_17332\">ER<\/sup> Mai 2017\u00a0: Rassemblement \u00e0 la m\u00e9moire de Brahim Bouarram et de toutes les victimes de crimes racistes.<\/span><\/u><\/i><\/b><\/div>\n<div id=\"x_yiv6775252261yui_3_16_0_ym19_1_1494144093012_17334\"><span id=\"x_yiv6775252261yui_3_16_0_ym19_1_1494144093012_17335\">\u00a0<\/span><\/div>\n<div id=\"x_yiv6775252261yui_3_16_0_ym19_1_1494144093012_17337\"><u id=\"x_yiv6775252261yui_3_16_0_ym19_1_1494144093012_17338\"><span id=\"x_yiv6775252261yui_3_16_0_ym19_1_1494144093012_17339\">On diabolise l\u2019immigr\u00e9, l\u2019arabe, le noir, le rrom, le r\u00e9fugi\u00e9, les quartiers populaires. On d\u00e9diabolise le FN.<\/span><\/u><\/div>\n<div id=\"x_yiv6775252261yui_3_16_0_ym19_1_1494144093012_17341\"><span id=\"x_yiv6775252261yui_3_16_0_ym19_1_1494144093012_17342\">\u00a0<\/span><\/div>\n<div id=\"x_yiv6775252261yui_3_16_0_ym19_1_1494144093012_17344\"><span id=\"x_yiv6775252261yui_3_16_0_ym19_1_1494144093012_17345\">Aujourd\u2019hui, comme les ann\u00e9es pass\u00e9es, nous sommes rassembl\u00e9s ici pour dire notre condamnation du racisme qui a tu\u00e9 Brahim BOUARRAM\u00a0 le 1<sup id=\"x_yiv6775252261yui_3_16_0_ym19_1_1494144093012_17346\">er<\/sup> mai 1995 ici, ce racisme qui avait tu\u00e9 Ali IBRAHIM \u00e0 Marseille, ce racisme qui a tu\u00e9 avant,\u00a0 comme en octobre\u00a0 1961, et qui n\u2019a jamais cess\u00e9 de tuer.<\/span><\/div>\n<div id=\"x_yiv6775252261yui_3_16_0_ym19_1_1494144093012_17348\"><span id=\"x_yiv6775252261yui_3_16_0_ym19_1_1494144093012_17349\">Ce racisme, maladie de notre soci\u00e9t\u00e9 n\u2019a cess\u00e9 de se nourrir, de se d\u00e9velopper.<\/span><\/div>\n<div id=\"x_yiv6775252261yui_3_16_0_ym19_1_1494144093012_17351\"><span id=\"x_yiv6775252261yui_3_16_0_ym19_1_1494144093012_17352\">Maladie\u00a0 qui a lep\u00e9nis\u00e9 les esprits et les politiques depuis les ann\u00e9es 80.<\/span><\/div>\n<div id=\"x_yiv6775252261yui_3_16_0_ym19_1_1494144093012_17354\"><span id=\"x_yiv6775252261yui_3_16_0_ym19_1_1494144093012_17355\">Aujourd\u2019hui, qu\u2019est ce qui s\u2019est pass\u00e9 pour qu\u2019on se trouve avec un FN encore pour la 2eme fois qualifi\u00e9 pour le second tour de ces \u00e9lections pr\u00e9sidentielles\u00a0?<\/span><\/div>\n<div id=\"x_yiv6775252261yui_3_16_0_ym19_1_1494144093012_17357\"><span id=\"x_yiv6775252261yui_3_16_0_ym19_1_1494144093012_17358\">Comment en 1981, Lepen n\u2019arrivait pas \u00e0 se pr\u00e9senter aux \u00e9lections pr\u00e9sidentielles faute de parrainages et aujourd\u2019hui il est \u00e0 la porte du pouvoir pour diriger la r\u00e9publique fran\u00e7aise\u00a0?<\/span><\/div>\n<div id=\"x_yiv6775252261yui_3_16_0_ym19_1_1494144093012_17360\"><span id=\"x_yiv6775252261yui_3_16_0_ym19_1_1494144093012_17361\">Oui, 36ans apr\u00e8s, la lep\u00e9nisation des esprits a fait du chemin avec la complicit\u00e9 de diff\u00e9rents dirigeants politiques qui n\u2019ont cess\u00e9 de loucher vers l\u2019id\u00e9ologie essentialiste et raciste, en sus de leurs politiques antisociales et pro patronales.<\/span><\/div>\n<div id=\"x_yiv6775252261yui_3_16_0_ym19_1_1494144093012_17363\"><span id=\"x_yiv6775252261yui_3_16_0_ym19_1_1494144093012_17364\">Ainsi en 1983, jean pierre stirbois avec son slogan \u00ab\u00a0halte \u00e0 l\u2019immigration\u00a0\u00bb devient maire adjoint\u00a0 de la ville de Dreux suite \u00e0 une alliance avec le\u00a0 RPR.\u00a0 A noter que dans les gr\u00e8ves de l\u2019automobile en 1982\/1983, des anti gr\u00e9vistes \u00e0 la solde des patrons ont cri\u00e9 \u00ab\u00a0 les arabes dans le four, les noirs dans la seine\u00a0\u00bb, on a entendu aussi Gaston Deferre, ministre de l\u2019int\u00e9rieur sous Fran\u00e7ois Mitterrand, qualifier ces gr\u00e8ves de\u00a0:\u00a0\u00ab\u00a0gr\u00e8ves saintes, d\u2019int\u00e9gristes, de musulmans, de chiites\u00a0\u00bb.<\/span><\/div>\n<div id=\"x_yiv6775252261yui_3_16_0_ym19_1_1494144093012_17366\"><span id=\"x_yiv6775252261yui_3_16_0_ym19_1_1494144093012_17367\">En 1986, 35 d\u00e9put\u00e9s FN entrent \u00e0 l\u2019assembl\u00e9e nationale, et voil\u00e0 la parole raciste encore plus banalis\u00e9e et l\u00e9gitim\u00e9e au sein des institutions de la r\u00e9publique.<\/span><\/div>\n<div id=\"x_yiv6775252261yui_3_16_0_ym19_1_1494144093012_17369\"><span id=\"x_yiv6775252261yui_3_16_0_ym19_1_1494144093012_17370\">En 1995, ann\u00e9e de l\u2019assassinat de Brahim Bouarram, le FN gagne les villes d\u2019orange, Marignane, Vitrolles apr\u00e8s Dreux.<\/span><\/div>\n<div id=\"x_yiv6775252261yui_3_16_0_ym19_1_1494144093012_17372\"><span id=\"x_yiv6775252261yui_3_16_0_ym19_1_1494144093012_17373\">La banalisation de la parole raciste continue de faire partie de tous ces moyens qui sont bons pour calomnier les musulmans et capter l\u2019\u00e9lectorat du FN, c\u2019\u00e9tait notamment avec\u00a0 Nicolas Sarkozy et son parti\u00a0 sur l\u2019identit\u00e9 nationale et tous les d\u00e9bats qui ont suivi et qui ont particip\u00e9 \u00e0 cette lep\u00e9nisation des esprits.<\/span><\/div>\n<div id=\"x_yiv6775252261yui_3_16_0_ym19_1_1494144093012_17375\"><span id=\"x_yiv6775252261yui_3_16_0_ym19_1_1494144093012_17376\">\u00a0Cette lep\u00e9nisation a continu\u00e9 avec Valls qui \u00e9voque la question de la civilisation, et ose affirmer que la France m\u00e8ne une guerre de civilisation.<\/span><\/div>\n<div id=\"x_yiv6775252261yui_3_16_0_ym19_1_1494144093012_17378\"><span id=\"x_yiv6775252261yui_3_16_0_ym19_1_1494144093012_17379\">Et on continue d\u2019assister\u00a0 de plus en plus \u00e0 des discours d\u2019hommes politiques qui conduisent \u00e0 ce que la population musulmane devient un ennemi de l\u2019int\u00e9rieur, notamment apr\u00e8s les attaques de Charlie hebdo, de l\u2019hyper casher et du bataclan. Et on assiste ainsi, petit \u00e0 petit, \u00e0 la construction d\u2019une autre mani\u00e8re de stigmatisation et de banalisation de la parole raciste dans l\u2019\u00e9vocation du probl\u00e8me musulman \u00e0 la place du probl\u00e8me de l\u2019immigration.<\/span><\/div>\n<div id=\"x_yiv6775252261yui_3_16_0_ym19_1_1494144093012_17381\"><span id=\"x_yiv6775252261yui_3_16_0_ym19_1_1494144093012_17382\">En 2014, le FN et ses id\u00e9es racistes est \u00e0 la t\u00eate de 14 villes fran\u00e7aises dont H\u00e9nin Beaumont, et en 2015, voil\u00e0 le FN qui est \u00e0 plus de 27 pour cent dans les r\u00e9gionales soit 6 millions de voix alors qu\u2019on \u00e9tait \u00e0 3,5 millions de voix en 2004.<\/span><\/div>\n<div id=\"x_yiv6775252261yui_3_16_0_ym19_1_1494144093012_17384\"><span id=\"x_yiv6775252261yui_3_16_0_ym19_1_1494144093012_17385\">Dans cette mont\u00e9e des id\u00e9es fascistes, la d\u00e9diabolisation a jou\u00e9 tout son r\u00f4le, et l\u00e0-dessus on doit et on a le devoir\u00a0 de relever aussi la complicit\u00e9 de certains m\u00e9dias, car lorsque jean marie lepen n\u2019apparaissait dans les m\u00e9dias que 200 fois par an, Marine lepen c\u2019est 1000 fois par an, et nous ne parlons pas des statistiques de ces premiers mois de 2017. C\u2019est dire \u00e0 quel point la d\u00e9diabolisation est en marche et \u00e0 quoi elle nous conduit aujourd\u2019hui.<\/span><\/div>\n<div id=\"x_yiv6775252261yui_3_16_0_ym19_1_1494144093012_17387\"><span id=\"x_yiv6775252261yui_3_16_0_ym19_1_1494144093012_17388\">C\u2019est dire aussi, et surtout rappeler que quand on a tenu des discours associant les juifs \u00e0 la finance mondiale au d\u00e9but du 20\u00e9me si\u00e8cle, on a vu la suite. C\u2019est dire donc, que continuer \u00e0 tenir des discours associant les arabes, les noirs et les rroms \u00e0 la paresse,\u00a0 au vol et \u00e0 la fraude aux allocations, continuer \u00e0 associer les musulmans \u00e0 la violence et au terrorisme, nous ne pouvons qu\u2019assister \u00e0 voir \u00e0 la porte du pouvoir un parti fasciste et x\u00e9nophobe, comme c\u2019est le cas aujourd\u2019hui.<\/span><\/div>\n<div id=\"x_yiv6775252261yui_3_16_0_ym19_1_1494144093012_17390\"><span id=\"x_yiv6775252261yui_3_16_0_ym19_1_1494144093012_17391\">Cher e ami e s, cher e s camarades, mesdames, messieurs, le racisme qui a tu\u00e9 Brahim Bouarram un 1<sup id=\"x_yiv6775252261yui_3_16_0_ym19_1_1494144093012_17392\">er<\/sup> mai 1995 a bien progress\u00e9. Cette maladie des esprits gangr\u00e8ne nos rapports sociaux et notre regard sur la soci\u00e9t\u00e9.<\/span><\/div>\n<div id=\"x_yiv6775252261yui_3_16_0_ym19_1_1494144093012_17394\"><span id=\"x_yiv6775252261yui_3_16_0_ym19_1_1494144093012_17395\">La r\u00e9ussite de la marche du 19 mars 2017 contre le racisme et les violences polici\u00e8res fait partie de ces combats pour contrer et faire face au racisme pour le faire reculer.<\/span><\/div>\n<div id=\"x_yiv6775252261yui_3_16_0_ym19_1_1494144093012_17397\"><span id=\"x_yiv6775252261yui_3_16_0_ym19_1_1494144093012_17398\">Aujourd\u2019hui, nous disons, nous crions halte aux discours racistes et leur banalisation<\/span><\/div>\n<div id=\"x_yiv6775252261yui_3_16_0_ym19_1_1494144093012_17400\"><span id=\"x_yiv6775252261yui_3_16_0_ym19_1_1494144093012_17401\">Aujourd\u2019hui, nous disons halte au racisme, \u00e0 la x\u00e9nophobie, \u00e0 l\u2019islamophobie, \u00e0 l\u2019antis\u00e9mitisme.<\/span><\/div>\n<div id=\"x_yiv6775252261yui_3_16_0_ym19_1_1494144093012_17403\"><span id=\"x_yiv6775252261yui_3_16_0_ym19_1_1494144093012_17404\">Halte aux discriminations des jeunes dans les quartiers populaires.<\/span><\/div>\n<div id=\"x_yiv6775252261yui_3_16_0_ym19_1_1494144093012_17406\"><span id=\"x_yiv6775252261yui_3_16_0_ym19_1_1494144093012_17407\">Halte aux discriminations qui ont pour victimes les\u00a0 vieux migrants dans les foyers.<\/span><\/div>\n<div id=\"x_yiv6775252261yui_3_16_0_ym19_1_1494144093012_17409\"><span id=\"x_yiv6775252261yui_3_16_0_ym19_1_1494144093012_17410\">Halte \u00e0 la politique de fermeture des fronti\u00e8res, et ses milliers de morts en m\u00e9diterran\u00e9e<\/span><\/div>\n<div id=\"x_yiv6775252261yui_3_16_0_ym19_1_1494144093012_17412\"><span id=\"x_yiv6775252261yui_3_16_0_ym19_1_1494144093012_17413\">Halte \u00e0 la r\u00e9pression et \u00e0 l\u2019exploitation des sans papiers.<\/span><\/div>\n<div id=\"x_yiv6775252261yui_3_16_0_ym19_1_1494144093012_17415\"><span id=\"x_yiv6775252261yui_3_16_0_ym19_1_1494144093012_17416\">\u00a0<\/span><\/div>\n<div id=\"x_yiv6775252261yui_3_16_0_ym19_1_1494144093012_17418\"><span id=\"x_yiv6775252261yui_3_16_0_ym19_1_1494144093012_17419\">En ce jour de d\u2019hommage et de lutte contre le racisme, nous saluons d\u2019ici Paris, le combat de 1500 prisonniers politiques palestiniens qui sont en gr\u00e8ve de la faim depuis le 17 avril pour l\u2019am\u00e9lioration de leurs conditions de d\u00e9tention, et \u00e0\u00a0 travers eux nous saluons la lutte du peuple palestinien.<\/span><\/div>\n<div id=\"x_yiv6775252261yui_3_16_0_ym19_1_1494144093012_17421\"><span id=\"x_yiv6775252261yui_3_16_0_ym19_1_1494144093012_17422\">\u00a0<\/span><\/div>\n<div id=\"x_yiv6775252261yui_3_16_0_ym19_1_1494144093012_17424\"><span id=\"x_yiv6775252261yui_3_16_0_ym19_1_1494144093012_17425\">Cher e s ami e s et camarades, nous avons eu raison, tous,\u00a0 de continuer et de maintenir cette comm\u00e9moration depuis 22 ans. Il faut donc\u00a0 continuer de lutter et rester\u00a0 vigilants pour ne plus voir\u00a0\u00a0 le FN et son id\u00e9ologie raciste dans les seconds tours.<\/span><\/div>\n<div id=\"x_yiv6775252261yui_3_16_0_ym19_1_1494144093012_17427\"><span id=\"x_yiv6775252261yui_3_16_0_ym19_1_1494144093012_17428\">\u00a0<\/span><\/div>\n<div id=\"x_yiv6775252261yui_3_16_0_ym19_1_1494144093012_17439\"><span id=\"x_yiv6775252261yui_3_16_0_ym19_1_1494144093012_17440\">L\u2019ATMF.<\/span><\/div>\n<div id=\"x_yiv6775252261yui_3_16_0_ym19_1_1494144093012_17445\" dir=\"ltr\"><span id=\"x_yiv6775252261yui_3_16_0_ym19_1_1494144093012_17446\">Paris,\u00a0 le 1<sup id=\"x_yiv6775252261yui_3_16_0_ym19_1_1494144093012_17447\">er<\/sup> Mai 2017.<\/span><\/div>\n<div id=\"x_yiv6775252261yui_3_16_0_ym19_1_1494144093012_15810\">\u00a0<img loading=\"lazy\" decoding=\"async\" class=\"aligncenter size-medium wp-image-5750\" src=\"http:\/\/www.atmf.org\/wp-content\/uploads\/2017\/04\/C-udhhiXkAAhCtc-300x239.jpg\" alt=\"C-udhhiXkAAhCtc\" width=\"300\" height=\"239\" data-wp-pid=\"5750\" srcset=\"https:\/\/www.atmf.org\/wp-content\/uploads\/2017\/04\/C-udhhiXkAAhCtc-300x239.jpg 300w, https:\/\/www.atmf.org\/wp-content\/uploads\/2017\/04\/C-udhhiXkAAhCtc-768x611.jpg 768w, https:\/\/www.atmf.org\/wp-content\/uploads\/2017\/04\/C-udhhiXkAAhCtc-1024x815.jpg 1024w, https:\/\/www.atmf.org\/wp-content\/uploads\/2017\/04\/C-udhhiXkAAhCtc-800x637.jpg 800w, https:\/\/www.atmf.org\/wp-content\/uploads\/2017\/04\/C-udhhiXkAAhCtc.jpg 1200w\" sizes=\"auto, (max-width: 300px) 100vw, 300px\" \/> <img loading=\"lazy\" decoding=\"async\" class=\"aligncenter size-medium wp-image-5749\" src=\"http:\/\/www.atmf.org\/wp-content\/uploads\/2017\/04\/hommage-tres-politique-a-brahim-bouarram-1493671705-300x200.jpg\" alt=\"hommage-tres-politique-a-brahim-bouarram-1493671705\" width=\"300\" height=\"200\" data-wp-pid=\"5749\" srcset=\"https:\/\/www.atmf.org\/wp-content\/uploads\/2017\/04\/hommage-tres-politique-a-brahim-bouarram-1493671705-300x200.jpg 300w, https:\/\/www.atmf.org\/wp-content\/uploads\/2017\/04\/hommage-tres-politique-a-brahim-bouarram-1493671705-768x513.jpg 768w, https:\/\/www.atmf.org\/wp-content\/uploads\/2017\/04\/hommage-tres-politique-a-brahim-bouarram-1493671705.jpg 840w\" sizes=\"auto, (max-width: 300px) 100vw, 300px\" \/> <img loading=\"lazy\" decoding=\"async\" class=\"aligncenter size-medium wp-image-5748\" src=\"http:\/\/www.atmf.org\/wp-content\/uploads\/2017\/04\/fleurs_brahim_bouarram-3029857-300x169.jpg\" alt=\"fleurs_brahim_bouarram-3029857\" width=\"300\" height=\"169\" data-wp-pid=\"5748\" srcset=\"https:\/\/www.atmf.org\/wp-content\/uploads\/2017\/04\/fleurs_brahim_bouarram-3029857-300x169.jpg 300w, https:\/\/www.atmf.org\/wp-content\/uploads\/2017\/04\/fleurs_brahim_bouarram-3029857-768x432.jpg 768w, https:\/\/www.atmf.org\/wp-content\/uploads\/2017\/04\/fleurs_brahim_bouarram-3029857.jpg 1024w\" sizes=\"auto, (max-width: 300px) 100vw, 300px\" \/> <img loading=\"lazy\" decoding=\"async\" class=\"aligncenter size-medium wp-image-5754\" src=\"http:\/\/www.atmf.org\/wp-content\/uploads\/2017\/04\/Capture-2-300x175.jpg\" alt=\"Capture\" width=\"300\" height=\"175\" data-wp-pid=\"5754\" srcset=\"https:\/\/www.atmf.org\/wp-content\/uploads\/2017\/04\/Capture-2-300x175.jpg 300w, https:\/\/www.atmf.org\/wp-content\/uploads\/2017\/04\/Capture-2-768x448.jpg 768w, https:\/\/www.atmf.org\/wp-content\/uploads\/2017\/04\/Capture-2.jpg 997w\" sizes=\"auto, (max-width: 300px) 100vw, 300px\" \/><\/div>\n<\/blockquote>\n<\/div>\n<\/div>\n<\/blockquote>\n<\/blockquote>\n","protected":false},"excerpt":{"rendered":"<p>1ER Mai 2017\u00a0: Rassemblement \u00e0 la m\u00e9moire de Brahim Bouarram et de toutes les victimes de crimes racistes. \u00a0 On diabolise l\u2019immigr\u00e9, l\u2019arabe, le noir, le rrom, le r\u00e9fugi\u00e9, les quartiers populaires. On d\u00e9diabolise le FN. \u00a0 Aujourd\u2019hui, comme les &hellip; <a href=\"https:\/\/www.atmf.org\/?p=5870\">Continue reading <span class=\"meta-nav\">&rarr;<\/span><\/a><\/p>\n","protected":false},"author":1,"featured_media":0,"comment_status":"closed","ping_status":"closed","sticky":false,"template":"","format":"standard","meta":{"ngg_post_thumbnail":0,"_monsterinsights_skip_tracking":false,"_monsterinsights_sitenote_active":false,"_monsterinsights_sitenote_note":"","_monsterinsights_sitenote_category":0,"footnotes":""},"categories":[84,108],"tags":[],"class_list":["post-5870","post","type-post","status-publish","format-standard","hentry","category-activites-membres","category-lutte-contre-le-racisme"],"_links":{"self":[{"href":"https:\/\/www.atmf.org\/index.php?rest_route=\/wp\/v2\/posts\/5870","targetHints":{"allow":["GET"]}}],"collection":[{"href":"https:\/\/www.atmf.org\/index.php?rest_route=\/wp\/v2\/posts"}],"about":[{"href":"https:\/\/www.atmf.org\/index.php?rest_route=\/wp\/v2\/types\/post"}],"author":[{"embeddable":true,"href":"https:\/\/www.atmf.org\/index.php?rest_route=\/wp\/v2\/users\/1"}],"replies":[{"embeddable":true,"href":"https:\/\/www.atmf.org\/index.php?rest_route=%2Fwp%2Fv2%2Fcomments&post=5870"}],"version-history":[{"count":1,"href":"https:\/\/www.atmf.org\/index.php?rest_route=\/wp\/v2\/posts\/5870\/revisions"}],"predecessor-version":[{"id":5871,"href":"https:\/\/www.atmf.org\/index.php?rest_route=\/wp\/v2\/posts\/5870\/revisions\/5871"}],"wp:attachment":[{"href":"https:\/\/www.atmf.org\/index.php?rest_route=%2Fwp%2Fv2%2Fmedia&parent=5870"}],"wp:term":[{"taxonomy":"category","embeddable":true,"href":"https:\/\/www.atmf.org\/index.php?rest_route=%2Fwp%2Fv2%2Fcategories&post=5870"},{"taxonomy":"post_tag","embeddable":true,"href":"https:\/\/www.atmf.org\/index.php?rest_route=%2Fwp%2Fv2%2Ftags&post=5870"}],"curies":[{"name":"wp","href":"https:\/\/api.w.org\/{rel}","templated":true}]}}